{"id":4518,"date":"2026-04-21T16:41:06","date_gmt":"2026-04-21T14:41:06","guid":{"rendered":"https:\/\/clartan.com\/ch-fr\/?p=4518"},"modified":"2026-04-29T09:23:21","modified_gmt":"2026-04-29T07:23:21","slug":"retour-dexperience-daurore-sadoun-sur-sa-premiere-annee-chez-clartan-associes","status":"publish","type":"post","link":"https:\/\/clartan.com\/ch-fr\/actualites\/interview-actualites\/retour-dexperience-daurore-sadoun-sur-sa-premiere-annee-chez-clartan-associes\/","title":{"rendered":"Retour d\u2019exp\u00e9rience d&rsquo;Aurore Sadoun sur sa premi\u00e8re ann\u00e9e chez Clartan Associ\u00e9s"},"content":{"rendered":"\n<p class=\"has-lg-font-size\">Un bilan riche en projets ainsi qu&rsquo;en r\u00e9sultats, interview d&rsquo;Aurore Sadoun, Directrice du d\u00e9veloppement chez <a href=\"https:\/\/www.linkedin.com\/company\/clartan-associes\/?viewAsMember=true\">Clartan Associ\u00e9s<\/a>, accord\u00e9e \u00e0 <a href=\"https:\/\/www.linkedin.com\/company\/quantalys\/\">Quantalys<\/a>.<\/p>\n\n\n\n<p class=\"has-lg-font-size\">Elle revient sur les temps forts de ses douze premiers mois, met en lumi\u00e8re les atouts qui font la singularit\u00e9 de la maison de gestion et partage les ambitions qui guideront Clartan Associ\u00e9s dans les ann\u00e9es \u00e0 venir.<\/p>\n\n\n\n<p class=\"has-primary-color has-text-color has-link-color has-medium-font-size wp-elements-391be30bbf0d2ec18c43e8f2ee2f3b34\"><strong>Au programme :<\/strong><\/p>\n\n\n\n<ul class=\"wp-block-list\">\n<li>Bilan de ses 12 premiers mois<\/li>\n\n\n\n<li>Les piliers qui font la singularit\u00e9 de Clartan Associ\u00e9s<\/li>\n\n\n\n<li>Une vision \u00e0 long terme \u00e0 l\u2019occasion des 40 ans de la maison de gestion<\/li>\n<\/ul>\n\n\n\n<p><\/p>\n\n\n\n<figure class=\"wp-block-image size-large\"><img loading=\"lazy\" decoding=\"async\" width=\"1036\" height=\"563\" src=\"https:\/\/clartan.com\/ch-fr\/wp-content\/uploads\/sites\/3\/2026\/04\/Vignette-interview-ASA-2-1036x563.png\" alt=\"\" class=\"wp-image-4524\" srcset=\"https:\/\/clartan.com\/ch-fr\/wp-content\/uploads\/sites\/3\/2026\/04\/Vignette-interview-ASA-2-1036x563.png 1036w, https:\/\/clartan.com\/ch-fr\/wp-content\/uploads\/sites\/3\/2026\/04\/Vignette-interview-ASA-2-300x163.png 300w, https:\/\/clartan.com\/ch-fr\/wp-content\/uploads\/sites\/3\/2026\/04\/Vignette-interview-ASA-2-768x418.png 768w, https:\/\/clartan.com\/ch-fr\/wp-content\/uploads\/sites\/3\/2026\/04\/Vignette-interview-ASA-2.png 1438w\" sizes=\"(max-width: 1036px) 100vw, 1036px\" \/><\/figure>\n\n\n\n<p><strong>Disclaimer<\/strong><\/p>\n\n\n\n<p><em>La r\u00e9f\u00e9rence \u00e0 certaines valeurs boursi\u00e8res est donn\u00e9e \u00e0 titre d\u2019illustration. Elle n\u2019a pas pour objectif de promouvoir l\u2019investissement en direct dans ces titres et ne constitue pas une recommandation d\u2019investissement ou un conseil en investissement.<\/em><\/p>\n\n\n\n<p><em>Les performances pass\u00e9es ne pr\u00e9jugent pas des performances futures.<\/em><\/p>\n\n\n\n<p><em>Cette communication est \u00e0 caract\u00e8re publicitaire. L\u2019investissement dans des organismes de placement collectifs en valeurs mobili\u00e8res (OPCVM) comporte des risques. Il convient, avant toute souscription, de consulter le DIC ainsi que le prospectus disponibles sur&nbsp;<a href=\"https:\/\/clartan.com\/\">clartan.com<\/a>.<\/em><\/p>\n\n\n\n<p><\/p>\n","protected":false},"excerpt":{"rendered":"<p>Un bilan riche en projets ainsi qu&rsquo;en r\u00e9sultats, interview d&rsquo;Aurore Sadoun, Directrice du d\u00e9veloppement chez Clartan Associ\u00e9s, accord\u00e9e \u00e0 Quantalys.<\/p>\n<p>Elle revient sur les temps forts de ses douze premiers mois, met en lumi\u00e8re les atouts qui font la singularit\u00e9 de la maison de gestion et partage les ambitions qui guideront Clartan Associ\u00e9s dans les ann\u00e9es \u00e0 venir.<\/p>\n","protected":false},"author":18,"featured_media":4523,"comment_status":"closed","ping_status":"closed","sticky":true,"template":"","format":"standard","meta":{"_acf_changed":false,"inline_featured_image":false,"footnotes":""},"categories":[5,49],"tags":[],"class_list":["post-4518","post","type-post","status-publish","format-standard","has-post-thumbnail","hentry","category-actualites","category-interview-actualites"],"acf":[],"yoast_head":"<!-- This site is optimized with the Yoast SEO Premium plugin v26.2 (Yoast SEO v27.4) - https:\/\/yoast.com\/product\/yoast-seo-premium-wordpress\/ -->\n<title>Retour d\u2019exp\u00e9rience d&#039;Aurore Sadoun sur sa premi\u00e8re ann\u00e9e chez Clartan Associ\u00e9s - Clartan Associ\u00e9s<\/title>\n<meta name=\"robots\" content=\"index, follow, max-snippet:-1, max-image-preview:large, max-video-preview:-1\" \/>\n<link rel=\"canonical\" href=\"https:\/\/clartan.com\/ch-fr\/actualites\/interview-actualites\/retour-dexperience-daurore-sadoun-sur-sa-premiere-annee-chez-clartan-associes\/\" \/>\n<meta property=\"og:locale\" content=\"fr_FR\" \/>\n<meta property=\"og:type\" content=\"article\" \/>\n<meta property=\"og:title\" content=\"Retour d\u2019exp\u00e9rience d&#039;Aurore Sadoun sur sa premi\u00e8re ann\u00e9e chez Clartan Associ\u00e9s\" \/>\n<meta property=\"og:description\" content=\"Un bilan riche en projets ainsi qu&#039;en r\u00e9sultats, interview d&#039;Aurore Sadoun, Directrice du d\u00e9veloppement chez Clartan Associ\u00e9s, accord\u00e9e \u00e0 Quantalys. Elle revient sur les temps forts de ses douze premiers mois, met en lumi\u00e8re les atouts qui font la singularit\u00e9 de la maison de gestion et partage les ambitions qui guideront Clartan Associ\u00e9s dans les ann\u00e9es \u00e0 venir.\" \/>\n<meta property=\"og:url\" content=\"https:\/\/clartan.com\/ch-fr\/actualites\/interview-actualites\/retour-dexperience-daurore-sadoun-sur-sa-premiere-annee-chez-clartan-associes\/\" \/>\n<meta property=\"og:site_name\" content=\"Clartan Associ\u00e9s CH-FR\" \/>\n<meta property=\"article:published_time\" content=\"2026-04-21T14:41:06+00:00\" \/>\n<meta property=\"article:modified_time\" content=\"2026-04-29T07:23:21+00:00\" \/>\n<meta property=\"og:image\" content=\"https:\/\/clartan.com\/ch-fr\/wp-content\/uploads\/sites\/3\/2026\/04\/Vignette-interview-ASA-1.png\" \/>\n\t<meta property=\"og:image:width\" content=\"1438\" \/>\n\t<meta property=\"og:image:height\" content=\"782\" \/>\n\t<meta property=\"og:image:type\" content=\"image\/png\" \/>\n<meta name=\"author\" content=\"luciegendron\" \/>\n<meta name=\"twitter:card\" content=\"summary_large_image\" \/>\n<script type=\"application\/ld+json\" class=\"yoast-schema-graph\">{\"@context\":\"https:\\\/\\\/schema.org\",\"@graph\":[{\"@type\":\"Article\",\"@id\":\"https:\\\/\\\/clartan.com\\\/ch-fr\\\/actualites\\\/interview-actualites\\\/retour-dexperience-daurore-sadoun-sur-sa-premiere-annee-chez-clartan-associes\\\/#article\",\"isPartOf\":{\"@id\":\"https:\\\/\\\/clartan.com\\\/ch-fr\\\/actualites\\\/interview-actualites\\\/retour-dexperience-daurore-sadoun-sur-sa-premiere-annee-chez-clartan-associes\\\/\"},\"author\":{\"name\":\"luciegendron\",\"@id\":\"https:\\\/\\\/clartan.com\\\/ch-fr\\\/#\\\/schema\\\/person\\\/7cabf86adb059cf046c18e0c9ed2a7af\"},\"headline\":\"Retour d\u2019exp\u00e9rience d&rsquo;Aurore Sadoun sur sa premi\u00e8re ann\u00e9e chez Clartan Associ\u00e9s\",\"datePublished\":\"2026-04-21T14:41:06+00:00\",\"dateModified\":\"2026-04-29T07:23:21+00:00\",\"mainEntityOfPage\":{\"@id\":\"https:\\\/\\\/clartan.com\\\/ch-fr\\\/actualites\\\/interview-actualites\\\/retour-dexperience-daurore-sadoun-sur-sa-premiere-annee-chez-clartan-associes\\\/\"},\"wordCount\":206,\"publisher\":{\"@id\":\"https:\\\/\\\/clartan.com\\\/ch-fr\\\/#organization\"},\"image\":{\"@id\":\"https:\\\/\\\/clartan.com\\\/ch-fr\\\/actualites\\\/interview-actualites\\\/retour-dexperience-daurore-sadoun-sur-sa-premiere-annee-chez-clartan-associes\\\/#primaryimage\"},\"thumbnailUrl\":\"https:\\\/\\\/clartan.com\\\/ch-fr\\\/wp-content\\\/uploads\\\/sites\\\/3\\\/2026\\\/04\\\/Vignette-interview-ASA-1.png\",\"articleSection\":[\"Actualit\u00e9s\",\"INTERVIEW\"],\"inLanguage\":\"fr-FR\"},{\"@type\":\"WebPage\",\"@id\":\"https:\\\/\\\/clartan.com\\\/ch-fr\\\/actualites\\\/interview-actualites\\\/retour-dexperience-daurore-sadoun-sur-sa-premiere-annee-chez-clartan-associes\\\/\",\"url\":\"https:\\\/\\\/clartan.com\\\/ch-fr\\\/actualites\\\/interview-actualites\\\/retour-dexperience-daurore-sadoun-sur-sa-premiere-annee-chez-clartan-associes\\\/\",\"name\":\"Retour d\u2019exp\u00e9rience d'Aurore Sadoun sur sa premi\u00e8re ann\u00e9e chez Clartan Associ\u00e9s - Clartan Associ\u00e9s\",\"isPartOf\":{\"@id\":\"https:\\\/\\\/clartan.com\\\/ch-fr\\\/#website\"},\"primaryImageOfPage\":{\"@id\":\"https:\\\/\\\/clartan.com\\\/ch-fr\\\/actualites\\\/interview-actualites\\\/retour-dexperience-daurore-sadoun-sur-sa-premiere-annee-chez-clartan-associes\\\/#primaryimage\"},\"image\":{\"@id\":\"https:\\\/\\\/clartan.com\\\/ch-fr\\\/actualites\\\/interview-actualites\\\/retour-dexperience-daurore-sadoun-sur-sa-premiere-annee-chez-clartan-associes\\\/#primaryimage\"},\"thumbnailUrl\":\"https:\\\/\\\/clartan.com\\\/ch-fr\\\/wp-content\\\/uploads\\\/sites\\\/3\\\/2026\\\/04\\\/Vignette-interview-ASA-1.png\",\"datePublished\":\"2026-04-21T14:41:06+00:00\",\"dateModified\":\"2026-04-29T07:23:21+00:00\",\"breadcrumb\":{\"@id\":\"https:\\\/\\\/clartan.com\\\/ch-fr\\\/actualites\\\/interview-actualites\\\/retour-dexperience-daurore-sadoun-sur-sa-premiere-annee-chez-clartan-associes\\\/#breadcrumb\"},\"inLanguage\":\"fr-FR\",\"potentialAction\":[{\"@type\":\"ReadAction\",\"target\":[\"https:\\\/\\\/clartan.com\\\/ch-fr\\\/actualites\\\/interview-actualites\\\/retour-dexperience-daurore-sadoun-sur-sa-premiere-annee-chez-clartan-associes\\\/\"]}]},{\"@type\":\"ImageObject\",\"inLanguage\":\"fr-FR\",\"@id\":\"https:\\\/\\\/clartan.com\\\/ch-fr\\\/actualites\\\/interview-actualites\\\/retour-dexperience-daurore-sadoun-sur-sa-premiere-annee-chez-clartan-associes\\\/#primaryimage\",\"url\":\"https:\\\/\\\/clartan.com\\\/ch-fr\\\/wp-content\\\/uploads\\\/sites\\\/3\\\/2026\\\/04\\\/Vignette-interview-ASA-1.png\",\"contentUrl\":\"https:\\\/\\\/clartan.com\\\/ch-fr\\\/wp-content\\\/uploads\\\/sites\\\/3\\\/2026\\\/04\\\/Vignette-interview-ASA-1.png\",\"width\":1438,\"height\":782},{\"@type\":\"BreadcrumbList\",\"@id\":\"https:\\\/\\\/clartan.com\\\/ch-fr\\\/actualites\\\/interview-actualites\\\/retour-dexperience-daurore-sadoun-sur-sa-premiere-annee-chez-clartan-associes\\\/#breadcrumb\",\"itemListElement\":[{\"@type\":\"ListItem\",\"position\":1,\"name\":\"Accueil\",\"item\":\"https:\\\/\\\/clartan.com\\\/ch-fr\\\/\"},{\"@type\":\"ListItem\",\"position\":2,\"name\":\"Retour d\u2019exp\u00e9rience d&rsquo;Aurore Sadoun sur sa premi\u00e8re ann\u00e9e chez Clartan Associ\u00e9s\"}]},{\"@type\":\"WebSite\",\"@id\":\"https:\\\/\\\/clartan.com\\\/ch-fr\\\/#website\",\"url\":\"https:\\\/\\\/clartan.com\\\/ch-fr\\\/\",\"name\":\"Clartan Associ\u00e9s CH-FR\",\"description\":\"Quality &amp; Value\",\"publisher\":{\"@id\":\"https:\\\/\\\/clartan.com\\\/ch-fr\\\/#organization\"},\"potentialAction\":[{\"@type\":\"SearchAction\",\"target\":{\"@type\":\"EntryPoint\",\"urlTemplate\":\"https:\\\/\\\/clartan.com\\\/ch-fr\\\/?s={search_term_string}\"},\"query-input\":{\"@type\":\"PropertyValueSpecification\",\"valueRequired\":true,\"valueName\":\"search_term_string\"}}],\"inLanguage\":\"fr-FR\"},{\"@type\":\"Organization\",\"@id\":\"https:\\\/\\\/clartan.com\\\/ch-fr\\\/#organization\",\"name\":\"Clartan Associ\u00e9s\",\"url\":\"https:\\\/\\\/clartan.com\\\/ch-fr\\\/\",\"logo\":{\"@type\":\"ImageObject\",\"inLanguage\":\"fr-FR\",\"@id\":\"https:\\\/\\\/clartan.com\\\/ch-fr\\\/#\\\/schema\\\/logo\\\/image\\\/\",\"url\":\"https:\\\/\\\/clartan.com\\\/ch-fr\\\/wp-content\\\/uploads\\\/sites\\\/3\\\/2026\\\/01\\\/cropped-cropped-Favicon-2.png\",\"contentUrl\":\"https:\\\/\\\/clartan.com\\\/ch-fr\\\/wp-content\\\/uploads\\\/sites\\\/3\\\/2026\\\/01\\\/cropped-cropped-Favicon-2.png\",\"width\":512,\"height\":512,\"caption\":\"Clartan Associ\u00e9s\"},\"image\":{\"@id\":\"https:\\\/\\\/clartan.com\\\/ch-fr\\\/#\\\/schema\\\/logo\\\/image\\\/\"}},{\"@type\":\"Person\",\"@id\":\"https:\\\/\\\/clartan.com\\\/ch-fr\\\/#\\\/schema\\\/person\\\/7cabf86adb059cf046c18e0c9ed2a7af\",\"name\":\"luciegendron\",\"image\":{\"@type\":\"ImageObject\",\"inLanguage\":\"fr-FR\",\"@id\":\"https:\\\/\\\/secure.gravatar.com\\\/avatar\\\/6a8f3839c41c8354d11043115bd46801046ad072eda17a62b43c08f6c4211184?s=96&d=mm&r=g\",\"url\":\"https:\\\/\\\/secure.gravatar.com\\\/avatar\\\/6a8f3839c41c8354d11043115bd46801046ad072eda17a62b43c08f6c4211184?s=96&d=mm&r=g\",\"contentUrl\":\"https:\\\/\\\/secure.gravatar.com\\\/avatar\\\/6a8f3839c41c8354d11043115bd46801046ad072eda17a62b43c08f6c4211184?s=96&d=mm&r=g\",\"caption\":\"luciegendron\"}}]}<\/script>\n<!-- \/ Yoast SEO Premium plugin. -->","yoast_head_json":{"title":"Retour d\u2019exp\u00e9rience d'Aurore Sadoun sur sa premi\u00e8re ann\u00e9e chez Clartan Associ\u00e9s - Clartan Associ\u00e9s","robots":{"index":"index","follow":"follow","max-snippet":"max-snippet:-1","max-image-preview":"max-image-preview:large","max-video-preview":"max-video-preview:-1"},"canonical":"https:\/\/clartan.com\/ch-fr\/actualites\/interview-actualites\/retour-dexperience-daurore-sadoun-sur-sa-premiere-annee-chez-clartan-associes\/","og_locale":"fr_FR","og_type":"article","og_title":"Retour d\u2019exp\u00e9rience d'Aurore Sadoun sur sa premi\u00e8re ann\u00e9e chez Clartan Associ\u00e9s","og_description":"Un bilan riche en projets ainsi qu'en r\u00e9sultats, interview d'Aurore Sadoun, Directrice du d\u00e9veloppement chez Clartan Associ\u00e9s, accord\u00e9e \u00e0 Quantalys. Elle revient sur les temps forts de ses douze premiers mois, met en lumi\u00e8re les atouts qui font la singularit\u00e9 de la maison de gestion et partage les ambitions qui guideront Clartan Associ\u00e9s dans les ann\u00e9es \u00e0 venir.","og_url":"https:\/\/clartan.com\/ch-fr\/actualites\/interview-actualites\/retour-dexperience-daurore-sadoun-sur-sa-premiere-annee-chez-clartan-associes\/","og_site_name":"Clartan Associ\u00e9s CH-FR","article_published_time":"2026-04-21T14:41:06+00:00","article_modified_time":"2026-04-29T07:23:21+00:00","og_image":[{"width":1438,"height":782,"url":"https:\/\/clartan.com\/ch-fr\/wp-content\/uploads\/sites\/3\/2026\/04\/Vignette-interview-ASA-1.png","type":"image\/png"}],"author":"luciegendron","twitter_card":"summary_large_image","schema":{"@context":"https:\/\/schema.org","@graph":[{"@type":"Article","@id":"https:\/\/clartan.com\/ch-fr\/actualites\/interview-actualites\/retour-dexperience-daurore-sadoun-sur-sa-premiere-annee-chez-clartan-associes\/#article","isPartOf":{"@id":"https:\/\/clartan.com\/ch-fr\/actualites\/interview-actualites\/retour-dexperience-daurore-sadoun-sur-sa-premiere-annee-chez-clartan-associes\/"},"author":{"name":"luciegendron","@id":"https:\/\/clartan.com\/ch-fr\/#\/schema\/person\/7cabf86adb059cf046c18e0c9ed2a7af"},"headline":"Retour d\u2019exp\u00e9rience d&rsquo;Aurore Sadoun sur sa premi\u00e8re ann\u00e9e chez Clartan Associ\u00e9s","datePublished":"2026-04-21T14:41:06+00:00","dateModified":"2026-04-29T07:23:21+00:00","mainEntityOfPage":{"@id":"https:\/\/clartan.com\/ch-fr\/actualites\/interview-actualites\/retour-dexperience-daurore-sadoun-sur-sa-premiere-annee-chez-clartan-associes\/"},"wordCount":206,"publisher":{"@id":"https:\/\/clartan.com\/ch-fr\/#organization"},"image":{"@id":"https:\/\/clartan.com\/ch-fr\/actualites\/interview-actualites\/retour-dexperience-daurore-sadoun-sur-sa-premiere-annee-chez-clartan-associes\/#primaryimage"},"thumbnailUrl":"https:\/\/clartan.com\/ch-fr\/wp-content\/uploads\/sites\/3\/2026\/04\/Vignette-interview-ASA-1.png","articleSection":["Actualit\u00e9s","INTERVIEW"],"inLanguage":"fr-FR"},{"@type":"WebPage","@id":"https:\/\/clartan.com\/ch-fr\/actualites\/interview-actualites\/retour-dexperience-daurore-sadoun-sur-sa-premiere-annee-chez-clartan-associes\/","url":"https:\/\/clartan.com\/ch-fr\/actualites\/interview-actualites\/retour-dexperience-daurore-sadoun-sur-sa-premiere-annee-chez-clartan-associes\/","name":"Retour d\u2019exp\u00e9rience d'Aurore Sadoun sur sa premi\u00e8re ann\u00e9e chez Clartan Associ\u00e9s - Clartan Associ\u00e9s","isPartOf":{"@id":"https:\/\/clartan.com\/ch-fr\/#website"},"primaryImageOfPage":{"@id":"https:\/\/clartan.com\/ch-fr\/actualites\/interview-actualites\/retour-dexperience-daurore-sadoun-sur-sa-premiere-annee-chez-clartan-associes\/#primaryimage"},"image":{"@id":"https:\/\/clartan.com\/ch-fr\/actualites\/interview-actualites\/retour-dexperience-daurore-sadoun-sur-sa-premiere-annee-chez-clartan-associes\/#primaryimage"},"thumbnailUrl":"https:\/\/clartan.com\/ch-fr\/wp-content\/uploads\/sites\/3\/2026\/04\/Vignette-interview-ASA-1.png","datePublished":"2026-04-21T14:41:06+00:00","dateModified":"2026-04-29T07:23:21+00:00","breadcrumb":{"@id":"https:\/\/clartan.com\/ch-fr\/actualites\/interview-actualites\/retour-dexperience-daurore-sadoun-sur-sa-premiere-annee-chez-clartan-associes\/#breadcrumb"},"inLanguage":"fr-FR","potentialAction":[{"@type":"ReadAction","target":["https:\/\/clartan.com\/ch-fr\/actualites\/interview-actualites\/retour-dexperience-daurore-sadoun-sur-sa-premiere-annee-chez-clartan-associes\/"]}]},{"@type":"ImageObject","inLanguage":"fr-FR","@id":"https:\/\/clartan.com\/ch-fr\/actualites\/interview-actualites\/retour-dexperience-daurore-sadoun-sur-sa-premiere-annee-chez-clartan-associes\/#primaryimage","url":"https:\/\/clartan.com\/ch-fr\/wp-content\/uploads\/sites\/3\/2026\/04\/Vignette-interview-ASA-1.png","contentUrl":"https:\/\/clartan.com\/ch-fr\/wp-content\/uploads\/sites\/3\/2026\/04\/Vignette-interview-ASA-1.png","width":1438,"height":782},{"@type":"BreadcrumbList","@id":"https:\/\/clartan.com\/ch-fr\/actualites\/interview-actualites\/retour-dexperience-daurore-sadoun-sur-sa-premiere-annee-chez-clartan-associes\/#breadcrumb","itemListElement":[{"@type":"ListItem","position":1,"name":"Accueil","item":"https:\/\/clartan.com\/ch-fr\/"},{"@type":"ListItem","position":2,"name":"Retour d\u2019exp\u00e9rience d&rsquo;Aurore Sadoun sur sa premi\u00e8re ann\u00e9e chez Clartan Associ\u00e9s"}]},{"@type":"WebSite","@id":"https:\/\/clartan.com\/ch-fr\/#website","url":"https:\/\/clartan.com\/ch-fr\/","name":"Clartan Associ\u00e9s CH-FR","description":"Quality &amp; Value","publisher":{"@id":"https:\/\/clartan.com\/ch-fr\/#organization"},"potentialAction":[{"@type":"SearchAction","target":{"@type":"EntryPoint","urlTemplate":"https:\/\/clartan.com\/ch-fr\/?s={search_term_string}"},"query-input":{"@type":"PropertyValueSpecification","valueRequired":true,"valueName":"search_term_string"}}],"inLanguage":"fr-FR"},{"@type":"Organization","@id":"https:\/\/clartan.com\/ch-fr\/#organization","name":"Clartan Associ\u00e9s","url":"https:\/\/clartan.com\/ch-fr\/","logo":{"@type":"ImageObject","inLanguage":"fr-FR","@id":"https:\/\/clartan.com\/ch-fr\/#\/schema\/logo\/image\/","url":"https:\/\/clartan.com\/ch-fr\/wp-content\/uploads\/sites\/3\/2026\/01\/cropped-cropped-Favicon-2.png","contentUrl":"https:\/\/clartan.com\/ch-fr\/wp-content\/uploads\/sites\/3\/2026\/01\/cropped-cropped-Favicon-2.png","width":512,"height":512,"caption":"Clartan Associ\u00e9s"},"image":{"@id":"https:\/\/clartan.com\/ch-fr\/#\/schema\/logo\/image\/"}},{"@type":"Person","@id":"https:\/\/clartan.com\/ch-fr\/#\/schema\/person\/7cabf86adb059cf046c18e0c9ed2a7af","name":"luciegendron","image":{"@type":"ImageObject","inLanguage":"fr-FR","@id":"https:\/\/secure.gravatar.com\/avatar\/6a8f3839c41c8354d11043115bd46801046ad072eda17a62b43c08f6c4211184?s=96&d=mm&r=g","url":"https:\/\/secure.gravatar.com\/avatar\/6a8f3839c41c8354d11043115bd46801046ad072eda17a62b43c08f6c4211184?s=96&d=mm&r=g","contentUrl":"https:\/\/secure.gravatar.com\/avatar\/6a8f3839c41c8354d11043115bd46801046ad072eda17a62b43c08f6c4211184?s=96&d=mm&r=g","caption":"luciegendron"}}]}},"_links":{"self":[{"href":"https:\/\/clartan.com\/ch-fr\/wp-json\/wp\/v2\/posts\/4518","targetHints":{"allow":["GET"]}}],"collection":[{"href":"https:\/\/clartan.com\/ch-fr\/wp-json\/wp\/v2\/posts"}],"about":[{"href":"https:\/\/clartan.com\/ch-fr\/wp-json\/wp\/v2\/types\/post"}],"author":[{"embeddable":true,"href":"https:\/\/clartan.com\/ch-fr\/wp-json\/wp\/v2\/users\/18"}],"replies":[{"embeddable":true,"href":"https:\/\/clartan.com\/ch-fr\/wp-json\/wp\/v2\/comments?post=4518"}],"version-history":[{"count":3,"href":"https:\/\/clartan.com\/ch-fr\/wp-json\/wp\/v2\/posts\/4518\/revisions"}],"predecessor-version":[{"id":4525,"href":"https:\/\/clartan.com\/ch-fr\/wp-json\/wp\/v2\/posts\/4518\/revisions\/4525"}],"wp:featuredmedia":[{"embeddable":true,"href":"https:\/\/clartan.com\/ch-fr\/wp-json\/wp\/v2\/media\/4523"}],"wp:attachment":[{"href":"https:\/\/clartan.com\/ch-fr\/wp-json\/wp\/v2\/media?parent=4518"}],"wp:term":[{"taxonomy":"category","embeddable":true,"href":"https:\/\/clartan.com\/ch-fr\/wp-json\/wp\/v2\/categories?post=4518"},{"taxonomy":"post_tag","embeddable":true,"href":"https:\/\/clartan.com\/ch-fr\/wp-json\/wp\/v2\/tags?post=4518"}],"curies":[{"name":"wp","href":"https:\/\/api.w.org\/{rel}","templated":true}]}}