{"id":4568,"date":"2026-04-29T11:40:52","date_gmt":"2026-04-29T09:40:52","guid":{"rendered":"https:\/\/clartan.com\/ch-fr\/?p=4568"},"modified":"2026-04-29T11:41:36","modified_gmt":"2026-04-29T09:41:36","slug":"linvestissement-de-bureau-veritas-dans-clartan-flexible","status":"publish","type":"post","link":"https:\/\/clartan.com\/ch-fr\/actualites\/linvestissement-de-bureau-veritas-dans-clartan-flexible\/","title":{"rendered":"L\u2019investissement de Bureau Veritas dans Clartan Flexible"},"content":{"rendered":"\n<p class=\"has-lg-font-size\"><em>Nous avons lanc\u00e9 la position en Bureau Veritas fin 2024,<\/em> <em>un peu au-dessus de <\/em><br><em>28 \u20ac, dans notre fonds Clartan Flexible.<\/em><\/p>\n\n\n\n<p><em>La ligne a \u00e9t\u00e9 compl\u00e9t\u00e9e au fil de l\u2019eau aux m\u00eames niveaux.<\/em> <em>Bureau Veritas a pour atouts de fortes barri\u00e8res \u00e0 l\u2019entr\u00e9e, une<\/em> <em>exposition contenue au cycle \u00e9conomique, un bilan solide, une<\/em> <em>g\u00e9n\u00e9ration \u00e9lev\u00e9e de cash-flow tout en \u00e9voluant sur des march\u00e9s<\/em> <em>porteurs. <\/em><br><em>Enfin, sa volatilit\u00e9 boursi\u00e8re est limit\u00e9e.<\/em> <em>Les ventes r\u00e9pondent \u00e0 \u00e9gales proportions aux contraintes<\/em> <em>r\u00e9glementaires des entreprises et \u00e0 la gestion de leurs risques.<\/em> <em>Une grande diversification g\u00e9ographique et des activit\u00e9s diversifi\u00e9es<\/em> <em>compl\u00e8tent la r\u00e9silience de Bureau Veritas. Avec un profil<\/em> <em>d\u00e9fensif et des dynamiques favorables, cette soci\u00e9t\u00e9 correspond<\/em> <em>bien au cahier des charges du fonds. Bien g\u00e9r\u00e9, Bureau Veritas n\u2019a<\/em> <em>pas c\u00e9d\u00e9 aux sir\u00e8nes de l\u2019argent bon march\u00e9 pendant la p\u00e9riode<\/em> <em>des taux bas. <\/em><br><em>Le groupe se retrouvait souvent en face d\u2019acteurs du<\/em> <em>capital-investissement moins regardants sur les prix. Son levier<\/em> <em>financier, dans le bas de la fourchette cible avec un ratio endettement<\/em> <em>net\/Ebitda proche de 1,1, autorise de nouvelles acquisitions<\/em> <em>dans un univers d\u00e9sormais moins concurrentiel.<\/em> <em>2026 devrait \u00eatre dans la lign\u00e9e de 2025, qui affichait une croissance<\/em> <em>organique de 6,5 % avec une g\u00e9n\u00e9ration de tr\u00e9sorerie libre<\/em> <em>importante et une progression de la marge op\u00e9rationnelle, d\u00e9j\u00e0<\/em> <em>\u00e9lev\u00e9e pourtant. <\/em><\/p>\n\n\n\n<p><em>En conclusion, Bureau Veritas est une valeur de<\/em> <em>croissance r\u00e9guli\u00e8re avec une valorisation raisonnable, \u00e0 moins de<\/em> <em>17 fois les b\u00e9n\u00e9fices attendus pour 2026. A multiple de valorisation<\/em> <em>constant, avec un rendement de 3 %, une croissance organique<\/em> <em>d\u2019au moins 5 %, un peu de croissance externe et un potentiel<\/em> <em>d\u2019am\u00e9lioration de la marge, nous anticipons une progression des<\/em> <em>cours proche de 15 % par an \u00e0 horizon 2028.<\/em><\/p>\n\n\n\n<figure class=\"wp-block-image size-large\"><a href=\"https:\/\/clartanparis-my.sharepoint.com\/:b:\/g\/personal\/sm_clartan_com\/IQBcmWaOdtGnTZ90ETCDenjMAXqnhfWGZMzdb1BAB_0phZ4?e=loDm0l\"><img decoding=\"async\" src=\"https:\/\/clartan.com\/fr\/wp-content\/uploads\/2026\/04\/Group-18-1036x583.png\" alt=\"\" class=\"wp-image-11962\" \/><\/a><\/figure>\n\n\n\n<p><strong>Disclaimer<\/strong><\/p>\n\n\n\n<p><em>La r\u00e9f\u00e9rence \u00e0 certaines valeurs boursi\u00e8res est donn\u00e9e \u00e0 titre d\u2019illustration. Elle n\u2019a pas pour objectif de promouvoir l\u2019investissement en direct dans ces titres et ne constitue pas une recommandation d\u2019investissement ou un conseil en investissement.<\/em><\/p>\n\n\n\n<p><em>Les performances pass\u00e9es ne pr\u00e9jugent pas des performances futures.<\/em><\/p>\n\n\n\n<p><em>Cette communication est \u00e0 caract\u00e8re publicitaire. L\u2019investissement dans des organismes de placement collectifs en valeurs mobili\u00e8res (OPCVM) comporte des risques. Il convient, avant toute souscription, de consulter le DIC ainsi que le prospectus disponibles sur&nbsp;<a href=\"https:\/\/clartan.com\/\">clartan.com<\/a>.<\/em><\/p>\n","protected":false},"excerpt":{"rendered":"<p>Nous avons lanc\u00e9 la position en Bureau Veritas fin 2024, un peu au-dessus de<br \/>\n28 \u20ac, dans notre fonds Clartan Flexible.<\/p>\n","protected":false},"author":18,"featured_media":4569,"comment_status":"closed","ping_status":"closed","sticky":true,"template":"","format":"standard","meta":{"_acf_changed":false,"inline_featured_image":false,"footnotes":""},"categories":[5,27],"tags":[],"class_list":["post-4568","post","type-post","status-publish","format-standard","has-post-thumbnail","hentry","category-actualites","category-loeil-de-lanalyste-actualites"],"acf":[],"yoast_head":"<!-- This site is optimized with the Yoast SEO Premium plugin v26.2 (Yoast SEO v27.4) - https:\/\/yoast.com\/product\/yoast-seo-premium-wordpress\/ -->\n<title>L\u2019investissement de Bureau Veritas dans Clartan Flexible - Clartan Associ\u00e9s<\/title>\n<meta name=\"robots\" content=\"index, follow, max-snippet:-1, max-image-preview:large, max-video-preview:-1\" \/>\n<link rel=\"canonical\" href=\"https:\/\/clartan.com\/ch-fr\/actualites\/linvestissement-de-bureau-veritas-dans-clartan-flexible\/\" \/>\n<meta property=\"og:locale\" content=\"fr_FR\" \/>\n<meta property=\"og:type\" content=\"article\" \/>\n<meta property=\"og:title\" content=\"L\u2019investissement de Bureau Veritas dans Clartan Flexible\" \/>\n<meta property=\"og:description\" content=\"Nous avons lanc\u00e9 la position en Bureau Veritas fin 2024, un peu au-dessus de 28 \u20ac, dans notre fonds Clartan Flexible.\" \/>\n<meta property=\"og:url\" content=\"https:\/\/clartan.com\/ch-fr\/actualites\/linvestissement-de-bureau-veritas-dans-clartan-flexible\/\" \/>\n<meta property=\"og:site_name\" content=\"Clartan Associ\u00e9s CH-FR\" \/>\n<meta property=\"article:published_time\" content=\"2026-04-29T09:40:52+00:00\" \/>\n<meta property=\"article:modified_time\" content=\"2026-04-29T09:41:36+00:00\" \/>\n<meta property=\"og:image\" content=\"https:\/\/clartan.com\/ch-fr\/wp-content\/uploads\/sites\/3\/2026\/04\/Group-18.png\" \/>\n\t<meta property=\"og:image:width\" content=\"2560\" \/>\n\t<meta property=\"og:image:height\" content=\"1440\" \/>\n\t<meta property=\"og:image:type\" content=\"image\/png\" \/>\n<meta name=\"author\" content=\"luciegendron\" \/>\n<meta name=\"twitter:card\" content=\"summary_large_image\" \/>\n<script type=\"application\/ld+json\" class=\"yoast-schema-graph\">{\"@context\":\"https:\\\/\\\/schema.org\",\"@graph\":[{\"@type\":\"Article\",\"@id\":\"https:\\\/\\\/clartan.com\\\/ch-fr\\\/actualites\\\/linvestissement-de-bureau-veritas-dans-clartan-flexible\\\/#article\",\"isPartOf\":{\"@id\":\"https:\\\/\\\/clartan.com\\\/ch-fr\\\/actualites\\\/linvestissement-de-bureau-veritas-dans-clartan-flexible\\\/\"},\"author\":{\"name\":\"luciegendron\",\"@id\":\"https:\\\/\\\/clartan.com\\\/ch-fr\\\/#\\\/schema\\\/person\\\/7cabf86adb059cf046c18e0c9ed2a7af\"},\"headline\":\"L\u2019investissement de Bureau Veritas dans Clartan Flexible\",\"datePublished\":\"2026-04-29T09:40:52+00:00\",\"dateModified\":\"2026-04-29T09:41:36+00:00\",\"mainEntityOfPage\":{\"@id\":\"https:\\\/\\\/clartan.com\\\/ch-fr\\\/actualites\\\/linvestissement-de-bureau-veritas-dans-clartan-flexible\\\/\"},\"wordCount\":409,\"publisher\":{\"@id\":\"https:\\\/\\\/clartan.com\\\/ch-fr\\\/#organization\"},\"image\":{\"@id\":\"https:\\\/\\\/clartan.com\\\/ch-fr\\\/actualites\\\/linvestissement-de-bureau-veritas-dans-clartan-flexible\\\/#primaryimage\"},\"thumbnailUrl\":\"https:\\\/\\\/clartan.com\\\/ch-fr\\\/wp-content\\\/uploads\\\/sites\\\/3\\\/2026\\\/04\\\/Group-18.png\",\"articleSection\":[\"Actualit\u00e9s\",\"L'\u0153il de l'analyste\"],\"inLanguage\":\"fr-FR\"},{\"@type\":\"WebPage\",\"@id\":\"https:\\\/\\\/clartan.com\\\/ch-fr\\\/actualites\\\/linvestissement-de-bureau-veritas-dans-clartan-flexible\\\/\",\"url\":\"https:\\\/\\\/clartan.com\\\/ch-fr\\\/actualites\\\/linvestissement-de-bureau-veritas-dans-clartan-flexible\\\/\",\"name\":\"L\u2019investissement de Bureau Veritas dans Clartan Flexible - Clartan Associ\u00e9s\",\"isPartOf\":{\"@id\":\"https:\\\/\\\/clartan.com\\\/ch-fr\\\/#website\"},\"primaryImageOfPage\":{\"@id\":\"https:\\\/\\\/clartan.com\\\/ch-fr\\\/actualites\\\/linvestissement-de-bureau-veritas-dans-clartan-flexible\\\/#primaryimage\"},\"image\":{\"@id\":\"https:\\\/\\\/clartan.com\\\/ch-fr\\\/actualites\\\/linvestissement-de-bureau-veritas-dans-clartan-flexible\\\/#primaryimage\"},\"thumbnailUrl\":\"https:\\\/\\\/clartan.com\\\/ch-fr\\\/wp-content\\\/uploads\\\/sites\\\/3\\\/2026\\\/04\\\/Group-18.png\",\"datePublished\":\"2026-04-29T09:40:52+00:00\",\"dateModified\":\"2026-04-29T09:41:36+00:00\",\"breadcrumb\":{\"@id\":\"https:\\\/\\\/clartan.com\\\/ch-fr\\\/actualites\\\/linvestissement-de-bureau-veritas-dans-clartan-flexible\\\/#breadcrumb\"},\"inLanguage\":\"fr-FR\",\"potentialAction\":[{\"@type\":\"ReadAction\",\"target\":[\"https:\\\/\\\/clartan.com\\\/ch-fr\\\/actualites\\\/linvestissement-de-bureau-veritas-dans-clartan-flexible\\\/\"]}]},{\"@type\":\"ImageObject\",\"inLanguage\":\"fr-FR\",\"@id\":\"https:\\\/\\\/clartan.com\\\/ch-fr\\\/actualites\\\/linvestissement-de-bureau-veritas-dans-clartan-flexible\\\/#primaryimage\",\"url\":\"https:\\\/\\\/clartan.com\\\/ch-fr\\\/wp-content\\\/uploads\\\/sites\\\/3\\\/2026\\\/04\\\/Group-18.png\",\"contentUrl\":\"https:\\\/\\\/clartan.com\\\/ch-fr\\\/wp-content\\\/uploads\\\/sites\\\/3\\\/2026\\\/04\\\/Group-18.png\",\"width\":2560,\"height\":1440},{\"@type\":\"BreadcrumbList\",\"@id\":\"https:\\\/\\\/clartan.com\\\/ch-fr\\\/actualites\\\/linvestissement-de-bureau-veritas-dans-clartan-flexible\\\/#breadcrumb\",\"itemListElement\":[{\"@type\":\"ListItem\",\"position\":1,\"name\":\"Accueil\",\"item\":\"https:\\\/\\\/clartan.com\\\/ch-fr\\\/\"},{\"@type\":\"ListItem\",\"position\":2,\"name\":\"L\u2019investissement de Bureau Veritas dans Clartan Flexible\"}]},{\"@type\":\"WebSite\",\"@id\":\"https:\\\/\\\/clartan.com\\\/ch-fr\\\/#website\",\"url\":\"https:\\\/\\\/clartan.com\\\/ch-fr\\\/\",\"name\":\"Clartan Associ\u00e9s CH-FR\",\"description\":\"Quality &amp; Value\",\"publisher\":{\"@id\":\"https:\\\/\\\/clartan.com\\\/ch-fr\\\/#organization\"},\"potentialAction\":[{\"@type\":\"SearchAction\",\"target\":{\"@type\":\"EntryPoint\",\"urlTemplate\":\"https:\\\/\\\/clartan.com\\\/ch-fr\\\/?s={search_term_string}\"},\"query-input\":{\"@type\":\"PropertyValueSpecification\",\"valueRequired\":true,\"valueName\":\"search_term_string\"}}],\"inLanguage\":\"fr-FR\"},{\"@type\":\"Organization\",\"@id\":\"https:\\\/\\\/clartan.com\\\/ch-fr\\\/#organization\",\"name\":\"Clartan Associ\u00e9s\",\"url\":\"https:\\\/\\\/clartan.com\\\/ch-fr\\\/\",\"logo\":{\"@type\":\"ImageObject\",\"inLanguage\":\"fr-FR\",\"@id\":\"https:\\\/\\\/clartan.com\\\/ch-fr\\\/#\\\/schema\\\/logo\\\/image\\\/\",\"url\":\"https:\\\/\\\/clartan.com\\\/ch-fr\\\/wp-content\\\/uploads\\\/sites\\\/3\\\/2026\\\/01\\\/cropped-cropped-Favicon-2.png\",\"contentUrl\":\"https:\\\/\\\/clartan.com\\\/ch-fr\\\/wp-content\\\/uploads\\\/sites\\\/3\\\/2026\\\/01\\\/cropped-cropped-Favicon-2.png\",\"width\":512,\"height\":512,\"caption\":\"Clartan Associ\u00e9s\"},\"image\":{\"@id\":\"https:\\\/\\\/clartan.com\\\/ch-fr\\\/#\\\/schema\\\/logo\\\/image\\\/\"}},{\"@type\":\"Person\",\"@id\":\"https:\\\/\\\/clartan.com\\\/ch-fr\\\/#\\\/schema\\\/person\\\/7cabf86adb059cf046c18e0c9ed2a7af\",\"name\":\"luciegendron\",\"image\":{\"@type\":\"ImageObject\",\"inLanguage\":\"fr-FR\",\"@id\":\"https:\\\/\\\/secure.gravatar.com\\\/avatar\\\/6a8f3839c41c8354d11043115bd46801046ad072eda17a62b43c08f6c4211184?s=96&d=mm&r=g\",\"url\":\"https:\\\/\\\/secure.gravatar.com\\\/avatar\\\/6a8f3839c41c8354d11043115bd46801046ad072eda17a62b43c08f6c4211184?s=96&d=mm&r=g\",\"contentUrl\":\"https:\\\/\\\/secure.gravatar.com\\\/avatar\\\/6a8f3839c41c8354d11043115bd46801046ad072eda17a62b43c08f6c4211184?s=96&d=mm&r=g\",\"caption\":\"luciegendron\"}}]}<\/script>\n<!-- \/ Yoast SEO Premium plugin. -->","yoast_head_json":{"title":"L\u2019investissement de Bureau Veritas dans Clartan Flexible - Clartan Associ\u00e9s","robots":{"index":"index","follow":"follow","max-snippet":"max-snippet:-1","max-image-preview":"max-image-preview:large","max-video-preview":"max-video-preview:-1"},"canonical":"https:\/\/clartan.com\/ch-fr\/actualites\/linvestissement-de-bureau-veritas-dans-clartan-flexible\/","og_locale":"fr_FR","og_type":"article","og_title":"L\u2019investissement de Bureau Veritas dans Clartan Flexible","og_description":"Nous avons lanc\u00e9 la position en Bureau Veritas fin 2024, un peu au-dessus de 28 \u20ac, dans notre fonds Clartan Flexible.","og_url":"https:\/\/clartan.com\/ch-fr\/actualites\/linvestissement-de-bureau-veritas-dans-clartan-flexible\/","og_site_name":"Clartan Associ\u00e9s CH-FR","article_published_time":"2026-04-29T09:40:52+00:00","article_modified_time":"2026-04-29T09:41:36+00:00","og_image":[{"width":2560,"height":1440,"url":"https:\/\/clartan.com\/ch-fr\/wp-content\/uploads\/sites\/3\/2026\/04\/Group-18.png","type":"image\/png"}],"author":"luciegendron","twitter_card":"summary_large_image","schema":{"@context":"https:\/\/schema.org","@graph":[{"@type":"Article","@id":"https:\/\/clartan.com\/ch-fr\/actualites\/linvestissement-de-bureau-veritas-dans-clartan-flexible\/#article","isPartOf":{"@id":"https:\/\/clartan.com\/ch-fr\/actualites\/linvestissement-de-bureau-veritas-dans-clartan-flexible\/"},"author":{"name":"luciegendron","@id":"https:\/\/clartan.com\/ch-fr\/#\/schema\/person\/7cabf86adb059cf046c18e0c9ed2a7af"},"headline":"L\u2019investissement de Bureau Veritas dans Clartan Flexible","datePublished":"2026-04-29T09:40:52+00:00","dateModified":"2026-04-29T09:41:36+00:00","mainEntityOfPage":{"@id":"https:\/\/clartan.com\/ch-fr\/actualites\/linvestissement-de-bureau-veritas-dans-clartan-flexible\/"},"wordCount":409,"publisher":{"@id":"https:\/\/clartan.com\/ch-fr\/#organization"},"image":{"@id":"https:\/\/clartan.com\/ch-fr\/actualites\/linvestissement-de-bureau-veritas-dans-clartan-flexible\/#primaryimage"},"thumbnailUrl":"https:\/\/clartan.com\/ch-fr\/wp-content\/uploads\/sites\/3\/2026\/04\/Group-18.png","articleSection":["Actualit\u00e9s","L'\u0153il de l'analyste"],"inLanguage":"fr-FR"},{"@type":"WebPage","@id":"https:\/\/clartan.com\/ch-fr\/actualites\/linvestissement-de-bureau-veritas-dans-clartan-flexible\/","url":"https:\/\/clartan.com\/ch-fr\/actualites\/linvestissement-de-bureau-veritas-dans-clartan-flexible\/","name":"L\u2019investissement de Bureau Veritas dans Clartan Flexible - Clartan Associ\u00e9s","isPartOf":{"@id":"https:\/\/clartan.com\/ch-fr\/#website"},"primaryImageOfPage":{"@id":"https:\/\/clartan.com\/ch-fr\/actualites\/linvestissement-de-bureau-veritas-dans-clartan-flexible\/#primaryimage"},"image":{"@id":"https:\/\/clartan.com\/ch-fr\/actualites\/linvestissement-de-bureau-veritas-dans-clartan-flexible\/#primaryimage"},"thumbnailUrl":"https:\/\/clartan.com\/ch-fr\/wp-content\/uploads\/sites\/3\/2026\/04\/Group-18.png","datePublished":"2026-04-29T09:40:52+00:00","dateModified":"2026-04-29T09:41:36+00:00","breadcrumb":{"@id":"https:\/\/clartan.com\/ch-fr\/actualites\/linvestissement-de-bureau-veritas-dans-clartan-flexible\/#breadcrumb"},"inLanguage":"fr-FR","potentialAction":[{"@type":"ReadAction","target":["https:\/\/clartan.com\/ch-fr\/actualites\/linvestissement-de-bureau-veritas-dans-clartan-flexible\/"]}]},{"@type":"ImageObject","inLanguage":"fr-FR","@id":"https:\/\/clartan.com\/ch-fr\/actualites\/linvestissement-de-bureau-veritas-dans-clartan-flexible\/#primaryimage","url":"https:\/\/clartan.com\/ch-fr\/wp-content\/uploads\/sites\/3\/2026\/04\/Group-18.png","contentUrl":"https:\/\/clartan.com\/ch-fr\/wp-content\/uploads\/sites\/3\/2026\/04\/Group-18.png","width":2560,"height":1440},{"@type":"BreadcrumbList","@id":"https:\/\/clartan.com\/ch-fr\/actualites\/linvestissement-de-bureau-veritas-dans-clartan-flexible\/#breadcrumb","itemListElement":[{"@type":"ListItem","position":1,"name":"Accueil","item":"https:\/\/clartan.com\/ch-fr\/"},{"@type":"ListItem","position":2,"name":"L\u2019investissement de Bureau Veritas dans Clartan Flexible"}]},{"@type":"WebSite","@id":"https:\/\/clartan.com\/ch-fr\/#website","url":"https:\/\/clartan.com\/ch-fr\/","name":"Clartan Associ\u00e9s CH-FR","description":"Quality &amp; Value","publisher":{"@id":"https:\/\/clartan.com\/ch-fr\/#organization"},"potentialAction":[{"@type":"SearchAction","target":{"@type":"EntryPoint","urlTemplate":"https:\/\/clartan.com\/ch-fr\/?s={search_term_string}"},"query-input":{"@type":"PropertyValueSpecification","valueRequired":true,"valueName":"search_term_string"}}],"inLanguage":"fr-FR"},{"@type":"Organization","@id":"https:\/\/clartan.com\/ch-fr\/#organization","name":"Clartan Associ\u00e9s","url":"https:\/\/clartan.com\/ch-fr\/","logo":{"@type":"ImageObject","inLanguage":"fr-FR","@id":"https:\/\/clartan.com\/ch-fr\/#\/schema\/logo\/image\/","url":"https:\/\/clartan.com\/ch-fr\/wp-content\/uploads\/sites\/3\/2026\/01\/cropped-cropped-Favicon-2.png","contentUrl":"https:\/\/clartan.com\/ch-fr\/wp-content\/uploads\/sites\/3\/2026\/01\/cropped-cropped-Favicon-2.png","width":512,"height":512,"caption":"Clartan Associ\u00e9s"},"image":{"@id":"https:\/\/clartan.com\/ch-fr\/#\/schema\/logo\/image\/"}},{"@type":"Person","@id":"https:\/\/clartan.com\/ch-fr\/#\/schema\/person\/7cabf86adb059cf046c18e0c9ed2a7af","name":"luciegendron","image":{"@type":"ImageObject","inLanguage":"fr-FR","@id":"https:\/\/secure.gravatar.com\/avatar\/6a8f3839c41c8354d11043115bd46801046ad072eda17a62b43c08f6c4211184?s=96&d=mm&r=g","url":"https:\/\/secure.gravatar.com\/avatar\/6a8f3839c41c8354d11043115bd46801046ad072eda17a62b43c08f6c4211184?s=96&d=mm&r=g","contentUrl":"https:\/\/secure.gravatar.com\/avatar\/6a8f3839c41c8354d11043115bd46801046ad072eda17a62b43c08f6c4211184?s=96&d=mm&r=g","caption":"luciegendron"}}]}},"_links":{"self":[{"href":"https:\/\/clartan.com\/ch-fr\/wp-json\/wp\/v2\/posts\/4568","targetHints":{"allow":["GET"]}}],"collection":[{"href":"https:\/\/clartan.com\/ch-fr\/wp-json\/wp\/v2\/posts"}],"about":[{"href":"https:\/\/clartan.com\/ch-fr\/wp-json\/wp\/v2\/types\/post"}],"author":[{"embeddable":true,"href":"https:\/\/clartan.com\/ch-fr\/wp-json\/wp\/v2\/users\/18"}],"replies":[{"embeddable":true,"href":"https:\/\/clartan.com\/ch-fr\/wp-json\/wp\/v2\/comments?post=4568"}],"version-history":[{"count":1,"href":"https:\/\/clartan.com\/ch-fr\/wp-json\/wp\/v2\/posts\/4568\/revisions"}],"predecessor-version":[{"id":4570,"href":"https:\/\/clartan.com\/ch-fr\/wp-json\/wp\/v2\/posts\/4568\/revisions\/4570"}],"wp:featuredmedia":[{"embeddable":true,"href":"https:\/\/clartan.com\/ch-fr\/wp-json\/wp\/v2\/media\/4569"}],"wp:attachment":[{"href":"https:\/\/clartan.com\/ch-fr\/wp-json\/wp\/v2\/media?parent=4568"}],"wp:term":[{"taxonomy":"category","embeddable":true,"href":"https:\/\/clartan.com\/ch-fr\/wp-json\/wp\/v2\/categories?post=4568"},{"taxonomy":"post_tag","embeddable":true,"href":"https:\/\/clartan.com\/ch-fr\/wp-json\/wp\/v2\/tags?post=4568"}],"curies":[{"name":"wp","href":"https:\/\/api.w.org\/{rel}","templated":true}]}}