{"id":3488,"date":"2022-09-14T10:41:02","date_gmt":"2022-09-14T08:41:02","guid":{"rendered":"https:\/\/staging-clartan.plp.fr\/fr\/?p=3488"},"modified":"2023-02-01T13:53:32","modified_gmt":"2023-02-01T12:53:32","slug":"lavis-du-broker-prudent-sur-la-bourse-clartan-nest-pas-pessimiste-pour-autant","status":"publish","type":"post","link":"https:\/\/clartan.com\/fr\/actualites\/lavis-du-broker-prudent-sur-la-bourse-clartan-nest-pas-pessimiste-pour-autant\/","title":{"rendered":"L\u2019avis du broker : prudent sur la Bourse, Clartan n\u2019est pas pessimiste pour autant"},"content":{"rendered":"\n<p class=\"has-xlarge-font-size\">Article sign\u00e9 par Emmanuel Gentilhomme dans Le Figaro Bourse et Placements <\/p>\n\n\n\n<p class=\"has-large-font-size\"><a href=\"https:\/\/bourse.lefigaro.fr\/\" target=\"_blank\" rel=\"noreferrer noopener\">https:\/\/bourse.lefigaro.fr\/<\/a><\/p>\n\n\n\n<p class=\"has-large-font-size\">Extrait de La lettre des placements n\u00b01989 du 14 septembre 2022 \/ publi\u00e9 le 15\/09\/2022 sur le site internet \u00e0 08:23, Mis \u00e0 jour le 15\/09\/2022 \u00e0 08:23.<\/p>\n\n\n\n<p class=\"has-large-font-size\">Macro\u00e9conomie, politique mon\u00e9taire, ph\u00e9nom\u00e8nes de march\u00e9: chaque semaine, le Figaro Bourse et placements propose l\u2019\u00e9clairage d\u2019un professionnel de la finance.<\/p>\n\n\n\n<p class=\"has-large-font-size\">Alors que l\u2019\u00e9conomie ralentissait dans le sillage du rebond post-Covid, la guerre d\u2019Ukraine a fait vaciller les Bourses. Apr\u00e8s bien des mauvaises nouvelles, les incertitudes restent nombreuses (jusqu\u2019o\u00f9 baissera l\u2019euro?).<\/p>\n\n\n\n<p class=\"has-large-font-size\"><em>Winter is coming&#8230;<\/em><em>&nbsp;mais aussi des leviers<\/em><\/p>\n\n\n\n<p class=\"has-large-font-size\">Sans minimiser la gravit\u00e9 de la situation, Nicolas Descoqs, g\u00e9rant chez Clartan Associ\u00e9s, invite \u00e0 ne pas n\u00e9gliger les leviers que le Vieux Continent pourrait actionner: r\u00e9duction volontaire et coordonn\u00e9e de la consommation d\u2019\u00e9nergie&nbsp;; plafonnement du prix du gaz de Norv\u00e8ge&nbsp;; remise en service du&nbsp;<a href=\"https:\/\/www.lefigaro.fr\/flash-eco\/les-pays-bas-anticipent-la-fin-des-extractions-de-gaz-naturel-a-groningue-20200221\" target=\"_blank\" rel=\"noreferrer noopener nofollow\">champ n\u00e9erlandais de Groningue<\/a>&nbsp;; maintien en activit\u00e9s&nbsp;<a href=\"https:\/\/www.lefigaro.fr\/conjoncture\/des-patrons-allemands-preconisent-de-prolonger-le-nucleaire-20220621\" target=\"_blank\" rel=\"noreferrer noopener nofollow\">des centrales atomiques allemandes<\/a>&nbsp;; am\u00e9lioration de la disponibilit\u00e9 nucl\u00e9aire fran\u00e7aise\u2026 \u00ab<em>Si tant est que les Europ\u00e9ens trouvent la ressource politique n\u00e9cessaire \u00e0 l\u2019effort de guerre que commande la situation\u00bb,&nbsp;<\/em>indique-t-il,&nbsp;<em>\u00abla r\u00e9solution, ne f\u00fbt-ce que partielle, des probl\u00e8mes \u00e9nerg\u00e9tiques pourrait entra\u00eener un rebond fort et rapide des indices\u00bb<\/em>. D\u2019autant que l\u2019inflation para\u00eet vou\u00e9e \u00e0 reculer.<\/p>\n\n\n\n<div class=\"wp-block-file is-style-file-theme-style-2\"><a id=\"wp-block-file--media-038585e5-5b7e-4613-9016-808172fa062d\" href=\"https:\/\/clartan.com\/fr\/wp-content\/uploads\/2022\/09\/2022_09_nicolas_descoqs_la_lettre_des_placements_site_internet.pdf\">2022_09_nicolas_descoqs_la_lettre_des_placements_site_internet<\/a><\/div>\n\n\n\n<div class=\"wp-block-file is-style-file-theme-style-2\"><a id=\"wp-block-file--media-45681dc1-0799-4eea-bdeb-d4816e01b042\" href=\"https:\/\/clartan.com\/fr\/wp-content\/uploads\/2022\/09\/2022_09_14_la_lettre_des_placements_ndeg_1989_nicolas_descoqs_clartanassocies_p.9.pdf\">2022_09_14_la_lettre_des_placements_ndeg_1989_nicolas_descoqs_clartanassocies_p.9<\/a><\/div>\n","protected":false},"excerpt":{"rendered":"<p>Article sign\u00e9 par Emmanuel Gentilhomme dans Le Figaro Bourse et Placements <\/p>\n","protected":false},"author":2,"featured_media":4289,"comment_status":"closed","ping_status":"closed","sticky":false,"template":"","format":"standard","meta":{"_acf_changed":false,"inline_featured_image":false,"footnotes":""},"categories":[5,25],"tags":[],"class_list":["post-3488","post","type-post","status-publish","format-standard","has-post-thumbnail","hentry","category-actualites","category-presse"],"acf":[],"yoast_head":"<!-- This site is optimized with the Yoast SEO Premium plugin v26.2 (Yoast SEO v27.4) - https:\/\/yoast.com\/product\/yoast-seo-premium-wordpress\/ -->\n<title>L\u2019avis du broker : prudent sur la Bourse, Clartan n\u2019est pas pessimiste pour autant - Clartan Associ\u00e9s<\/title>\n<meta name=\"robots\" content=\"index, follow, max-snippet:-1, max-image-preview:large, max-video-preview:-1\" \/>\n<link rel=\"canonical\" href=\"https:\/\/clartan.com\/fr\/actualites\/lavis-du-broker-prudent-sur-la-bourse-clartan-nest-pas-pessimiste-pour-autant\/\" \/>\n<meta property=\"og:locale\" content=\"fr_FR\" \/>\n<meta property=\"og:type\" content=\"article\" \/>\n<meta property=\"og:title\" content=\"L\u2019avis du broker : prudent sur la Bourse, Clartan n\u2019est pas pessimiste pour autant\" \/>\n<meta property=\"og:url\" content=\"https:\/\/clartan.com\/fr\/actualites\/lavis-du-broker-prudent-sur-la-bourse-clartan-nest-pas-pessimiste-pour-autant\/\" \/>\n<meta property=\"og:site_name\" content=\"Clartan Associ\u00e9s FR\" \/>\n<meta property=\"article:published_time\" content=\"2022-09-14T08:41:02+00:00\" \/>\n<meta property=\"article:modified_time\" content=\"2023-02-01T12:53:32+00:00\" \/>\n<meta property=\"og:image\" content=\"https:\/\/clartan.com\/fr\/wp-content\/uploads\/2022\/09\/2022-Vignette-Actu-Figaro-Placements.png\" \/>\n\t<meta property=\"og:image:width\" content=\"1158\" \/>\n\t<meta property=\"og:image:height\" content=\"600\" \/>\n\t<meta property=\"og:image:type\" content=\"image\/png\" \/>\n<meta name=\"author\" content=\"aaccary\" \/>\n<meta name=\"twitter:card\" content=\"summary_large_image\" \/>\n<script type=\"application\/ld+json\" class=\"yoast-schema-graph\">{\"@context\":\"https:\\\/\\\/schema.org\",\"@graph\":[{\"@type\":\"Article\",\"@id\":\"https:\\\/\\\/clartan.com\\\/fr\\\/actualites\\\/lavis-du-broker-prudent-sur-la-bourse-clartan-nest-pas-pessimiste-pour-autant\\\/#article\",\"isPartOf\":{\"@id\":\"https:\\\/\\\/clartan.com\\\/fr\\\/actualites\\\/lavis-du-broker-prudent-sur-la-bourse-clartan-nest-pas-pessimiste-pour-autant\\\/\"},\"author\":{\"name\":\"aaccary\",\"@id\":\"https:\\\/\\\/clartan.com\\\/fr\\\/#\\\/schema\\\/person\\\/de05ecfc1c8da5c743e0c0fede617758\"},\"headline\":\"L\u2019avis du broker : prudent sur la Bourse, Clartan n\u2019est pas pessimiste pour autant\",\"datePublished\":\"2022-09-14T08:41:02+00:00\",\"dateModified\":\"2023-02-01T12:53:32+00:00\",\"mainEntityOfPage\":{\"@id\":\"https:\\\/\\\/clartan.com\\\/fr\\\/actualites\\\/lavis-du-broker-prudent-sur-la-bourse-clartan-nest-pas-pessimiste-pour-autant\\\/\"},\"wordCount\":270,\"publisher\":{\"@id\":\"https:\\\/\\\/clartan.com\\\/fr\\\/#organization\"},\"image\":{\"@id\":\"https:\\\/\\\/clartan.com\\\/fr\\\/actualites\\\/lavis-du-broker-prudent-sur-la-bourse-clartan-nest-pas-pessimiste-pour-autant\\\/#primaryimage\"},\"thumbnailUrl\":\"https:\\\/\\\/clartan.com\\\/fr\\\/wp-content\\\/uploads\\\/2022\\\/09\\\/2022-Vignette-Actu-Figaro-Placements.png\",\"articleSection\":[\"Actualit\u00e9s\",\"Presse\"],\"inLanguage\":\"fr-FR\"},{\"@type\":\"WebPage\",\"@id\":\"https:\\\/\\\/clartan.com\\\/fr\\\/actualites\\\/lavis-du-broker-prudent-sur-la-bourse-clartan-nest-pas-pessimiste-pour-autant\\\/\",\"url\":\"https:\\\/\\\/clartan.com\\\/fr\\\/actualites\\\/lavis-du-broker-prudent-sur-la-bourse-clartan-nest-pas-pessimiste-pour-autant\\\/\",\"name\":\"L\u2019avis du broker : prudent sur la Bourse, Clartan n\u2019est pas pessimiste pour autant - Clartan Associ\u00e9s\",\"isPartOf\":{\"@id\":\"https:\\\/\\\/clartan.com\\\/fr\\\/#website\"},\"primaryImageOfPage\":{\"@id\":\"https:\\\/\\\/clartan.com\\\/fr\\\/actualites\\\/lavis-du-broker-prudent-sur-la-bourse-clartan-nest-pas-pessimiste-pour-autant\\\/#primaryimage\"},\"image\":{\"@id\":\"https:\\\/\\\/clartan.com\\\/fr\\\/actualites\\\/lavis-du-broker-prudent-sur-la-bourse-clartan-nest-pas-pessimiste-pour-autant\\\/#primaryimage\"},\"thumbnailUrl\":\"https:\\\/\\\/clartan.com\\\/fr\\\/wp-content\\\/uploads\\\/2022\\\/09\\\/2022-Vignette-Actu-Figaro-Placements.png\",\"datePublished\":\"2022-09-14T08:41:02+00:00\",\"dateModified\":\"2023-02-01T12:53:32+00:00\",\"breadcrumb\":{\"@id\":\"https:\\\/\\\/clartan.com\\\/fr\\\/actualites\\\/lavis-du-broker-prudent-sur-la-bourse-clartan-nest-pas-pessimiste-pour-autant\\\/#breadcrumb\"},\"inLanguage\":\"fr-FR\",\"potentialAction\":[{\"@type\":\"ReadAction\",\"target\":[\"https:\\\/\\\/clartan.com\\\/fr\\\/actualites\\\/lavis-du-broker-prudent-sur-la-bourse-clartan-nest-pas-pessimiste-pour-autant\\\/\"]}]},{\"@type\":\"ImageObject\",\"inLanguage\":\"fr-FR\",\"@id\":\"https:\\\/\\\/clartan.com\\\/fr\\\/actualites\\\/lavis-du-broker-prudent-sur-la-bourse-clartan-nest-pas-pessimiste-pour-autant\\\/#primaryimage\",\"url\":\"https:\\\/\\\/clartan.com\\\/fr\\\/wp-content\\\/uploads\\\/2022\\\/09\\\/2022-Vignette-Actu-Figaro-Placements.png\",\"contentUrl\":\"https:\\\/\\\/clartan.com\\\/fr\\\/wp-content\\\/uploads\\\/2022\\\/09\\\/2022-Vignette-Actu-Figaro-Placements.png\",\"width\":1158,\"height\":600},{\"@type\":\"BreadcrumbList\",\"@id\":\"https:\\\/\\\/clartan.com\\\/fr\\\/actualites\\\/lavis-du-broker-prudent-sur-la-bourse-clartan-nest-pas-pessimiste-pour-autant\\\/#breadcrumb\",\"itemListElement\":[{\"@type\":\"ListItem\",\"position\":1,\"name\":\"Accueil\",\"item\":\"https:\\\/\\\/clartan.com\\\/fr\\\/\"},{\"@type\":\"ListItem\",\"position\":2,\"name\":\"L\u2019avis du broker : prudent sur la Bourse, Clartan n\u2019est pas pessimiste pour autant\"}]},{\"@type\":\"WebSite\",\"@id\":\"https:\\\/\\\/clartan.com\\\/fr\\\/#website\",\"url\":\"https:\\\/\\\/clartan.com\\\/fr\\\/\",\"name\":\"Clartan Associ\u00e9s FR\",\"description\":\"Maison de Gestion ind\u00e9pendante\",\"publisher\":{\"@id\":\"https:\\\/\\\/clartan.com\\\/fr\\\/#organization\"},\"alternateName\":\"Clartan\",\"potentialAction\":[{\"@type\":\"SearchAction\",\"target\":{\"@type\":\"EntryPoint\",\"urlTemplate\":\"https:\\\/\\\/clartan.com\\\/fr\\\/?s={search_term_string}\"},\"query-input\":{\"@type\":\"PropertyValueSpecification\",\"valueRequired\":true,\"valueName\":\"search_term_string\"}}],\"inLanguage\":\"fr-FR\"},{\"@type\":\"Organization\",\"@id\":\"https:\\\/\\\/clartan.com\\\/fr\\\/#organization\",\"name\":\"Clartan Associ\u00e9s\",\"alternateName\":\"Clartan\",\"url\":\"https:\\\/\\\/clartan.com\\\/fr\\\/\",\"logo\":{\"@type\":\"ImageObject\",\"inLanguage\":\"fr-FR\",\"@id\":\"https:\\\/\\\/clartan.com\\\/fr\\\/#\\\/schema\\\/logo\\\/image\\\/\",\"url\":\"https:\\\/\\\/clartan.com\\\/fr\\\/wp-content\\\/uploads\\\/2025\\\/12\\\/Favicon-2.png\",\"contentUrl\":\"https:\\\/\\\/clartan.com\\\/fr\\\/wp-content\\\/uploads\\\/2025\\\/12\\\/Favicon-2.png\",\"width\":1024,\"height\":1024,\"caption\":\"Clartan Associ\u00e9s\"},\"image\":{\"@id\":\"https:\\\/\\\/clartan.com\\\/fr\\\/#\\\/schema\\\/logo\\\/image\\\/\"},\"sameAs\":[\"https:\\\/\\\/www.linkedin.com\\\/company\\\/clartan-associes\\\/\",\"https:\\\/\\\/www.youtube.com\\\/@clartanassocies3040\"],\"description\":\"Maison de gestion ind\u00e9pendante depuis 1986,\\u2028Clartan Associ\u00e9s met en \u0153uvre une gestion solide et \u00e9prouv\u00e9e, fond\u00e9e sur la coll\u00e9gialit\u00e9.\",\"email\":\"contact@clartan.com\",\"telephone\":\"+33 1 53 77 60 80\",\"legalName\":\"Clartan Associ\u00e9s\",\"foundingDate\":\"1986-12-01\",\"vatID\":\"FR18339485161\",\"taxID\":\"33948516100097\",\"leiCode\":\"969500AFMNSMC5R97K50\"},{\"@type\":\"Person\",\"@id\":\"https:\\\/\\\/clartan.com\\\/fr\\\/#\\\/schema\\\/person\\\/de05ecfc1c8da5c743e0c0fede617758\",\"name\":\"aaccary\",\"image\":{\"@type\":\"ImageObject\",\"inLanguage\":\"fr-FR\",\"@id\":\"https:\\\/\\\/secure.gravatar.com\\\/avatar\\\/4804a0bc6c3515aa5a54cb0a2b8af120fa6dec8d1fbdea96bb96042b09541d21?s=96&d=mm&r=g\",\"url\":\"https:\\\/\\\/secure.gravatar.com\\\/avatar\\\/4804a0bc6c3515aa5a54cb0a2b8af120fa6dec8d1fbdea96bb96042b09541d21?s=96&d=mm&r=g\",\"contentUrl\":\"https:\\\/\\\/secure.gravatar.com\\\/avatar\\\/4804a0bc6c3515aa5a54cb0a2b8af120fa6dec8d1fbdea96bb96042b09541d21?s=96&d=mm&r=g\",\"caption\":\"aaccary\"}}]}<\/script>\n<!-- \/ Yoast SEO Premium plugin. -->","yoast_head_json":{"title":"L\u2019avis du broker : prudent sur la Bourse, Clartan n\u2019est pas pessimiste pour autant - Clartan Associ\u00e9s","robots":{"index":"index","follow":"follow","max-snippet":"max-snippet:-1","max-image-preview":"max-image-preview:large","max-video-preview":"max-video-preview:-1"},"canonical":"https:\/\/clartan.com\/fr\/actualites\/lavis-du-broker-prudent-sur-la-bourse-clartan-nest-pas-pessimiste-pour-autant\/","og_locale":"fr_FR","og_type":"article","og_title":"L\u2019avis du broker : prudent sur la Bourse, Clartan n\u2019est pas pessimiste pour autant","og_url":"https:\/\/clartan.com\/fr\/actualites\/lavis-du-broker-prudent-sur-la-bourse-clartan-nest-pas-pessimiste-pour-autant\/","og_site_name":"Clartan Associ\u00e9s FR","article_published_time":"2022-09-14T08:41:02+00:00","article_modified_time":"2023-02-01T12:53:32+00:00","og_image":[{"width":1158,"height":600,"url":"https:\/\/clartan.com\/fr\/wp-content\/uploads\/2022\/09\/2022-Vignette-Actu-Figaro-Placements.png","type":"image\/png"}],"author":"aaccary","twitter_card":"summary_large_image","schema":{"@context":"https:\/\/schema.org","@graph":[{"@type":"Article","@id":"https:\/\/clartan.com\/fr\/actualites\/lavis-du-broker-prudent-sur-la-bourse-clartan-nest-pas-pessimiste-pour-autant\/#article","isPartOf":{"@id":"https:\/\/clartan.com\/fr\/actualites\/lavis-du-broker-prudent-sur-la-bourse-clartan-nest-pas-pessimiste-pour-autant\/"},"author":{"name":"aaccary","@id":"https:\/\/clartan.com\/fr\/#\/schema\/person\/de05ecfc1c8da5c743e0c0fede617758"},"headline":"L\u2019avis du broker : prudent sur la Bourse, Clartan n\u2019est pas pessimiste pour autant","datePublished":"2022-09-14T08:41:02+00:00","dateModified":"2023-02-01T12:53:32+00:00","mainEntityOfPage":{"@id":"https:\/\/clartan.com\/fr\/actualites\/lavis-du-broker-prudent-sur-la-bourse-clartan-nest-pas-pessimiste-pour-autant\/"},"wordCount":270,"publisher":{"@id":"https:\/\/clartan.com\/fr\/#organization"},"image":{"@id":"https:\/\/clartan.com\/fr\/actualites\/lavis-du-broker-prudent-sur-la-bourse-clartan-nest-pas-pessimiste-pour-autant\/#primaryimage"},"thumbnailUrl":"https:\/\/clartan.com\/fr\/wp-content\/uploads\/2022\/09\/2022-Vignette-Actu-Figaro-Placements.png","articleSection":["Actualit\u00e9s","Presse"],"inLanguage":"fr-FR"},{"@type":"WebPage","@id":"https:\/\/clartan.com\/fr\/actualites\/lavis-du-broker-prudent-sur-la-bourse-clartan-nest-pas-pessimiste-pour-autant\/","url":"https:\/\/clartan.com\/fr\/actualites\/lavis-du-broker-prudent-sur-la-bourse-clartan-nest-pas-pessimiste-pour-autant\/","name":"L\u2019avis du broker : prudent sur la Bourse, Clartan n\u2019est pas pessimiste pour autant - Clartan Associ\u00e9s","isPartOf":{"@id":"https:\/\/clartan.com\/fr\/#website"},"primaryImageOfPage":{"@id":"https:\/\/clartan.com\/fr\/actualites\/lavis-du-broker-prudent-sur-la-bourse-clartan-nest-pas-pessimiste-pour-autant\/#primaryimage"},"image":{"@id":"https:\/\/clartan.com\/fr\/actualites\/lavis-du-broker-prudent-sur-la-bourse-clartan-nest-pas-pessimiste-pour-autant\/#primaryimage"},"thumbnailUrl":"https:\/\/clartan.com\/fr\/wp-content\/uploads\/2022\/09\/2022-Vignette-Actu-Figaro-Placements.png","datePublished":"2022-09-14T08:41:02+00:00","dateModified":"2023-02-01T12:53:32+00:00","breadcrumb":{"@id":"https:\/\/clartan.com\/fr\/actualites\/lavis-du-broker-prudent-sur-la-bourse-clartan-nest-pas-pessimiste-pour-autant\/#breadcrumb"},"inLanguage":"fr-FR","potentialAction":[{"@type":"ReadAction","target":["https:\/\/clartan.com\/fr\/actualites\/lavis-du-broker-prudent-sur-la-bourse-clartan-nest-pas-pessimiste-pour-autant\/"]}]},{"@type":"ImageObject","inLanguage":"fr-FR","@id":"https:\/\/clartan.com\/fr\/actualites\/lavis-du-broker-prudent-sur-la-bourse-clartan-nest-pas-pessimiste-pour-autant\/#primaryimage","url":"https:\/\/clartan.com\/fr\/wp-content\/uploads\/2022\/09\/2022-Vignette-Actu-Figaro-Placements.png","contentUrl":"https:\/\/clartan.com\/fr\/wp-content\/uploads\/2022\/09\/2022-Vignette-Actu-Figaro-Placements.png","width":1158,"height":600},{"@type":"BreadcrumbList","@id":"https:\/\/clartan.com\/fr\/actualites\/lavis-du-broker-prudent-sur-la-bourse-clartan-nest-pas-pessimiste-pour-autant\/#breadcrumb","itemListElement":[{"@type":"ListItem","position":1,"name":"Accueil","item":"https:\/\/clartan.com\/fr\/"},{"@type":"ListItem","position":2,"name":"L\u2019avis du broker : prudent sur la Bourse, Clartan n\u2019est pas pessimiste pour autant"}]},{"@type":"WebSite","@id":"https:\/\/clartan.com\/fr\/#website","url":"https:\/\/clartan.com\/fr\/","name":"Clartan Associ\u00e9s FR","description":"Maison de Gestion ind\u00e9pendante","publisher":{"@id":"https:\/\/clartan.com\/fr\/#organization"},"alternateName":"Clartan","potentialAction":[{"@type":"SearchAction","target":{"@type":"EntryPoint","urlTemplate":"https:\/\/clartan.com\/fr\/?s={search_term_string}"},"query-input":{"@type":"PropertyValueSpecification","valueRequired":true,"valueName":"search_term_string"}}],"inLanguage":"fr-FR"},{"@type":"Organization","@id":"https:\/\/clartan.com\/fr\/#organization","name":"Clartan Associ\u00e9s","alternateName":"Clartan","url":"https:\/\/clartan.com\/fr\/","logo":{"@type":"ImageObject","inLanguage":"fr-FR","@id":"https:\/\/clartan.com\/fr\/#\/schema\/logo\/image\/","url":"https:\/\/clartan.com\/fr\/wp-content\/uploads\/2025\/12\/Favicon-2.png","contentUrl":"https:\/\/clartan.com\/fr\/wp-content\/uploads\/2025\/12\/Favicon-2.png","width":1024,"height":1024,"caption":"Clartan Associ\u00e9s"},"image":{"@id":"https:\/\/clartan.com\/fr\/#\/schema\/logo\/image\/"},"sameAs":["https:\/\/www.linkedin.com\/company\/clartan-associes\/","https:\/\/www.youtube.com\/@clartanassocies3040"],"description":"Maison de gestion ind\u00e9pendante depuis 1986,\u2028Clartan Associ\u00e9s met en \u0153uvre une gestion solide et \u00e9prouv\u00e9e, fond\u00e9e sur la coll\u00e9gialit\u00e9.","email":"contact@clartan.com","telephone":"+33 1 53 77 60 80","legalName":"Clartan Associ\u00e9s","foundingDate":"1986-12-01","vatID":"FR18339485161","taxID":"33948516100097","leiCode":"969500AFMNSMC5R97K50"},{"@type":"Person","@id":"https:\/\/clartan.com\/fr\/#\/schema\/person\/de05ecfc1c8da5c743e0c0fede617758","name":"aaccary","image":{"@type":"ImageObject","inLanguage":"fr-FR","@id":"https:\/\/secure.gravatar.com\/avatar\/4804a0bc6c3515aa5a54cb0a2b8af120fa6dec8d1fbdea96bb96042b09541d21?s=96&d=mm&r=g","url":"https:\/\/secure.gravatar.com\/avatar\/4804a0bc6c3515aa5a54cb0a2b8af120fa6dec8d1fbdea96bb96042b09541d21?s=96&d=mm&r=g","contentUrl":"https:\/\/secure.gravatar.com\/avatar\/4804a0bc6c3515aa5a54cb0a2b8af120fa6dec8d1fbdea96bb96042b09541d21?s=96&d=mm&r=g","caption":"aaccary"}}]}},"_links":{"self":[{"href":"https:\/\/clartan.com\/fr\/wp-json\/wp\/v2\/posts\/3488","targetHints":{"allow":["GET"]}}],"collection":[{"href":"https:\/\/clartan.com\/fr\/wp-json\/wp\/v2\/posts"}],"about":[{"href":"https:\/\/clartan.com\/fr\/wp-json\/wp\/v2\/types\/post"}],"author":[{"embeddable":true,"href":"https:\/\/clartan.com\/fr\/wp-json\/wp\/v2\/users\/2"}],"replies":[{"embeddable":true,"href":"https:\/\/clartan.com\/fr\/wp-json\/wp\/v2\/comments?post=3488"}],"version-history":[{"count":0,"href":"https:\/\/clartan.com\/fr\/wp-json\/wp\/v2\/posts\/3488\/revisions"}],"wp:featuredmedia":[{"embeddable":true,"href":"https:\/\/clartan.com\/fr\/wp-json\/wp\/v2\/media\/4289"}],"wp:attachment":[{"href":"https:\/\/clartan.com\/fr\/wp-json\/wp\/v2\/media?parent=3488"}],"wp:term":[{"taxonomy":"category","embeddable":true,"href":"https:\/\/clartan.com\/fr\/wp-json\/wp\/v2\/categories?post=3488"},{"taxonomy":"post_tag","embeddable":true,"href":"https:\/\/clartan.com\/fr\/wp-json\/wp\/v2\/tags?post=3488"}],"curies":[{"name":"wp","href":"https:\/\/api.w.org\/{rel}","templated":true}]}}