{"id":3557,"date":"2022-06-21T12:57:00","date_gmt":"2022-06-21T10:57:00","guid":{"rendered":"https:\/\/staging-clartan.plp.fr\/fr\/?p=3557"},"modified":"2023-02-01T14:35:19","modified_gmt":"2023-02-01T13:35:19","slug":"clartan-associes-etait-present-a-la-4e-edition-du-sommet-bfm-patrimoine","status":"publish","type":"post","link":"https:\/\/clartan.com\/fr\/actualites\/clartan-associes-etait-present-a-la-4e-edition-du-sommet-bfm-patrimoine\/","title":{"rendered":"Clartan Associ\u00e9s \u00e9tait pr\u00e9sent \u00e0 la 4e \u00e9dition du Sommet BFM Patrimoine"},"content":{"rendered":"\n<p class=\"has-xlarge-font-size\">Nous \u00e9tions ravis d\u2019\u00e9changer avec vous le 21 juin dernier au Carrousel du Louvre \u00e0 Paris.<\/p>\n\n\n\n<p class=\"has-large-font-size\">Vous \u00e9tiez nombreux \u00e0 venir partager nos actualit\u00e9s&nbsp;:<\/p>\n\n\n\n<ul class=\"wp-block-list\">\n<li>Clartan Valeurs : rentabilit\u00e9 et sous-\u00e9valuation<\/li>\n\n\n\n<li>Clartan Ethos ESG Europe Small &amp; Mid Cap : r\u00e9sultats extra-financiers<\/li>\n\n\n\n<li>Performances gestion d\u00e9l\u00e9gu\u00e9e<\/li>\n<\/ul>\n\n\n\n<p class=\"has-large-font-size\">Toute l&rsquo;\u00e9quipe de Clartan Associ\u00e9s reste \u00e0 votre disposition pour tout compl\u00e9ment d\u2019information.<\/p>\n","protected":false},"excerpt":{"rendered":"<p>Nous \u00e9tions ravis d\u2019\u00e9changer avec vous le 21 juin dernier au Carrousel du Louvre \u00e0 Paris.<\/p>\n","protected":false},"author":2,"featured_media":4299,"comment_status":"closed","ping_status":"closed","sticky":false,"template":"","format":"standard","meta":{"_acf_changed":false,"inline_featured_image":false,"footnotes":""},"categories":[5],"tags":[],"class_list":["post-3557","post","type-post","status-publish","format-standard","has-post-thumbnail","hentry","category-actualites"],"acf":[],"yoast_head":"<!-- This site is optimized with the Yoast SEO Premium plugin v26.2 (Yoast SEO v27.4) - https:\/\/yoast.com\/product\/yoast-seo-premium-wordpress\/ -->\n<title>Clartan Associ\u00e9s \u00e9tait pr\u00e9sent \u00e0 la 4e \u00e9dition du Sommet BFM Patrimoine - Clartan Associ\u00e9s<\/title>\n<meta name=\"robots\" content=\"index, follow, max-snippet:-1, max-image-preview:large, max-video-preview:-1\" \/>\n<link rel=\"canonical\" href=\"https:\/\/clartan.com\/fr\/actualites\/clartan-associes-etait-present-a-la-4e-edition-du-sommet-bfm-patrimoine\/\" \/>\n<meta property=\"og:locale\" content=\"fr_FR\" \/>\n<meta property=\"og:type\" content=\"article\" \/>\n<meta property=\"og:title\" content=\"Clartan Associ\u00e9s \u00e9tait pr\u00e9sent \u00e0 la 4e \u00e9dition du Sommet BFM Patrimoine\" \/>\n<meta property=\"og:url\" content=\"https:\/\/clartan.com\/fr\/actualites\/clartan-associes-etait-present-a-la-4e-edition-du-sommet-bfm-patrimoine\/\" \/>\n<meta property=\"og:site_name\" content=\"Clartan Associ\u00e9s FR\" \/>\n<meta property=\"article:published_time\" content=\"2022-06-21T10:57:00+00:00\" \/>\n<meta property=\"article:modified_time\" content=\"2023-02-01T13:35:19+00:00\" \/>\n<meta property=\"og:image\" content=\"https:\/\/clartan.com\/fr\/wp-content\/uploads\/2022\/06\/Capture-decran-2023-02-01-a-14.33.33.png\" \/>\n\t<meta property=\"og:image:width\" content=\"936\" \/>\n\t<meta property=\"og:image:height\" content=\"490\" \/>\n\t<meta property=\"og:image:type\" content=\"image\/png\" \/>\n<meta name=\"author\" content=\"aaccary\" \/>\n<meta name=\"twitter:card\" content=\"summary_large_image\" \/>\n<script type=\"application\/ld+json\" class=\"yoast-schema-graph\">{\"@context\":\"https:\\\/\\\/schema.org\",\"@graph\":[{\"@type\":\"Article\",\"@id\":\"https:\\\/\\\/clartan.com\\\/fr\\\/actualites\\\/clartan-associes-etait-present-a-la-4e-edition-du-sommet-bfm-patrimoine\\\/#article\",\"isPartOf\":{\"@id\":\"https:\\\/\\\/clartan.com\\\/fr\\\/actualites\\\/clartan-associes-etait-present-a-la-4e-edition-du-sommet-bfm-patrimoine\\\/\"},\"author\":{\"name\":\"aaccary\",\"@id\":\"https:\\\/\\\/clartan.com\\\/fr\\\/#\\\/schema\\\/person\\\/de05ecfc1c8da5c743e0c0fede617758\"},\"headline\":\"Clartan Associ\u00e9s \u00e9tait pr\u00e9sent \u00e0 la 4e \u00e9dition du Sommet BFM Patrimoine\",\"datePublished\":\"2022-06-21T10:57:00+00:00\",\"dateModified\":\"2023-02-01T13:35:19+00:00\",\"mainEntityOfPage\":{\"@id\":\"https:\\\/\\\/clartan.com\\\/fr\\\/actualites\\\/clartan-associes-etait-present-a-la-4e-edition-du-sommet-bfm-patrimoine\\\/\"},\"wordCount\":76,\"publisher\":{\"@id\":\"https:\\\/\\\/clartan.com\\\/fr\\\/#organization\"},\"image\":{\"@id\":\"https:\\\/\\\/clartan.com\\\/fr\\\/actualites\\\/clartan-associes-etait-present-a-la-4e-edition-du-sommet-bfm-patrimoine\\\/#primaryimage\"},\"thumbnailUrl\":\"https:\\\/\\\/clartan.com\\\/fr\\\/wp-content\\\/uploads\\\/2022\\\/06\\\/Capture-decran-2023-02-01-a-14.33.33.png\",\"articleSection\":[\"Actualit\u00e9s\"],\"inLanguage\":\"fr-FR\"},{\"@type\":\"WebPage\",\"@id\":\"https:\\\/\\\/clartan.com\\\/fr\\\/actualites\\\/clartan-associes-etait-present-a-la-4e-edition-du-sommet-bfm-patrimoine\\\/\",\"url\":\"https:\\\/\\\/clartan.com\\\/fr\\\/actualites\\\/clartan-associes-etait-present-a-la-4e-edition-du-sommet-bfm-patrimoine\\\/\",\"name\":\"Clartan Associ\u00e9s \u00e9tait pr\u00e9sent \u00e0 la 4e \u00e9dition du Sommet BFM Patrimoine - Clartan Associ\u00e9s\",\"isPartOf\":{\"@id\":\"https:\\\/\\\/clartan.com\\\/fr\\\/#website\"},\"primaryImageOfPage\":{\"@id\":\"https:\\\/\\\/clartan.com\\\/fr\\\/actualites\\\/clartan-associes-etait-present-a-la-4e-edition-du-sommet-bfm-patrimoine\\\/#primaryimage\"},\"image\":{\"@id\":\"https:\\\/\\\/clartan.com\\\/fr\\\/actualites\\\/clartan-associes-etait-present-a-la-4e-edition-du-sommet-bfm-patrimoine\\\/#primaryimage\"},\"thumbnailUrl\":\"https:\\\/\\\/clartan.com\\\/fr\\\/wp-content\\\/uploads\\\/2022\\\/06\\\/Capture-decran-2023-02-01-a-14.33.33.png\",\"datePublished\":\"2022-06-21T10:57:00+00:00\",\"dateModified\":\"2023-02-01T13:35:19+00:00\",\"breadcrumb\":{\"@id\":\"https:\\\/\\\/clartan.com\\\/fr\\\/actualites\\\/clartan-associes-etait-present-a-la-4e-edition-du-sommet-bfm-patrimoine\\\/#breadcrumb\"},\"inLanguage\":\"fr-FR\",\"potentialAction\":[{\"@type\":\"ReadAction\",\"target\":[\"https:\\\/\\\/clartan.com\\\/fr\\\/actualites\\\/clartan-associes-etait-present-a-la-4e-edition-du-sommet-bfm-patrimoine\\\/\"]}]},{\"@type\":\"ImageObject\",\"inLanguage\":\"fr-FR\",\"@id\":\"https:\\\/\\\/clartan.com\\\/fr\\\/actualites\\\/clartan-associes-etait-present-a-la-4e-edition-du-sommet-bfm-patrimoine\\\/#primaryimage\",\"url\":\"https:\\\/\\\/clartan.com\\\/fr\\\/wp-content\\\/uploads\\\/2022\\\/06\\\/Capture-decran-2023-02-01-a-14.33.33.png\",\"contentUrl\":\"https:\\\/\\\/clartan.com\\\/fr\\\/wp-content\\\/uploads\\\/2022\\\/06\\\/Capture-decran-2023-02-01-a-14.33.33.png\",\"width\":936,\"height\":490},{\"@type\":\"BreadcrumbList\",\"@id\":\"https:\\\/\\\/clartan.com\\\/fr\\\/actualites\\\/clartan-associes-etait-present-a-la-4e-edition-du-sommet-bfm-patrimoine\\\/#breadcrumb\",\"itemListElement\":[{\"@type\":\"ListItem\",\"position\":1,\"name\":\"Accueil\",\"item\":\"https:\\\/\\\/clartan.com\\\/fr\\\/\"},{\"@type\":\"ListItem\",\"position\":2,\"name\":\"Clartan Associ\u00e9s \u00e9tait pr\u00e9sent \u00e0 la 4e \u00e9dition du Sommet BFM Patrimoine\"}]},{\"@type\":\"WebSite\",\"@id\":\"https:\\\/\\\/clartan.com\\\/fr\\\/#website\",\"url\":\"https:\\\/\\\/clartan.com\\\/fr\\\/\",\"name\":\"Clartan Associ\u00e9s FR\",\"description\":\"Maison de Gestion ind\u00e9pendante\",\"publisher\":{\"@id\":\"https:\\\/\\\/clartan.com\\\/fr\\\/#organization\"},\"alternateName\":\"Clartan\",\"potentialAction\":[{\"@type\":\"SearchAction\",\"target\":{\"@type\":\"EntryPoint\",\"urlTemplate\":\"https:\\\/\\\/clartan.com\\\/fr\\\/?s={search_term_string}\"},\"query-input\":{\"@type\":\"PropertyValueSpecification\",\"valueRequired\":true,\"valueName\":\"search_term_string\"}}],\"inLanguage\":\"fr-FR\"},{\"@type\":\"Organization\",\"@id\":\"https:\\\/\\\/clartan.com\\\/fr\\\/#organization\",\"name\":\"Clartan Associ\u00e9s\",\"alternateName\":\"Clartan\",\"url\":\"https:\\\/\\\/clartan.com\\\/fr\\\/\",\"logo\":{\"@type\":\"ImageObject\",\"inLanguage\":\"fr-FR\",\"@id\":\"https:\\\/\\\/clartan.com\\\/fr\\\/#\\\/schema\\\/logo\\\/image\\\/\",\"url\":\"https:\\\/\\\/clartan.com\\\/fr\\\/wp-content\\\/uploads\\\/2025\\\/12\\\/Favicon-2.png\",\"contentUrl\":\"https:\\\/\\\/clartan.com\\\/fr\\\/wp-content\\\/uploads\\\/2025\\\/12\\\/Favicon-2.png\",\"width\":1024,\"height\":1024,\"caption\":\"Clartan Associ\u00e9s\"},\"image\":{\"@id\":\"https:\\\/\\\/clartan.com\\\/fr\\\/#\\\/schema\\\/logo\\\/image\\\/\"},\"sameAs\":[\"https:\\\/\\\/www.linkedin.com\\\/company\\\/clartan-associes\\\/\",\"https:\\\/\\\/www.youtube.com\\\/@clartanassocies3040\"],\"description\":\"Maison de gestion ind\u00e9pendante depuis 1986,\\u2028Clartan Associ\u00e9s met en \u0153uvre une gestion solide et \u00e9prouv\u00e9e, fond\u00e9e sur la coll\u00e9gialit\u00e9.\",\"email\":\"contact@clartan.com\",\"telephone\":\"+33 1 53 77 60 80\",\"legalName\":\"Clartan Associ\u00e9s\",\"foundingDate\":\"1986-12-01\",\"vatID\":\"FR18339485161\",\"taxID\":\"33948516100097\",\"leiCode\":\"969500AFMNSMC5R97K50\"},{\"@type\":\"Person\",\"@id\":\"https:\\\/\\\/clartan.com\\\/fr\\\/#\\\/schema\\\/person\\\/de05ecfc1c8da5c743e0c0fede617758\",\"name\":\"aaccary\",\"image\":{\"@type\":\"ImageObject\",\"inLanguage\":\"fr-FR\",\"@id\":\"https:\\\/\\\/secure.gravatar.com\\\/avatar\\\/4804a0bc6c3515aa5a54cb0a2b8af120fa6dec8d1fbdea96bb96042b09541d21?s=96&d=mm&r=g\",\"url\":\"https:\\\/\\\/secure.gravatar.com\\\/avatar\\\/4804a0bc6c3515aa5a54cb0a2b8af120fa6dec8d1fbdea96bb96042b09541d21?s=96&d=mm&r=g\",\"contentUrl\":\"https:\\\/\\\/secure.gravatar.com\\\/avatar\\\/4804a0bc6c3515aa5a54cb0a2b8af120fa6dec8d1fbdea96bb96042b09541d21?s=96&d=mm&r=g\",\"caption\":\"aaccary\"}}]}<\/script>\n<!-- \/ Yoast SEO Premium plugin. -->","yoast_head_json":{"title":"Clartan Associ\u00e9s \u00e9tait pr\u00e9sent \u00e0 la 4e \u00e9dition du Sommet BFM Patrimoine - Clartan Associ\u00e9s","robots":{"index":"index","follow":"follow","max-snippet":"max-snippet:-1","max-image-preview":"max-image-preview:large","max-video-preview":"max-video-preview:-1"},"canonical":"https:\/\/clartan.com\/fr\/actualites\/clartan-associes-etait-present-a-la-4e-edition-du-sommet-bfm-patrimoine\/","og_locale":"fr_FR","og_type":"article","og_title":"Clartan Associ\u00e9s \u00e9tait pr\u00e9sent \u00e0 la 4e \u00e9dition du Sommet BFM Patrimoine","og_url":"https:\/\/clartan.com\/fr\/actualites\/clartan-associes-etait-present-a-la-4e-edition-du-sommet-bfm-patrimoine\/","og_site_name":"Clartan Associ\u00e9s FR","article_published_time":"2022-06-21T10:57:00+00:00","article_modified_time":"2023-02-01T13:35:19+00:00","og_image":[{"width":936,"height":490,"url":"https:\/\/clartan.com\/fr\/wp-content\/uploads\/2022\/06\/Capture-decran-2023-02-01-a-14.33.33.png","type":"image\/png"}],"author":"aaccary","twitter_card":"summary_large_image","schema":{"@context":"https:\/\/schema.org","@graph":[{"@type":"Article","@id":"https:\/\/clartan.com\/fr\/actualites\/clartan-associes-etait-present-a-la-4e-edition-du-sommet-bfm-patrimoine\/#article","isPartOf":{"@id":"https:\/\/clartan.com\/fr\/actualites\/clartan-associes-etait-present-a-la-4e-edition-du-sommet-bfm-patrimoine\/"},"author":{"name":"aaccary","@id":"https:\/\/clartan.com\/fr\/#\/schema\/person\/de05ecfc1c8da5c743e0c0fede617758"},"headline":"Clartan Associ\u00e9s \u00e9tait pr\u00e9sent \u00e0 la 4e \u00e9dition du Sommet BFM Patrimoine","datePublished":"2022-06-21T10:57:00+00:00","dateModified":"2023-02-01T13:35:19+00:00","mainEntityOfPage":{"@id":"https:\/\/clartan.com\/fr\/actualites\/clartan-associes-etait-present-a-la-4e-edition-du-sommet-bfm-patrimoine\/"},"wordCount":76,"publisher":{"@id":"https:\/\/clartan.com\/fr\/#organization"},"image":{"@id":"https:\/\/clartan.com\/fr\/actualites\/clartan-associes-etait-present-a-la-4e-edition-du-sommet-bfm-patrimoine\/#primaryimage"},"thumbnailUrl":"https:\/\/clartan.com\/fr\/wp-content\/uploads\/2022\/06\/Capture-decran-2023-02-01-a-14.33.33.png","articleSection":["Actualit\u00e9s"],"inLanguage":"fr-FR"},{"@type":"WebPage","@id":"https:\/\/clartan.com\/fr\/actualites\/clartan-associes-etait-present-a-la-4e-edition-du-sommet-bfm-patrimoine\/","url":"https:\/\/clartan.com\/fr\/actualites\/clartan-associes-etait-present-a-la-4e-edition-du-sommet-bfm-patrimoine\/","name":"Clartan Associ\u00e9s \u00e9tait pr\u00e9sent \u00e0 la 4e \u00e9dition du Sommet BFM Patrimoine - Clartan Associ\u00e9s","isPartOf":{"@id":"https:\/\/clartan.com\/fr\/#website"},"primaryImageOfPage":{"@id":"https:\/\/clartan.com\/fr\/actualites\/clartan-associes-etait-present-a-la-4e-edition-du-sommet-bfm-patrimoine\/#primaryimage"},"image":{"@id":"https:\/\/clartan.com\/fr\/actualites\/clartan-associes-etait-present-a-la-4e-edition-du-sommet-bfm-patrimoine\/#primaryimage"},"thumbnailUrl":"https:\/\/clartan.com\/fr\/wp-content\/uploads\/2022\/06\/Capture-decran-2023-02-01-a-14.33.33.png","datePublished":"2022-06-21T10:57:00+00:00","dateModified":"2023-02-01T13:35:19+00:00","breadcrumb":{"@id":"https:\/\/clartan.com\/fr\/actualites\/clartan-associes-etait-present-a-la-4e-edition-du-sommet-bfm-patrimoine\/#breadcrumb"},"inLanguage":"fr-FR","potentialAction":[{"@type":"ReadAction","target":["https:\/\/clartan.com\/fr\/actualites\/clartan-associes-etait-present-a-la-4e-edition-du-sommet-bfm-patrimoine\/"]}]},{"@type":"ImageObject","inLanguage":"fr-FR","@id":"https:\/\/clartan.com\/fr\/actualites\/clartan-associes-etait-present-a-la-4e-edition-du-sommet-bfm-patrimoine\/#primaryimage","url":"https:\/\/clartan.com\/fr\/wp-content\/uploads\/2022\/06\/Capture-decran-2023-02-01-a-14.33.33.png","contentUrl":"https:\/\/clartan.com\/fr\/wp-content\/uploads\/2022\/06\/Capture-decran-2023-02-01-a-14.33.33.png","width":936,"height":490},{"@type":"BreadcrumbList","@id":"https:\/\/clartan.com\/fr\/actualites\/clartan-associes-etait-present-a-la-4e-edition-du-sommet-bfm-patrimoine\/#breadcrumb","itemListElement":[{"@type":"ListItem","position":1,"name":"Accueil","item":"https:\/\/clartan.com\/fr\/"},{"@type":"ListItem","position":2,"name":"Clartan Associ\u00e9s \u00e9tait pr\u00e9sent \u00e0 la 4e \u00e9dition du Sommet BFM Patrimoine"}]},{"@type":"WebSite","@id":"https:\/\/clartan.com\/fr\/#website","url":"https:\/\/clartan.com\/fr\/","name":"Clartan Associ\u00e9s FR","description":"Maison de Gestion ind\u00e9pendante","publisher":{"@id":"https:\/\/clartan.com\/fr\/#organization"},"alternateName":"Clartan","potentialAction":[{"@type":"SearchAction","target":{"@type":"EntryPoint","urlTemplate":"https:\/\/clartan.com\/fr\/?s={search_term_string}"},"query-input":{"@type":"PropertyValueSpecification","valueRequired":true,"valueName":"search_term_string"}}],"inLanguage":"fr-FR"},{"@type":"Organization","@id":"https:\/\/clartan.com\/fr\/#organization","name":"Clartan Associ\u00e9s","alternateName":"Clartan","url":"https:\/\/clartan.com\/fr\/","logo":{"@type":"ImageObject","inLanguage":"fr-FR","@id":"https:\/\/clartan.com\/fr\/#\/schema\/logo\/image\/","url":"https:\/\/clartan.com\/fr\/wp-content\/uploads\/2025\/12\/Favicon-2.png","contentUrl":"https:\/\/clartan.com\/fr\/wp-content\/uploads\/2025\/12\/Favicon-2.png","width":1024,"height":1024,"caption":"Clartan Associ\u00e9s"},"image":{"@id":"https:\/\/clartan.com\/fr\/#\/schema\/logo\/image\/"},"sameAs":["https:\/\/www.linkedin.com\/company\/clartan-associes\/","https:\/\/www.youtube.com\/@clartanassocies3040"],"description":"Maison de gestion ind\u00e9pendante depuis 1986,\u2028Clartan Associ\u00e9s met en \u0153uvre une gestion solide et \u00e9prouv\u00e9e, fond\u00e9e sur la coll\u00e9gialit\u00e9.","email":"contact@clartan.com","telephone":"+33 1 53 77 60 80","legalName":"Clartan Associ\u00e9s","foundingDate":"1986-12-01","vatID":"FR18339485161","taxID":"33948516100097","leiCode":"969500AFMNSMC5R97K50"},{"@type":"Person","@id":"https:\/\/clartan.com\/fr\/#\/schema\/person\/de05ecfc1c8da5c743e0c0fede617758","name":"aaccary","image":{"@type":"ImageObject","inLanguage":"fr-FR","@id":"https:\/\/secure.gravatar.com\/avatar\/4804a0bc6c3515aa5a54cb0a2b8af120fa6dec8d1fbdea96bb96042b09541d21?s=96&d=mm&r=g","url":"https:\/\/secure.gravatar.com\/avatar\/4804a0bc6c3515aa5a54cb0a2b8af120fa6dec8d1fbdea96bb96042b09541d21?s=96&d=mm&r=g","contentUrl":"https:\/\/secure.gravatar.com\/avatar\/4804a0bc6c3515aa5a54cb0a2b8af120fa6dec8d1fbdea96bb96042b09541d21?s=96&d=mm&r=g","caption":"aaccary"}}]}},"_links":{"self":[{"href":"https:\/\/clartan.com\/fr\/wp-json\/wp\/v2\/posts\/3557","targetHints":{"allow":["GET"]}}],"collection":[{"href":"https:\/\/clartan.com\/fr\/wp-json\/wp\/v2\/posts"}],"about":[{"href":"https:\/\/clartan.com\/fr\/wp-json\/wp\/v2\/types\/post"}],"author":[{"embeddable":true,"href":"https:\/\/clartan.com\/fr\/wp-json\/wp\/v2\/users\/2"}],"replies":[{"embeddable":true,"href":"https:\/\/clartan.com\/fr\/wp-json\/wp\/v2\/comments?post=3557"}],"version-history":[{"count":0,"href":"https:\/\/clartan.com\/fr\/wp-json\/wp\/v2\/posts\/3557\/revisions"}],"wp:featuredmedia":[{"embeddable":true,"href":"https:\/\/clartan.com\/fr\/wp-json\/wp\/v2\/media\/4299"}],"wp:attachment":[{"href":"https:\/\/clartan.com\/fr\/wp-json\/wp\/v2\/media?parent=3557"}],"wp:term":[{"taxonomy":"category","embeddable":true,"href":"https:\/\/clartan.com\/fr\/wp-json\/wp\/v2\/categories?post=3557"},{"taxonomy":"post_tag","embeddable":true,"href":"https:\/\/clartan.com\/fr\/wp-json\/wp\/v2\/tags?post=3557"}],"curies":[{"name":"wp","href":"https:\/\/api.w.org\/{rel}","templated":true}]}}