{"id":3707,"date":"2022-09-29T17:45:39","date_gmt":"2022-09-29T15:45:39","guid":{"rendered":"https:\/\/www.clartan.com\/fr\/?p=3707"},"modified":"2022-10-17T16:02:30","modified_gmt":"2022-10-17T14:02:30","slug":"lartan-associes-renforce-son-equipe-commerciale-et-recherche-un-commercial-relations-partenaires-cgp","status":"publish","type":"post","link":"https:\/\/clartan.com\/fr\/actualites\/lartan-associes-renforce-son-equipe-commerciale-et-recherche-un-commercial-relations-partenaires-cgp\/","title":{"rendered":"Clartan Associ\u00e9s renforce son \u00e9quipe commerciale et recherche un Commercial Relations Partenaires CGP"},"content":{"rendered":"\n<p class=\"has-large-font-size\">Nous recrutons un commercial relations partenaires CGP qui interviendra sur toute la France pour animer et d\u00e9velopper notre r\u00e9seau de partenaires. Si vous avez le sens du contact et souhaitez \u00e9voluer dans une soci\u00e9t\u00e9 reconnue et \u00e0 taille humaine, vous avez peut-\u00eatre le profil pour ce poste.<\/p>\n\n\n\n<p class=\"has-large-font-size\">Envoyer votre CV et votre lettre de candidature \u00e0 Michel Legros&nbsp;<a href=\"mailto:ml@clartan.com\">ml@clartan.com<\/a><\/p>\n\n\n\n<div class=\"wp-block-file is-style-file-theme-style-2\"><a id=\"wp-block-file--media-8b09be45-f1d3-437c-ad37-e4872ab5f752\" href=\"https:\/\/clartan.com\/fr\/wp-content\/uploads\/2022\/09\/2022-09-27-Fiche-Poste-Commercial-Relations-Partenaires-CGP-Clartan-Associe\u0301s-1.pdf\">Fiche de poste Commercial Relations Partenaires CGP &#8211; Clartan Associe\u0301s<\/a><\/div>\n","protected":false},"excerpt":{"rendered":"<p>Nous recrutons un commercial relations partenaires CGP qui interviendra sur toute la France pour animer et d\u00e9velopper notre r\u00e9seau de partenaires. Si vous avez le sens du contact et souhaitez \u00e9voluer dans une soci\u00e9t\u00e9 reconnue et \u00e0 taille humaine, vous avez peut-\u00eatre le profil pour ce poste. Envoyer votre CV et votre lettre de candidature [&hellip;]<\/p>\n","protected":false},"author":6,"featured_media":3856,"comment_status":"closed","ping_status":"closed","sticky":false,"template":"","format":"standard","meta":{"_acf_changed":false,"inline_featured_image":false,"footnotes":""},"categories":[5],"tags":[],"class_list":["post-3707","post","type-post","status-publish","format-standard","has-post-thumbnail","hentry","category-actualites"],"acf":[],"yoast_head":"<!-- This site is optimized with the Yoast SEO Premium plugin v26.2 (Yoast SEO v27.4) - https:\/\/yoast.com\/product\/yoast-seo-premium-wordpress\/ -->\n<title>Clartan Associ\u00e9s renforce son \u00e9quipe commerciale et recherche un Commercial Relations Partenaires CGP - Clartan Associ\u00e9s<\/title>\n<meta name=\"robots\" content=\"index, follow, max-snippet:-1, max-image-preview:large, max-video-preview:-1\" \/>\n<link rel=\"canonical\" href=\"https:\/\/clartan.com\/fr\/actualites\/lartan-associes-renforce-son-equipe-commerciale-et-recherche-un-commercial-relations-partenaires-cgp\/\" \/>\n<meta property=\"og:locale\" content=\"fr_FR\" \/>\n<meta property=\"og:type\" content=\"article\" \/>\n<meta property=\"og:title\" content=\"Clartan Associ\u00e9s renforce son \u00e9quipe commerciale et recherche un Commercial Relations Partenaires CGP\" \/>\n<meta property=\"og:url\" content=\"https:\/\/clartan.com\/fr\/actualites\/lartan-associes-renforce-son-equipe-commerciale-et-recherche-un-commercial-relations-partenaires-cgp\/\" \/>\n<meta property=\"og:site_name\" content=\"Clartan Associ\u00e9s FR\" \/>\n<meta property=\"article:published_time\" content=\"2022-09-29T15:45:39+00:00\" \/>\n<meta property=\"article:modified_time\" content=\"2022-10-17T14:02:30+00:00\" \/>\n<meta property=\"og:image\" content=\"https:\/\/clartan.com\/fr\/wp-content\/uploads\/2022\/09\/Logo-Clartan-Paves-1152x648.jpg-scaled.jpeg\" \/>\n\t<meta property=\"og:image:width\" content=\"2560\" \/>\n\t<meta property=\"og:image:height\" content=\"1440\" \/>\n\t<meta property=\"og:image:type\" content=\"image\/jpeg\" \/>\n<meta name=\"author\" content=\"Ang\u00e9lique-Kristel Leblois\" \/>\n<meta name=\"twitter:card\" content=\"summary_large_image\" \/>\n<script type=\"application\/ld+json\" class=\"yoast-schema-graph\">{\"@context\":\"https:\\\/\\\/schema.org\",\"@graph\":[{\"@type\":\"Article\",\"@id\":\"https:\\\/\\\/clartan.com\\\/fr\\\/actualites\\\/lartan-associes-renforce-son-equipe-commerciale-et-recherche-un-commercial-relations-partenaires-cgp\\\/#article\",\"isPartOf\":{\"@id\":\"https:\\\/\\\/clartan.com\\\/fr\\\/actualites\\\/lartan-associes-renforce-son-equipe-commerciale-et-recherche-un-commercial-relations-partenaires-cgp\\\/\"},\"author\":{\"name\":\"Ang\u00e9lique-Kristel Leblois\",\"@id\":\"https:\\\/\\\/clartan.com\\\/fr\\\/#\\\/schema\\\/person\\\/8d49045b130d9fb92b24f5d3796a9fd0\"},\"headline\":\"Clartan Associ\u00e9s renforce son \u00e9quipe commerciale et recherche un Commercial Relations Partenaires CGP\",\"datePublished\":\"2022-09-29T15:45:39+00:00\",\"dateModified\":\"2022-10-17T14:02:30+00:00\",\"mainEntityOfPage\":{\"@id\":\"https:\\\/\\\/clartan.com\\\/fr\\\/actualites\\\/lartan-associes-renforce-son-equipe-commerciale-et-recherche-un-commercial-relations-partenaires-cgp\\\/\"},\"wordCount\":89,\"publisher\":{\"@id\":\"https:\\\/\\\/clartan.com\\\/fr\\\/#organization\"},\"image\":{\"@id\":\"https:\\\/\\\/clartan.com\\\/fr\\\/actualites\\\/lartan-associes-renforce-son-equipe-commerciale-et-recherche-un-commercial-relations-partenaires-cgp\\\/#primaryimage\"},\"thumbnailUrl\":\"https:\\\/\\\/clartan.com\\\/fr\\\/wp-content\\\/uploads\\\/2022\\\/09\\\/Logo-Clartan-Paves-1152x648.jpg-scaled.jpeg\",\"articleSection\":[\"Actualit\u00e9s\"],\"inLanguage\":\"fr-FR\"},{\"@type\":\"WebPage\",\"@id\":\"https:\\\/\\\/clartan.com\\\/fr\\\/actualites\\\/lartan-associes-renforce-son-equipe-commerciale-et-recherche-un-commercial-relations-partenaires-cgp\\\/\",\"url\":\"https:\\\/\\\/clartan.com\\\/fr\\\/actualites\\\/lartan-associes-renforce-son-equipe-commerciale-et-recherche-un-commercial-relations-partenaires-cgp\\\/\",\"name\":\"Clartan Associ\u00e9s renforce son \u00e9quipe commerciale et recherche un Commercial Relations Partenaires CGP - Clartan Associ\u00e9s\",\"isPartOf\":{\"@id\":\"https:\\\/\\\/clartan.com\\\/fr\\\/#website\"},\"primaryImageOfPage\":{\"@id\":\"https:\\\/\\\/clartan.com\\\/fr\\\/actualites\\\/lartan-associes-renforce-son-equipe-commerciale-et-recherche-un-commercial-relations-partenaires-cgp\\\/#primaryimage\"},\"image\":{\"@id\":\"https:\\\/\\\/clartan.com\\\/fr\\\/actualites\\\/lartan-associes-renforce-son-equipe-commerciale-et-recherche-un-commercial-relations-partenaires-cgp\\\/#primaryimage\"},\"thumbnailUrl\":\"https:\\\/\\\/clartan.com\\\/fr\\\/wp-content\\\/uploads\\\/2022\\\/09\\\/Logo-Clartan-Paves-1152x648.jpg-scaled.jpeg\",\"datePublished\":\"2022-09-29T15:45:39+00:00\",\"dateModified\":\"2022-10-17T14:02:30+00:00\",\"breadcrumb\":{\"@id\":\"https:\\\/\\\/clartan.com\\\/fr\\\/actualites\\\/lartan-associes-renforce-son-equipe-commerciale-et-recherche-un-commercial-relations-partenaires-cgp\\\/#breadcrumb\"},\"inLanguage\":\"fr-FR\",\"potentialAction\":[{\"@type\":\"ReadAction\",\"target\":[\"https:\\\/\\\/clartan.com\\\/fr\\\/actualites\\\/lartan-associes-renforce-son-equipe-commerciale-et-recherche-un-commercial-relations-partenaires-cgp\\\/\"]}]},{\"@type\":\"ImageObject\",\"inLanguage\":\"fr-FR\",\"@id\":\"https:\\\/\\\/clartan.com\\\/fr\\\/actualites\\\/lartan-associes-renforce-son-equipe-commerciale-et-recherche-un-commercial-relations-partenaires-cgp\\\/#primaryimage\",\"url\":\"https:\\\/\\\/clartan.com\\\/fr\\\/wp-content\\\/uploads\\\/2022\\\/09\\\/Logo-Clartan-Paves-1152x648.jpg-scaled.jpeg\",\"contentUrl\":\"https:\\\/\\\/clartan.com\\\/fr\\\/wp-content\\\/uploads\\\/2022\\\/09\\\/Logo-Clartan-Paves-1152x648.jpg-scaled.jpeg\",\"width\":2560,\"height\":1440},{\"@type\":\"BreadcrumbList\",\"@id\":\"https:\\\/\\\/clartan.com\\\/fr\\\/actualites\\\/lartan-associes-renforce-son-equipe-commerciale-et-recherche-un-commercial-relations-partenaires-cgp\\\/#breadcrumb\",\"itemListElement\":[{\"@type\":\"ListItem\",\"position\":1,\"name\":\"Accueil\",\"item\":\"https:\\\/\\\/clartan.com\\\/fr\\\/\"},{\"@type\":\"ListItem\",\"position\":2,\"name\":\"Clartan Associ\u00e9s renforce son \u00e9quipe commerciale et recherche un Commercial Relations Partenaires CGP\"}]},{\"@type\":\"WebSite\",\"@id\":\"https:\\\/\\\/clartan.com\\\/fr\\\/#website\",\"url\":\"https:\\\/\\\/clartan.com\\\/fr\\\/\",\"name\":\"Clartan Associ\u00e9s FR\",\"description\":\"Maison de Gestion ind\u00e9pendante\",\"publisher\":{\"@id\":\"https:\\\/\\\/clartan.com\\\/fr\\\/#organization\"},\"alternateName\":\"Clartan\",\"potentialAction\":[{\"@type\":\"SearchAction\",\"target\":{\"@type\":\"EntryPoint\",\"urlTemplate\":\"https:\\\/\\\/clartan.com\\\/fr\\\/?s={search_term_string}\"},\"query-input\":{\"@type\":\"PropertyValueSpecification\",\"valueRequired\":true,\"valueName\":\"search_term_string\"}}],\"inLanguage\":\"fr-FR\"},{\"@type\":\"Organization\",\"@id\":\"https:\\\/\\\/clartan.com\\\/fr\\\/#organization\",\"name\":\"Clartan Associ\u00e9s\",\"alternateName\":\"Clartan\",\"url\":\"https:\\\/\\\/clartan.com\\\/fr\\\/\",\"logo\":{\"@type\":\"ImageObject\",\"inLanguage\":\"fr-FR\",\"@id\":\"https:\\\/\\\/clartan.com\\\/fr\\\/#\\\/schema\\\/logo\\\/image\\\/\",\"url\":\"https:\\\/\\\/clartan.com\\\/fr\\\/wp-content\\\/uploads\\\/2025\\\/12\\\/Favicon-2.png\",\"contentUrl\":\"https:\\\/\\\/clartan.com\\\/fr\\\/wp-content\\\/uploads\\\/2025\\\/12\\\/Favicon-2.png\",\"width\":1024,\"height\":1024,\"caption\":\"Clartan Associ\u00e9s\"},\"image\":{\"@id\":\"https:\\\/\\\/clartan.com\\\/fr\\\/#\\\/schema\\\/logo\\\/image\\\/\"},\"sameAs\":[\"https:\\\/\\\/www.linkedin.com\\\/company\\\/clartan-associes\\\/\",\"https:\\\/\\\/www.youtube.com\\\/@clartanassocies3040\"],\"description\":\"Maison de gestion ind\u00e9pendante depuis 1986,\\u2028Clartan Associ\u00e9s met en \u0153uvre une gestion solide et \u00e9prouv\u00e9e, fond\u00e9e sur la coll\u00e9gialit\u00e9.\",\"email\":\"contact@clartan.com\",\"telephone\":\"+33 1 53 77 60 80\",\"legalName\":\"Clartan Associ\u00e9s\",\"foundingDate\":\"1986-12-01\",\"vatID\":\"FR18339485161\",\"taxID\":\"33948516100097\",\"leiCode\":\"969500AFMNSMC5R97K50\"},{\"@type\":\"Person\",\"@id\":\"https:\\\/\\\/clartan.com\\\/fr\\\/#\\\/schema\\\/person\\\/8d49045b130d9fb92b24f5d3796a9fd0\",\"name\":\"Ang\u00e9lique-Kristel Leblois\",\"image\":{\"@type\":\"ImageObject\",\"inLanguage\":\"fr-FR\",\"@id\":\"https:\\\/\\\/secure.gravatar.com\\\/avatar\\\/ea326e5a9db94848400c4983ca2b12ec75a4c02114a3de4b2e0de94f8d74ad76?s=96&d=mm&r=g\",\"url\":\"https:\\\/\\\/secure.gravatar.com\\\/avatar\\\/ea326e5a9db94848400c4983ca2b12ec75a4c02114a3de4b2e0de94f8d74ad76?s=96&d=mm&r=g\",\"contentUrl\":\"https:\\\/\\\/secure.gravatar.com\\\/avatar\\\/ea326e5a9db94848400c4983ca2b12ec75a4c02114a3de4b2e0de94f8d74ad76?s=96&d=mm&r=g\",\"caption\":\"Ang\u00e9lique-Kristel Leblois\"}}]}<\/script>\n<!-- \/ Yoast SEO Premium plugin. -->","yoast_head_json":{"title":"Clartan Associ\u00e9s renforce son \u00e9quipe commerciale et recherche un Commercial Relations Partenaires CGP - Clartan Associ\u00e9s","robots":{"index":"index","follow":"follow","max-snippet":"max-snippet:-1","max-image-preview":"max-image-preview:large","max-video-preview":"max-video-preview:-1"},"canonical":"https:\/\/clartan.com\/fr\/actualites\/lartan-associes-renforce-son-equipe-commerciale-et-recherche-un-commercial-relations-partenaires-cgp\/","og_locale":"fr_FR","og_type":"article","og_title":"Clartan Associ\u00e9s renforce son \u00e9quipe commerciale et recherche un Commercial Relations Partenaires CGP","og_url":"https:\/\/clartan.com\/fr\/actualites\/lartan-associes-renforce-son-equipe-commerciale-et-recherche-un-commercial-relations-partenaires-cgp\/","og_site_name":"Clartan Associ\u00e9s FR","article_published_time":"2022-09-29T15:45:39+00:00","article_modified_time":"2022-10-17T14:02:30+00:00","og_image":[{"width":2560,"height":1440,"url":"https:\/\/clartan.com\/fr\/wp-content\/uploads\/2022\/09\/Logo-Clartan-Paves-1152x648.jpg-scaled.jpeg","type":"image\/jpeg"}],"author":"Ang\u00e9lique-Kristel Leblois","twitter_card":"summary_large_image","schema":{"@context":"https:\/\/schema.org","@graph":[{"@type":"Article","@id":"https:\/\/clartan.com\/fr\/actualites\/lartan-associes-renforce-son-equipe-commerciale-et-recherche-un-commercial-relations-partenaires-cgp\/#article","isPartOf":{"@id":"https:\/\/clartan.com\/fr\/actualites\/lartan-associes-renforce-son-equipe-commerciale-et-recherche-un-commercial-relations-partenaires-cgp\/"},"author":{"name":"Ang\u00e9lique-Kristel Leblois","@id":"https:\/\/clartan.com\/fr\/#\/schema\/person\/8d49045b130d9fb92b24f5d3796a9fd0"},"headline":"Clartan Associ\u00e9s renforce son \u00e9quipe commerciale et recherche un Commercial Relations Partenaires CGP","datePublished":"2022-09-29T15:45:39+00:00","dateModified":"2022-10-17T14:02:30+00:00","mainEntityOfPage":{"@id":"https:\/\/clartan.com\/fr\/actualites\/lartan-associes-renforce-son-equipe-commerciale-et-recherche-un-commercial-relations-partenaires-cgp\/"},"wordCount":89,"publisher":{"@id":"https:\/\/clartan.com\/fr\/#organization"},"image":{"@id":"https:\/\/clartan.com\/fr\/actualites\/lartan-associes-renforce-son-equipe-commerciale-et-recherche-un-commercial-relations-partenaires-cgp\/#primaryimage"},"thumbnailUrl":"https:\/\/clartan.com\/fr\/wp-content\/uploads\/2022\/09\/Logo-Clartan-Paves-1152x648.jpg-scaled.jpeg","articleSection":["Actualit\u00e9s"],"inLanguage":"fr-FR"},{"@type":"WebPage","@id":"https:\/\/clartan.com\/fr\/actualites\/lartan-associes-renforce-son-equipe-commerciale-et-recherche-un-commercial-relations-partenaires-cgp\/","url":"https:\/\/clartan.com\/fr\/actualites\/lartan-associes-renforce-son-equipe-commerciale-et-recherche-un-commercial-relations-partenaires-cgp\/","name":"Clartan Associ\u00e9s renforce son \u00e9quipe commerciale et recherche un Commercial Relations Partenaires CGP - Clartan Associ\u00e9s","isPartOf":{"@id":"https:\/\/clartan.com\/fr\/#website"},"primaryImageOfPage":{"@id":"https:\/\/clartan.com\/fr\/actualites\/lartan-associes-renforce-son-equipe-commerciale-et-recherche-un-commercial-relations-partenaires-cgp\/#primaryimage"},"image":{"@id":"https:\/\/clartan.com\/fr\/actualites\/lartan-associes-renforce-son-equipe-commerciale-et-recherche-un-commercial-relations-partenaires-cgp\/#primaryimage"},"thumbnailUrl":"https:\/\/clartan.com\/fr\/wp-content\/uploads\/2022\/09\/Logo-Clartan-Paves-1152x648.jpg-scaled.jpeg","datePublished":"2022-09-29T15:45:39+00:00","dateModified":"2022-10-17T14:02:30+00:00","breadcrumb":{"@id":"https:\/\/clartan.com\/fr\/actualites\/lartan-associes-renforce-son-equipe-commerciale-et-recherche-un-commercial-relations-partenaires-cgp\/#breadcrumb"},"inLanguage":"fr-FR","potentialAction":[{"@type":"ReadAction","target":["https:\/\/clartan.com\/fr\/actualites\/lartan-associes-renforce-son-equipe-commerciale-et-recherche-un-commercial-relations-partenaires-cgp\/"]}]},{"@type":"ImageObject","inLanguage":"fr-FR","@id":"https:\/\/clartan.com\/fr\/actualites\/lartan-associes-renforce-son-equipe-commerciale-et-recherche-un-commercial-relations-partenaires-cgp\/#primaryimage","url":"https:\/\/clartan.com\/fr\/wp-content\/uploads\/2022\/09\/Logo-Clartan-Paves-1152x648.jpg-scaled.jpeg","contentUrl":"https:\/\/clartan.com\/fr\/wp-content\/uploads\/2022\/09\/Logo-Clartan-Paves-1152x648.jpg-scaled.jpeg","width":2560,"height":1440},{"@type":"BreadcrumbList","@id":"https:\/\/clartan.com\/fr\/actualites\/lartan-associes-renforce-son-equipe-commerciale-et-recherche-un-commercial-relations-partenaires-cgp\/#breadcrumb","itemListElement":[{"@type":"ListItem","position":1,"name":"Accueil","item":"https:\/\/clartan.com\/fr\/"},{"@type":"ListItem","position":2,"name":"Clartan Associ\u00e9s renforce son \u00e9quipe commerciale et recherche un Commercial Relations Partenaires CGP"}]},{"@type":"WebSite","@id":"https:\/\/clartan.com\/fr\/#website","url":"https:\/\/clartan.com\/fr\/","name":"Clartan Associ\u00e9s FR","description":"Maison de Gestion ind\u00e9pendante","publisher":{"@id":"https:\/\/clartan.com\/fr\/#organization"},"alternateName":"Clartan","potentialAction":[{"@type":"SearchAction","target":{"@type":"EntryPoint","urlTemplate":"https:\/\/clartan.com\/fr\/?s={search_term_string}"},"query-input":{"@type":"PropertyValueSpecification","valueRequired":true,"valueName":"search_term_string"}}],"inLanguage":"fr-FR"},{"@type":"Organization","@id":"https:\/\/clartan.com\/fr\/#organization","name":"Clartan Associ\u00e9s","alternateName":"Clartan","url":"https:\/\/clartan.com\/fr\/","logo":{"@type":"ImageObject","inLanguage":"fr-FR","@id":"https:\/\/clartan.com\/fr\/#\/schema\/logo\/image\/","url":"https:\/\/clartan.com\/fr\/wp-content\/uploads\/2025\/12\/Favicon-2.png","contentUrl":"https:\/\/clartan.com\/fr\/wp-content\/uploads\/2025\/12\/Favicon-2.png","width":1024,"height":1024,"caption":"Clartan Associ\u00e9s"},"image":{"@id":"https:\/\/clartan.com\/fr\/#\/schema\/logo\/image\/"},"sameAs":["https:\/\/www.linkedin.com\/company\/clartan-associes\/","https:\/\/www.youtube.com\/@clartanassocies3040"],"description":"Maison de gestion ind\u00e9pendante depuis 1986,\u2028Clartan Associ\u00e9s met en \u0153uvre une gestion solide et \u00e9prouv\u00e9e, fond\u00e9e sur la coll\u00e9gialit\u00e9.","email":"contact@clartan.com","telephone":"+33 1 53 77 60 80","legalName":"Clartan Associ\u00e9s","foundingDate":"1986-12-01","vatID":"FR18339485161","taxID":"33948516100097","leiCode":"969500AFMNSMC5R97K50"},{"@type":"Person","@id":"https:\/\/clartan.com\/fr\/#\/schema\/person\/8d49045b130d9fb92b24f5d3796a9fd0","name":"Ang\u00e9lique-Kristel Leblois","image":{"@type":"ImageObject","inLanguage":"fr-FR","@id":"https:\/\/secure.gravatar.com\/avatar\/ea326e5a9db94848400c4983ca2b12ec75a4c02114a3de4b2e0de94f8d74ad76?s=96&d=mm&r=g","url":"https:\/\/secure.gravatar.com\/avatar\/ea326e5a9db94848400c4983ca2b12ec75a4c02114a3de4b2e0de94f8d74ad76?s=96&d=mm&r=g","contentUrl":"https:\/\/secure.gravatar.com\/avatar\/ea326e5a9db94848400c4983ca2b12ec75a4c02114a3de4b2e0de94f8d74ad76?s=96&d=mm&r=g","caption":"Ang\u00e9lique-Kristel Leblois"}}]}},"_links":{"self":[{"href":"https:\/\/clartan.com\/fr\/wp-json\/wp\/v2\/posts\/3707","targetHints":{"allow":["GET"]}}],"collection":[{"href":"https:\/\/clartan.com\/fr\/wp-json\/wp\/v2\/posts"}],"about":[{"href":"https:\/\/clartan.com\/fr\/wp-json\/wp\/v2\/types\/post"}],"author":[{"embeddable":true,"href":"https:\/\/clartan.com\/fr\/wp-json\/wp\/v2\/users\/6"}],"replies":[{"embeddable":true,"href":"https:\/\/clartan.com\/fr\/wp-json\/wp\/v2\/comments?post=3707"}],"version-history":[{"count":0,"href":"https:\/\/clartan.com\/fr\/wp-json\/wp\/v2\/posts\/3707\/revisions"}],"wp:featuredmedia":[{"embeddable":true,"href":"https:\/\/clartan.com\/fr\/wp-json\/wp\/v2\/media\/3856"}],"wp:attachment":[{"href":"https:\/\/clartan.com\/fr\/wp-json\/wp\/v2\/media?parent=3707"}],"wp:term":[{"taxonomy":"category","embeddable":true,"href":"https:\/\/clartan.com\/fr\/wp-json\/wp\/v2\/categories?post=3707"},{"taxonomy":"post_tag","embeddable":true,"href":"https:\/\/clartan.com\/fr\/wp-json\/wp\/v2\/tags?post=3707"}],"curies":[{"name":"wp","href":"https:\/\/api.w.org\/{rel}","templated":true}]}}