{"id":3857,"date":"2022-10-17T16:00:22","date_gmt":"2022-10-17T14:00:22","guid":{"rendered":"https:\/\/www.clartan.com\/fr\/?p=3857"},"modified":"2022-10-19T10:09:08","modified_gmt":"2022-10-19T08:09:08","slug":"dossier-de-la-rentree-quelle-retraite-voulons-nous","status":"publish","type":"post","link":"https:\/\/clartan.com\/fr\/actualites\/dossier-de-la-rentree-quelle-retraite-voulons-nous\/","title":{"rendered":"Dossier de la rentr\u00e9e : quelle retraite voulons-nous\u00a0?\u00a0"},"content":{"rendered":"\n<p class=\"has-large-font-size\">Le syst\u00e8me de retraite fran\u00e7ais est fond\u00e9 sur le principe de la r\u00e9partition o\u00f9 les cotisations des actifs servent \u00e0 payer les pensions de leurs a\u00een\u00e9s, en prenant en compte les droits accumul\u00e9s suivant certains crit\u00e8res (dur\u00e9e, statut d&rsquo;activit\u00e9\u2026).<\/p>\n\n\n\n<p class=\"has-large-font-size\">Il s\u2019av\u00e8re opportun de compl\u00e9ter individuellement le syst\u00e8me collectif par une \u00e9pargne r\u00e9guli\u00e8re afin de disposer, le moment venu, d\u2019un compl\u00e9ment de revenus en cas d\u2019insuffisance des pensions vers\u00e9es.<\/p>\n\n\n\n<p class=\"has-large-font-size\">Cette \u00e9pargne volontaire doit d\u00e9marrer en amont pour profiter dans le temps des effets de l\u2019ant\u00e9riorit\u00e9 fiscale des enveloppes et de la capitalisation<br>des int\u00e9r\u00eats.<\/p>\n\n\n\n<h2 class=\"wp-block-heading\" id=\"h-profitez-d-outils-adaptes\">Profitez d&rsquo;outils adapt\u00e9s<\/h2>\n\n\n\n<p class=\"has-large-font-size\"><strong><mark style=\"background-color:rgba(0, 0, 0, 0)\" class=\"has-inline-color has-primary-color\">L\u2019Assurance-vie<\/mark><\/strong> offre la possibilit\u00e9 d\u2019\u00e9pargner r\u00e9guli\u00e8rement et de disposer d\u2019une fiscalit\u00e9 avantageuse tant pour des retraits que pour la transmission des capitaux. En phase de constitution d\u2019\u00e9pargne, ou en phase de versements d\u2019un compl\u00e9ment de revenus, la mise en \u0153uvre est tr\u00e8s simple et flexible.<\/p>\n\n\n\n<p class=\"has-large-font-size\"><mark style=\"background-color:rgba(0, 0, 0, 0)\" class=\"has-inline-color has-primary-color\"><strong>Le Plan Epargne Retraite Individuel (PERI)<\/strong><\/mark> permet de se constituer un capital tout en b\u00e9n\u00e9ficiant d\u2019avantages fiscaux imm\u00e9diats. La sortie pourra se faire en rente ou en capital d\u00e8s le d\u00e9part en retraite. Cette enveloppe pr\u00e9sente l&rsquo;avantage de consolider l\u2019ensemble des primes vers\u00e9es dans des PERP, Madelin, art 83, Pr\u00e9fon, Corem, \u2026<\/p>\n\n\n\n<h2 class=\"wp-block-heading\">Valoriser cette \u00ab\u00a0\u00e9pargne retraite\u00a0\u00bb<\/h2>\n\n\n\n<p class=\"has-large-font-size\">Cette \u00e9pargne a vocation \u00e0 distribuer des revenus compl\u00e9mentaires lors de votre d\u00e9part en retraite. Y souscrire t\u00f4t, c\u2019est b\u00e9n\u00e9ficier d\u2019un horizon d\u2019investissement long, compatible avec la valorisation de fonds en actions tels que Clartan Valeurs. Cela permet \u00e9galement de lisser la volatilit\u00e9 inh\u00e9rente aux actions par des versements r\u00e9guliers dans le temps. L\u2019\u00e9ch\u00e9ance de la retraite se rapprochant, une d\u00e9sensibilisation du portefeuille peut \u00eatre programm\u00e9e.<\/p>\n\n\n\n<div class=\"wp-block-group has-gris-fonce-background-color has-background is-layout-flow wp-block-group-is-layout-flow\" style=\"border-radius:8px\">\n<h3 class=\"has-white-color has-text-color wp-block-heading\">Cas pratique<\/h3>\n\n\n\n<h4 class=\"has-white-color has-text-color wp-block-heading\">Donn\u00e9es<\/h4>\n\n\n\n<ul class=\"mt-0 has-white-color has-text-color has-large-font-size wp-block-list\"><li>d\u00e9part \u00e0 la retraite dans 10 ans,<\/li><li>versement de 1 000 \u20ac \/ mois (constitution),<\/li><li>capital r\u00e9mun\u00e9r\u00e9 7 % \/an en moyenne.*<\/li><\/ul>\n\n\n\n<hr class=\"wp-block-separator has-text-color has-white-color has-alpha-channel-opacity has-white-background-color has-background is-style-wide\"\/>\n\n\n\n<div class=\"wp-block-columns is-layout-flex wp-container-core-columns-is-layout-28f84493 wp-block-columns-is-layout-flex\">\n<div class=\"wp-block-column is-layout-flow wp-block-column-is-layout-flow\" style=\"flex-basis:50%\">\n<h4 class=\"has-white-color has-text-color has-large-font-size wp-block-heading\">1. Phase de constitution<\/h4>\n\n\n\n<p class=\"has-white-color has-text-color has-large-font-size\">Gr\u00e2ce au m\u00e9canisme de la composition des int\u00e9r\u00eats, on obtient un capital d\u2019environ 170&nbsp;000&nbsp;\u20ac la veille du d\u00e9part en retraite.<\/p>\n<\/div>\n\n\n\n<div class=\"wp-block-column is-layout-flow wp-block-column-is-layout-flow\" style=\"flex-basis:50%\">\n<h4 class=\"has-white-color has-text-color has-large-font-size wp-block-heading\">2. D\u00e9part en retraite<\/h4>\n\n\n\n<p class=\"has-white-color has-text-color has-large-font-size\">Possibilit\u00e9 de perception d\u2019une rente de 1&nbsp;000&nbsp;\u20ac par mois pendant une dur\u00e9e estim\u00e9e sup\u00e9rieure \u00e0 15 ans<\/p>\n<\/div>\n<\/div>\n\n\n\n<p class=\"has-white-color has-text-color\">* Performance moyenne annuelle constat\u00e9e au 30\/09\/2022 sur le fonds Clartan Valeurs depuis sa cr\u00e9ation (1991)<\/p>\n<\/div>\n\n\n\n<h2 class=\"wp-block-heading\">Passer \u00e0 l&rsquo;acte<\/h2>\n\n\n\n<p class=\"has-large-font-size\">Depuis plus de 35 ans, Clartan Associ\u00e9s accompagne des familles dans la valorisation d\u2019un patrimoine financier. Prenez contact avec l\u2019\u00e9quipe Gestion Priv\u00e9e pour \u00e9tablir une strat\u00e9gie de compl\u00e9ment de retraite ou encore pour \u00e9tudier la transf\u00e9rabilit\u00e9 de plan existant. Nous serons heureux de vous accompagner au fil des ann\u00e9es tant lors de la constitution de votre plan, qu&rsquo;\u00e0 la perception de votre rente.<\/p>\n\n\n\n<figure class=\"wp-block-image size-large is-style-image-theme-style-1\"><img loading=\"lazy\" decoding=\"async\" width=\"1036\" height=\"519\" src=\"https:\/\/clartan.com\/fr\/wp-content\/uploads\/2022\/09\/pole-gestion-privee-paysage-1036x519.jpg\" alt=\"\" class=\"wp-image-2855\" srcset=\"https:\/\/clartan.com\/fr\/wp-content\/uploads\/2022\/09\/pole-gestion-privee-paysage-1036x519.jpg 1036w, https:\/\/clartan.com\/fr\/wp-content\/uploads\/2022\/09\/pole-gestion-privee-paysage-300x150.jpg 300w, https:\/\/clartan.com\/fr\/wp-content\/uploads\/2022\/09\/pole-gestion-privee-paysage-768x385.jpg 768w, https:\/\/clartan.com\/fr\/wp-content\/uploads\/2022\/09\/pole-gestion-privee-paysage-1536x770.jpg 1536w, https:\/\/clartan.com\/fr\/wp-content\/uploads\/2022\/09\/pole-gestion-privee-paysage.jpg 1920w\" sizes=\"(max-width: 1036px) 100vw, 1036px\" \/><\/figure>\n\n\n\n<div class=\"wp-block-file is-style-file-theme-style-2\"><a id=\"wp-block-file--media-c0be468f-765d-4cbc-bb3f-4bf149c6bfe3\" href=\"https:\/\/clartan.com\/fr\/wp-content\/uploads\/2022\/10\/2022-09-Infos-Gestion-Prive\u0301e-Quelle-retraite-voulons-nous.pdf\">Dossier de la rentr\u00e9e : quelle retraite voulons-nous&nbsp;?&nbsp;<\/a><\/div>\n\n\n\n<div class=\"wp-block-media-text alignwide has-media-on-the-right is-stacked-on-mobile is-style-media-text-theme-style-2 has-purple-pastel-background-color has-background\"><figure class=\"wp-block-media-text__media\"><img loading=\"lazy\" decoding=\"async\" width=\"1036\" height=\"523\" src=\"https:\/\/clartan.com\/fr\/wp-content\/uploads\/2022\/09\/gestion-privee-contact-1036x523.png\" alt=\"\" class=\"wp-image-3330 size-full\" srcset=\"https:\/\/clartan.com\/fr\/wp-content\/uploads\/2022\/09\/gestion-privee-contact-1036x523.png 1036w, https:\/\/clartan.com\/fr\/wp-content\/uploads\/2022\/09\/gestion-privee-contact-300x152.png 300w, https:\/\/clartan.com\/fr\/wp-content\/uploads\/2022\/09\/gestion-privee-contact-768x388.png 768w, https:\/\/clartan.com\/fr\/wp-content\/uploads\/2022\/09\/gestion-privee-contact.png 1233w\" sizes=\"(max-width: 1036px) 100vw, 1036px\" \/><\/figure><div class=\"wp-block-media-text__content\">\n<h2 class=\"wp-block-heading\" id=\"h-contacter-notre-equipe\">Contacter notre \u00e9quipe<\/h2>\n\n\n\n<p class=\"has-secondary-color has-text-color has-large-font-size\">Nous sommes \u00e0 votre disposition si vous souhaitez nous poser une question ou mieux conna\u00eetre notre gestion priv\u00e9e.<\/p>\n\n\n\n<div class=\"wp-block-buttons is-layout-flex wp-block-buttons-is-layout-flex\">\n<div class=\"wp-block-button is-style-secondary\"><a class=\"wp-block-button__link\" href=\"https:\/\/clartan.com\/fr\/gestion-privee\/contact-gestion-privee\/\">Nous contacter<\/a><\/div>\n<\/div>\n<\/div><\/div>\n","protected":false},"excerpt":{"rendered":"<p>Le syst\u00e8me de retraite fran\u00e7ais est fond\u00e9 sur le principe de la r\u00e9partition o\u00f9 les cotisations des actifs servent \u00e0 payer les pensions de leurs a\u00een\u00e9s, en prenant en compte les droits accumul\u00e9s suivant certains crit\u00e8res (dur\u00e9e, statut d&rsquo;activit\u00e9\u2026). Il s\u2019av\u00e8re opportun de compl\u00e9ter individuellement le syst\u00e8me collectif par une \u00e9pargne r\u00e9guli\u00e8re afin de disposer, [&hellip;]<\/p>\n","protected":false},"author":6,"featured_media":3859,"comment_status":"closed","ping_status":"closed","sticky":false,"template":"","format":"standard","meta":{"_acf_changed":false,"inline_featured_image":false,"footnotes":""},"categories":[5],"tags":[31],"class_list":["post-3857","post","type-post","status-publish","format-standard","has-post-thumbnail","hentry","category-actualites","tag-gestion-privee"],"acf":[],"yoast_head":"<!-- This site is optimized with the Yoast SEO Premium plugin v26.2 (Yoast SEO v27.4) - https:\/\/yoast.com\/product\/yoast-seo-premium-wordpress\/ -->\n<title>Dossier de la rentr\u00e9e : quelle retraite voulons-nous\u00a0?\u00a0 - Clartan Associ\u00e9s<\/title>\n<meta name=\"description\" content=\"Dossier de la rentr\u00e9e : quelle retraite voulons-nous\u00a0?\u00a0 - Le syst\u00e8me de retraite fran\u00e7ais est fond\u00e9 sur le principe de la r\u00e9partition o\u00f9 les cotisations des actifs servent \u00e0 payer les pensions de leurs a\u00een\u00e9s, en prenant en compte les droits accumul\u00e9s suivant certains crit\u00e8res (dur\u00e9e, statut d&#039;activit\u00e9\u2026).\" \/>\n<meta name=\"robots\" content=\"index, follow, max-snippet:-1, max-image-preview:large, max-video-preview:-1\" \/>\n<link rel=\"canonical\" href=\"https:\/\/clartan.com\/fr\/actualites\/dossier-de-la-rentree-quelle-retraite-voulons-nous\/\" \/>\n<meta property=\"og:locale\" content=\"fr_FR\" \/>\n<meta property=\"og:type\" content=\"article\" \/>\n<meta property=\"og:title\" content=\"Dossier de la rentr\u00e9e : quelle retraite voulons-nous\u00a0?\u00a0\" \/>\n<meta property=\"og:url\" content=\"https:\/\/clartan.com\/fr\/actualites\/dossier-de-la-rentree-quelle-retraite-voulons-nous\/\" \/>\n<meta property=\"og:site_name\" content=\"Clartan Associ\u00e9s FR\" \/>\n<meta property=\"article:published_time\" content=\"2022-10-17T14:00:22+00:00\" \/>\n<meta property=\"article:modified_time\" content=\"2022-10-19T08:09:08+00:00\" \/>\n<meta property=\"og:image\" content=\"https:\/\/clartan.com\/fr\/wp-content\/uploads\/2022\/10\/Gestion-Privee-Paves-1152x6482.jpg-scaled.jpeg\" \/>\n\t<meta property=\"og:image:width\" content=\"2560\" \/>\n\t<meta property=\"og:image:height\" content=\"1440\" \/>\n\t<meta property=\"og:image:type\" content=\"image\/jpeg\" \/>\n<meta name=\"author\" content=\"Ang\u00e9lique-Kristel Leblois\" \/>\n<meta name=\"twitter:card\" content=\"summary_large_image\" \/>\n<script type=\"application\/ld+json\" class=\"yoast-schema-graph\">{\"@context\":\"https:\\\/\\\/schema.org\",\"@graph\":[{\"@type\":\"Article\",\"@id\":\"https:\\\/\\\/clartan.com\\\/fr\\\/actualites\\\/dossier-de-la-rentree-quelle-retraite-voulons-nous\\\/#article\",\"isPartOf\":{\"@id\":\"https:\\\/\\\/clartan.com\\\/fr\\\/actualites\\\/dossier-de-la-rentree-quelle-retraite-voulons-nous\\\/\"},\"author\":{\"name\":\"Ang\u00e9lique-Kristel Leblois\",\"@id\":\"https:\\\/\\\/clartan.com\\\/fr\\\/#\\\/schema\\\/person\\\/8d49045b130d9fb92b24f5d3796a9fd0\"},\"headline\":\"Dossier de la rentr\u00e9e : quelle retraite voulons-nous\u00a0?\u00a0\",\"datePublished\":\"2022-10-17T14:00:22+00:00\",\"dateModified\":\"2022-10-19T08:09:08+00:00\",\"mainEntityOfPage\":{\"@id\":\"https:\\\/\\\/clartan.com\\\/fr\\\/actualites\\\/dossier-de-la-rentree-quelle-retraite-voulons-nous\\\/\"},\"wordCount\":499,\"publisher\":{\"@id\":\"https:\\\/\\\/clartan.com\\\/fr\\\/#organization\"},\"image\":{\"@id\":\"https:\\\/\\\/clartan.com\\\/fr\\\/actualites\\\/dossier-de-la-rentree-quelle-retraite-voulons-nous\\\/#primaryimage\"},\"thumbnailUrl\":\"https:\\\/\\\/clartan.com\\\/fr\\\/wp-content\\\/uploads\\\/2022\\\/10\\\/Gestion-Privee-Paves-1152x6482.jpg-scaled.jpeg\",\"keywords\":[\"Gestion Priv\u00e9e\"],\"articleSection\":[\"Actualit\u00e9s\"],\"inLanguage\":\"fr-FR\"},{\"@type\":\"WebPage\",\"@id\":\"https:\\\/\\\/clartan.com\\\/fr\\\/actualites\\\/dossier-de-la-rentree-quelle-retraite-voulons-nous\\\/\",\"url\":\"https:\\\/\\\/clartan.com\\\/fr\\\/actualites\\\/dossier-de-la-rentree-quelle-retraite-voulons-nous\\\/\",\"name\":\"Dossier de la rentr\u00e9e : quelle retraite voulons-nous\u00a0?\u00a0 - Clartan Associ\u00e9s\",\"isPartOf\":{\"@id\":\"https:\\\/\\\/clartan.com\\\/fr\\\/#website\"},\"primaryImageOfPage\":{\"@id\":\"https:\\\/\\\/clartan.com\\\/fr\\\/actualites\\\/dossier-de-la-rentree-quelle-retraite-voulons-nous\\\/#primaryimage\"},\"image\":{\"@id\":\"https:\\\/\\\/clartan.com\\\/fr\\\/actualites\\\/dossier-de-la-rentree-quelle-retraite-voulons-nous\\\/#primaryimage\"},\"thumbnailUrl\":\"https:\\\/\\\/clartan.com\\\/fr\\\/wp-content\\\/uploads\\\/2022\\\/10\\\/Gestion-Privee-Paves-1152x6482.jpg-scaled.jpeg\",\"datePublished\":\"2022-10-17T14:00:22+00:00\",\"dateModified\":\"2022-10-19T08:09:08+00:00\",\"description\":\"Dossier de la rentr\u00e9e : quelle retraite voulons-nous\u00a0?\u00a0 - Le syst\u00e8me de retraite fran\u00e7ais est fond\u00e9 sur le principe de la r\u00e9partition o\u00f9 les cotisations des actifs servent \u00e0 payer les pensions de leurs a\u00een\u00e9s, en prenant en compte les droits accumul\u00e9s suivant certains crit\u00e8res (dur\u00e9e, statut d'activit\u00e9\u2026).\",\"breadcrumb\":{\"@id\":\"https:\\\/\\\/clartan.com\\\/fr\\\/actualites\\\/dossier-de-la-rentree-quelle-retraite-voulons-nous\\\/#breadcrumb\"},\"inLanguage\":\"fr-FR\",\"potentialAction\":[{\"@type\":\"ReadAction\",\"target\":[\"https:\\\/\\\/clartan.com\\\/fr\\\/actualites\\\/dossier-de-la-rentree-quelle-retraite-voulons-nous\\\/\"]}]},{\"@type\":\"ImageObject\",\"inLanguage\":\"fr-FR\",\"@id\":\"https:\\\/\\\/clartan.com\\\/fr\\\/actualites\\\/dossier-de-la-rentree-quelle-retraite-voulons-nous\\\/#primaryimage\",\"url\":\"https:\\\/\\\/clartan.com\\\/fr\\\/wp-content\\\/uploads\\\/2022\\\/10\\\/Gestion-Privee-Paves-1152x6482.jpg-scaled.jpeg\",\"contentUrl\":\"https:\\\/\\\/clartan.com\\\/fr\\\/wp-content\\\/uploads\\\/2022\\\/10\\\/Gestion-Privee-Paves-1152x6482.jpg-scaled.jpeg\",\"width\":2560,\"height\":1440},{\"@type\":\"BreadcrumbList\",\"@id\":\"https:\\\/\\\/clartan.com\\\/fr\\\/actualites\\\/dossier-de-la-rentree-quelle-retraite-voulons-nous\\\/#breadcrumb\",\"itemListElement\":[{\"@type\":\"ListItem\",\"position\":1,\"name\":\"Accueil\",\"item\":\"https:\\\/\\\/clartan.com\\\/fr\\\/\"},{\"@type\":\"ListItem\",\"position\":2,\"name\":\"Dossier de la rentr\u00e9e : quelle retraite voulons-nous\u00a0?\u00a0\"}]},{\"@type\":\"WebSite\",\"@id\":\"https:\\\/\\\/clartan.com\\\/fr\\\/#website\",\"url\":\"https:\\\/\\\/clartan.com\\\/fr\\\/\",\"name\":\"Clartan Associ\u00e9s FR\",\"description\":\"Maison de Gestion ind\u00e9pendante\",\"publisher\":{\"@id\":\"https:\\\/\\\/clartan.com\\\/fr\\\/#organization\"},\"alternateName\":\"Clartan\",\"potentialAction\":[{\"@type\":\"SearchAction\",\"target\":{\"@type\":\"EntryPoint\",\"urlTemplate\":\"https:\\\/\\\/clartan.com\\\/fr\\\/?s={search_term_string}\"},\"query-input\":{\"@type\":\"PropertyValueSpecification\",\"valueRequired\":true,\"valueName\":\"search_term_string\"}}],\"inLanguage\":\"fr-FR\"},{\"@type\":\"Organization\",\"@id\":\"https:\\\/\\\/clartan.com\\\/fr\\\/#organization\",\"name\":\"Clartan Associ\u00e9s\",\"alternateName\":\"Clartan\",\"url\":\"https:\\\/\\\/clartan.com\\\/fr\\\/\",\"logo\":{\"@type\":\"ImageObject\",\"inLanguage\":\"fr-FR\",\"@id\":\"https:\\\/\\\/clartan.com\\\/fr\\\/#\\\/schema\\\/logo\\\/image\\\/\",\"url\":\"https:\\\/\\\/clartan.com\\\/fr\\\/wp-content\\\/uploads\\\/2025\\\/12\\\/Favicon-2.png\",\"contentUrl\":\"https:\\\/\\\/clartan.com\\\/fr\\\/wp-content\\\/uploads\\\/2025\\\/12\\\/Favicon-2.png\",\"width\":1024,\"height\":1024,\"caption\":\"Clartan Associ\u00e9s\"},\"image\":{\"@id\":\"https:\\\/\\\/clartan.com\\\/fr\\\/#\\\/schema\\\/logo\\\/image\\\/\"},\"sameAs\":[\"https:\\\/\\\/www.linkedin.com\\\/company\\\/clartan-associes\\\/\",\"https:\\\/\\\/www.youtube.com\\\/@clartanassocies3040\"],\"description\":\"Maison de gestion ind\u00e9pendante depuis 1986,\\u2028Clartan Associ\u00e9s met en \u0153uvre une gestion solide et \u00e9prouv\u00e9e, fond\u00e9e sur la coll\u00e9gialit\u00e9.\",\"email\":\"contact@clartan.com\",\"telephone\":\"+33 1 53 77 60 80\",\"legalName\":\"Clartan Associ\u00e9s\",\"foundingDate\":\"1986-12-01\",\"vatID\":\"FR18339485161\",\"taxID\":\"33948516100097\",\"leiCode\":\"969500AFMNSMC5R97K50\"},{\"@type\":\"Person\",\"@id\":\"https:\\\/\\\/clartan.com\\\/fr\\\/#\\\/schema\\\/person\\\/8d49045b130d9fb92b24f5d3796a9fd0\",\"name\":\"Ang\u00e9lique-Kristel Leblois\",\"image\":{\"@type\":\"ImageObject\",\"inLanguage\":\"fr-FR\",\"@id\":\"https:\\\/\\\/secure.gravatar.com\\\/avatar\\\/ea326e5a9db94848400c4983ca2b12ec75a4c02114a3de4b2e0de94f8d74ad76?s=96&d=mm&r=g\",\"url\":\"https:\\\/\\\/secure.gravatar.com\\\/avatar\\\/ea326e5a9db94848400c4983ca2b12ec75a4c02114a3de4b2e0de94f8d74ad76?s=96&d=mm&r=g\",\"contentUrl\":\"https:\\\/\\\/secure.gravatar.com\\\/avatar\\\/ea326e5a9db94848400c4983ca2b12ec75a4c02114a3de4b2e0de94f8d74ad76?s=96&d=mm&r=g\",\"caption\":\"Ang\u00e9lique-Kristel Leblois\"}}]}<\/script>\n<!-- \/ Yoast SEO Premium plugin. -->","yoast_head_json":{"title":"Dossier de la rentr\u00e9e : quelle retraite voulons-nous\u00a0?\u00a0 - Clartan Associ\u00e9s","description":"Dossier de la rentr\u00e9e : quelle retraite voulons-nous\u00a0?\u00a0 - Le syst\u00e8me de retraite fran\u00e7ais est fond\u00e9 sur le principe de la r\u00e9partition o\u00f9 les cotisations des actifs servent \u00e0 payer les pensions de leurs a\u00een\u00e9s, en prenant en compte les droits accumul\u00e9s suivant certains crit\u00e8res (dur\u00e9e, statut d'activit\u00e9\u2026).","robots":{"index":"index","follow":"follow","max-snippet":"max-snippet:-1","max-image-preview":"max-image-preview:large","max-video-preview":"max-video-preview:-1"},"canonical":"https:\/\/clartan.com\/fr\/actualites\/dossier-de-la-rentree-quelle-retraite-voulons-nous\/","og_locale":"fr_FR","og_type":"article","og_title":"Dossier de la rentr\u00e9e : quelle retraite voulons-nous\u00a0?\u00a0","og_url":"https:\/\/clartan.com\/fr\/actualites\/dossier-de-la-rentree-quelle-retraite-voulons-nous\/","og_site_name":"Clartan Associ\u00e9s FR","article_published_time":"2022-10-17T14:00:22+00:00","article_modified_time":"2022-10-19T08:09:08+00:00","og_image":[{"width":2560,"height":1440,"url":"https:\/\/clartan.com\/fr\/wp-content\/uploads\/2022\/10\/Gestion-Privee-Paves-1152x6482.jpg-scaled.jpeg","type":"image\/jpeg"}],"author":"Ang\u00e9lique-Kristel Leblois","twitter_card":"summary_large_image","schema":{"@context":"https:\/\/schema.org","@graph":[{"@type":"Article","@id":"https:\/\/clartan.com\/fr\/actualites\/dossier-de-la-rentree-quelle-retraite-voulons-nous\/#article","isPartOf":{"@id":"https:\/\/clartan.com\/fr\/actualites\/dossier-de-la-rentree-quelle-retraite-voulons-nous\/"},"author":{"name":"Ang\u00e9lique-Kristel Leblois","@id":"https:\/\/clartan.com\/fr\/#\/schema\/person\/8d49045b130d9fb92b24f5d3796a9fd0"},"headline":"Dossier de la rentr\u00e9e : quelle retraite voulons-nous\u00a0?\u00a0","datePublished":"2022-10-17T14:00:22+00:00","dateModified":"2022-10-19T08:09:08+00:00","mainEntityOfPage":{"@id":"https:\/\/clartan.com\/fr\/actualites\/dossier-de-la-rentree-quelle-retraite-voulons-nous\/"},"wordCount":499,"publisher":{"@id":"https:\/\/clartan.com\/fr\/#organization"},"image":{"@id":"https:\/\/clartan.com\/fr\/actualites\/dossier-de-la-rentree-quelle-retraite-voulons-nous\/#primaryimage"},"thumbnailUrl":"https:\/\/clartan.com\/fr\/wp-content\/uploads\/2022\/10\/Gestion-Privee-Paves-1152x6482.jpg-scaled.jpeg","keywords":["Gestion Priv\u00e9e"],"articleSection":["Actualit\u00e9s"],"inLanguage":"fr-FR"},{"@type":"WebPage","@id":"https:\/\/clartan.com\/fr\/actualites\/dossier-de-la-rentree-quelle-retraite-voulons-nous\/","url":"https:\/\/clartan.com\/fr\/actualites\/dossier-de-la-rentree-quelle-retraite-voulons-nous\/","name":"Dossier de la rentr\u00e9e : quelle retraite voulons-nous\u00a0?\u00a0 - Clartan Associ\u00e9s","isPartOf":{"@id":"https:\/\/clartan.com\/fr\/#website"},"primaryImageOfPage":{"@id":"https:\/\/clartan.com\/fr\/actualites\/dossier-de-la-rentree-quelle-retraite-voulons-nous\/#primaryimage"},"image":{"@id":"https:\/\/clartan.com\/fr\/actualites\/dossier-de-la-rentree-quelle-retraite-voulons-nous\/#primaryimage"},"thumbnailUrl":"https:\/\/clartan.com\/fr\/wp-content\/uploads\/2022\/10\/Gestion-Privee-Paves-1152x6482.jpg-scaled.jpeg","datePublished":"2022-10-17T14:00:22+00:00","dateModified":"2022-10-19T08:09:08+00:00","description":"Dossier de la rentr\u00e9e : quelle retraite voulons-nous\u00a0?\u00a0 - Le syst\u00e8me de retraite fran\u00e7ais est fond\u00e9 sur le principe de la r\u00e9partition o\u00f9 les cotisations des actifs servent \u00e0 payer les pensions de leurs a\u00een\u00e9s, en prenant en compte les droits accumul\u00e9s suivant certains crit\u00e8res (dur\u00e9e, statut d'activit\u00e9\u2026).","breadcrumb":{"@id":"https:\/\/clartan.com\/fr\/actualites\/dossier-de-la-rentree-quelle-retraite-voulons-nous\/#breadcrumb"},"inLanguage":"fr-FR","potentialAction":[{"@type":"ReadAction","target":["https:\/\/clartan.com\/fr\/actualites\/dossier-de-la-rentree-quelle-retraite-voulons-nous\/"]}]},{"@type":"ImageObject","inLanguage":"fr-FR","@id":"https:\/\/clartan.com\/fr\/actualites\/dossier-de-la-rentree-quelle-retraite-voulons-nous\/#primaryimage","url":"https:\/\/clartan.com\/fr\/wp-content\/uploads\/2022\/10\/Gestion-Privee-Paves-1152x6482.jpg-scaled.jpeg","contentUrl":"https:\/\/clartan.com\/fr\/wp-content\/uploads\/2022\/10\/Gestion-Privee-Paves-1152x6482.jpg-scaled.jpeg","width":2560,"height":1440},{"@type":"BreadcrumbList","@id":"https:\/\/clartan.com\/fr\/actualites\/dossier-de-la-rentree-quelle-retraite-voulons-nous\/#breadcrumb","itemListElement":[{"@type":"ListItem","position":1,"name":"Accueil","item":"https:\/\/clartan.com\/fr\/"},{"@type":"ListItem","position":2,"name":"Dossier de la rentr\u00e9e : quelle retraite voulons-nous\u00a0?\u00a0"}]},{"@type":"WebSite","@id":"https:\/\/clartan.com\/fr\/#website","url":"https:\/\/clartan.com\/fr\/","name":"Clartan Associ\u00e9s FR","description":"Maison de Gestion ind\u00e9pendante","publisher":{"@id":"https:\/\/clartan.com\/fr\/#organization"},"alternateName":"Clartan","potentialAction":[{"@type":"SearchAction","target":{"@type":"EntryPoint","urlTemplate":"https:\/\/clartan.com\/fr\/?s={search_term_string}"},"query-input":{"@type":"PropertyValueSpecification","valueRequired":true,"valueName":"search_term_string"}}],"inLanguage":"fr-FR"},{"@type":"Organization","@id":"https:\/\/clartan.com\/fr\/#organization","name":"Clartan Associ\u00e9s","alternateName":"Clartan","url":"https:\/\/clartan.com\/fr\/","logo":{"@type":"ImageObject","inLanguage":"fr-FR","@id":"https:\/\/clartan.com\/fr\/#\/schema\/logo\/image\/","url":"https:\/\/clartan.com\/fr\/wp-content\/uploads\/2025\/12\/Favicon-2.png","contentUrl":"https:\/\/clartan.com\/fr\/wp-content\/uploads\/2025\/12\/Favicon-2.png","width":1024,"height":1024,"caption":"Clartan Associ\u00e9s"},"image":{"@id":"https:\/\/clartan.com\/fr\/#\/schema\/logo\/image\/"},"sameAs":["https:\/\/www.linkedin.com\/company\/clartan-associes\/","https:\/\/www.youtube.com\/@clartanassocies3040"],"description":"Maison de gestion ind\u00e9pendante depuis 1986,\u2028Clartan Associ\u00e9s met en \u0153uvre une gestion solide et \u00e9prouv\u00e9e, fond\u00e9e sur la coll\u00e9gialit\u00e9.","email":"contact@clartan.com","telephone":"+33 1 53 77 60 80","legalName":"Clartan Associ\u00e9s","foundingDate":"1986-12-01","vatID":"FR18339485161","taxID":"33948516100097","leiCode":"969500AFMNSMC5R97K50"},{"@type":"Person","@id":"https:\/\/clartan.com\/fr\/#\/schema\/person\/8d49045b130d9fb92b24f5d3796a9fd0","name":"Ang\u00e9lique-Kristel Leblois","image":{"@type":"ImageObject","inLanguage":"fr-FR","@id":"https:\/\/secure.gravatar.com\/avatar\/ea326e5a9db94848400c4983ca2b12ec75a4c02114a3de4b2e0de94f8d74ad76?s=96&d=mm&r=g","url":"https:\/\/secure.gravatar.com\/avatar\/ea326e5a9db94848400c4983ca2b12ec75a4c02114a3de4b2e0de94f8d74ad76?s=96&d=mm&r=g","contentUrl":"https:\/\/secure.gravatar.com\/avatar\/ea326e5a9db94848400c4983ca2b12ec75a4c02114a3de4b2e0de94f8d74ad76?s=96&d=mm&r=g","caption":"Ang\u00e9lique-Kristel Leblois"}}]}},"_links":{"self":[{"href":"https:\/\/clartan.com\/fr\/wp-json\/wp\/v2\/posts\/3857","targetHints":{"allow":["GET"]}}],"collection":[{"href":"https:\/\/clartan.com\/fr\/wp-json\/wp\/v2\/posts"}],"about":[{"href":"https:\/\/clartan.com\/fr\/wp-json\/wp\/v2\/types\/post"}],"author":[{"embeddable":true,"href":"https:\/\/clartan.com\/fr\/wp-json\/wp\/v2\/users\/6"}],"replies":[{"embeddable":true,"href":"https:\/\/clartan.com\/fr\/wp-json\/wp\/v2\/comments?post=3857"}],"version-history":[{"count":0,"href":"https:\/\/clartan.com\/fr\/wp-json\/wp\/v2\/posts\/3857\/revisions"}],"wp:featuredmedia":[{"embeddable":true,"href":"https:\/\/clartan.com\/fr\/wp-json\/wp\/v2\/media\/3859"}],"wp:attachment":[{"href":"https:\/\/clartan.com\/fr\/wp-json\/wp\/v2\/media?parent=3857"}],"wp:term":[{"taxonomy":"category","embeddable":true,"href":"https:\/\/clartan.com\/fr\/wp-json\/wp\/v2\/categories?post=3857"},{"taxonomy":"post_tag","embeddable":true,"href":"https:\/\/clartan.com\/fr\/wp-json\/wp\/v2\/tags?post=3857"}],"curies":[{"name":"wp","href":"https:\/\/api.w.org\/{rel}","templated":true}]}}