{"id":4014,"date":"2022-11-28T15:29:36","date_gmt":"2022-11-28T14:29:36","guid":{"rendered":"https:\/\/www.clartan.com\/fr\/?p=4014"},"modified":"2023-01-10T15:41:12","modified_gmt":"2023-01-10T14:41:12","slug":"label-fng-2023-pour-clartan-ethos-esg-europe-small-mid-cap","status":"publish","type":"post","link":"https:\/\/clartan.com\/fr\/actualites\/label-fng-2023-pour-clartan-ethos-esg-europe-small-mid-cap\/","title":{"rendered":"Label FNG\u00a02023 pour Clartan Ethos\u00a0ESG Europe Small &amp; Mid Cap"},"content":{"rendered":"\n<p class=\"has-large-font-size\">Le fonds durable small &amp; mid cap propos\u00e9 par Clartan et Ethos obtient pour la seconde fois LA CERTIFICATION FNG.<\/p>\n\n\n\n<figure class=\"wp-block-image size-large\"><a href=\"https:\/\/clartan.com\/fr\/demarche-esg\/\" target=\"_blank\" rel=\"noreferrer noopener\"><img loading=\"lazy\" decoding=\"async\" width=\"1036\" height=\"583\" src=\"https:\/\/clartan.com\/fr\/wp-content\/uploads\/2022\/11\/FNG-2023-1036x583.png\" alt=\"\" class=\"wp-image-4015\" srcset=\"https:\/\/clartan.com\/fr\/wp-content\/uploads\/2022\/11\/FNG-2023-1036x583.png 1036w, https:\/\/clartan.com\/fr\/wp-content\/uploads\/2022\/11\/FNG-2023-300x169.png 300w, https:\/\/clartan.com\/fr\/wp-content\/uploads\/2022\/11\/FNG-2023-768x432.png 768w, https:\/\/clartan.com\/fr\/wp-content\/uploads\/2022\/11\/FNG-2023.png 1280w\" sizes=\"(max-width: 1036px) 100vw, 1036px\" \/><\/a><\/figure>\n\n\n\n<p>Clartan Ethos ESG Europe Small &amp; Mid Cap a \u00e9t\u00e9 soumis de nouveau \u00e0 la certification du&nbsp;<a href=\"https:\/\/www.forum-ng.org\/en\/\" target=\"_blank\" rel=\"noreferrer noopener\">Forum allemand pour les investissements durables<\/a>&nbsp;(FNG).<\/p>\n\n\n\n<p>\u00ab&nbsp;&nbsp;Nous sommes tr\u00e8s satisfaits de ce r\u00e9sultat qui d\u00e9montre que la strat\u00e9gie de durabilit\u00e9 MISE EN \u0152UVRE AVEC la Fondation Ethos va dans la bonne direction.&nbsp;\u00bb&nbsp;souligne Guillaume Brisset, Directeur G\u00e9n\u00e9ral DE Clartan Associ\u00e9s.&nbsp;<br>FNG est un label ind\u00e9pendant et certainement l\u2019un des plus cr\u00e9dibles en Europe. Il couronne plus de 25 ann\u00e9es d\u2019expertise d\u2019Ethos dans la finance durable.<\/p>\n\n\n\n<p><strong>Une approche rigoureuse et transparente<\/strong><\/p>\n\n\n\n<p>Lanc\u00e9 en 2015 par l\u2019Universit\u00e9 d\u2019Hambourg, le label FNG est une norme de qualit\u00e9 pour les investissements durables particuli\u00e8rement reconnue sur les march\u00e9s financiers germanophones. Les fonds qui obtiennent la certification doivent d\u00e9montrer qu\u2019ils poursuivent une approche de durabilit\u00e9 rigoureuse et transparente. La norme de qualit\u00e9 comprend notamment des exigences de pr\u00e9sentation de la strat\u00e9gie durable du fonds, l\u2019exclusion de certains secteurs (armement, nucl\u00e9aire, charbon, tabac, etc.) ainsi qu\u2019une v\u00e9rification de l\u2019ensemble du portefeuille selon certains crit\u00e8res de durabilit\u00e9.&nbsp;<\/p>\n\n\n\n<p>Avec plus de 80 questions, le processus de certification s\u2019int\u00e9resse aussi bien au style d&rsquo;investissement durable qu\u2019aux capacit\u00e9s de recherche ESG et au processus d&rsquo;engagement aupr\u00e8s des entreprises d\u00e9tenues en portefeuille. Des \u00e9l\u00e9ments tels que le reporting, le suivi des controverses et l&rsquo;actionnariat actif jouent \u00e9galement un r\u00f4le important.&nbsp;<\/p>\n\n\n\n<p>L&rsquo;\u00e9quipe d&rsquo;\u00e9valuation du label FNG est pr\u00e9sid\u00e9e par le professeur Timo Busch du groupe de recherche sur la finance durable de l&rsquo;universit\u00e9 de Hambourg. Un comit\u00e9 ind\u00e9pendant dot\u00e9 d&rsquo;une expertise interdisciplinaire accompagne \u00e9galement le processus d&rsquo;examen et d&rsquo;\u00e9valuation.<\/p>\n\n\n\n<p>La certification de durabilit\u00e9 FNG doit \u00eatre renouvel\u00e9e chaque ann\u00e9e.<\/p>\n\n\n\n<div class=\"wp-block-buttons is-layout-flex wp-block-buttons-is-layout-flex\">\n<div class=\"wp-block-button\"><a class=\"wp-block-button__link wp-element-button\" href=\"https:\/\/clartan.com\/fr\/demarche-esg\/\" target=\"_blank\" rel=\"noreferrer noopener\">NOTRE DEMARCHE ESG<\/a><\/div>\n<\/div>\n","protected":false},"excerpt":{"rendered":"<p>Le fonds durable small &amp; mid cap propos\u00e9 par Clartan et Ethos obtient pour la seconde fois LA CERTIFICATION FNG<\/p>\n","protected":false},"author":6,"featured_media":4015,"comment_status":"closed","ping_status":"closed","sticky":false,"template":"","format":"standard","meta":{"_acf_changed":false,"inline_featured_image":false,"footnotes":""},"categories":[5],"tags":[],"class_list":["post-4014","post","type-post","status-publish","format-standard","has-post-thumbnail","hentry","category-actualites"],"acf":[],"yoast_head":"<!-- This site is optimized with the Yoast SEO Premium plugin v26.2 (Yoast SEO v27.4) - https:\/\/yoast.com\/product\/yoast-seo-premium-wordpress\/ -->\n<title>Label FNG\u00a02023 pour Clartan Ethos\u00a0ESG Europe Small &amp; Mid Cap - Clartan Associ\u00e9s<\/title>\n<meta name=\"robots\" content=\"index, follow, max-snippet:-1, max-image-preview:large, max-video-preview:-1\" \/>\n<link rel=\"canonical\" href=\"https:\/\/clartan.com\/fr\/actualites\/label-fng-2023-pour-clartan-ethos-esg-europe-small-mid-cap\/\" \/>\n<meta property=\"og:locale\" content=\"fr_FR\" \/>\n<meta property=\"og:type\" content=\"article\" \/>\n<meta property=\"og:title\" content=\"Label FNG\u00a02023 pour Clartan Ethos\u00a0ESG Europe Small &amp; Mid Cap\" \/>\n<meta property=\"og:url\" content=\"https:\/\/clartan.com\/fr\/actualites\/label-fng-2023-pour-clartan-ethos-esg-europe-small-mid-cap\/\" \/>\n<meta property=\"og:site_name\" content=\"Clartan Associ\u00e9s FR\" \/>\n<meta property=\"article:published_time\" content=\"2022-11-28T14:29:36+00:00\" \/>\n<meta property=\"article:modified_time\" content=\"2023-01-10T14:41:12+00:00\" \/>\n<meta property=\"og:image\" content=\"https:\/\/clartan.com\/fr\/wp-content\/uploads\/2022\/11\/FNG-2023.png\" \/>\n\t<meta property=\"og:image:width\" content=\"1280\" \/>\n\t<meta property=\"og:image:height\" content=\"720\" \/>\n\t<meta property=\"og:image:type\" content=\"image\/png\" \/>\n<meta name=\"author\" content=\"Ang\u00e9lique-Kristel Leblois\" \/>\n<meta name=\"twitter:card\" content=\"summary_large_image\" \/>\n<script type=\"application\/ld+json\" class=\"yoast-schema-graph\">{\"@context\":\"https:\\\/\\\/schema.org\",\"@graph\":[{\"@type\":\"Article\",\"@id\":\"https:\\\/\\\/clartan.com\\\/fr\\\/actualites\\\/label-fng-2023-pour-clartan-ethos-esg-europe-small-mid-cap\\\/#article\",\"isPartOf\":{\"@id\":\"https:\\\/\\\/clartan.com\\\/fr\\\/actualites\\\/label-fng-2023-pour-clartan-ethos-esg-europe-small-mid-cap\\\/\"},\"author\":{\"name\":\"Ang\u00e9lique-Kristel Leblois\",\"@id\":\"https:\\\/\\\/clartan.com\\\/fr\\\/#\\\/schema\\\/person\\\/8d49045b130d9fb92b24f5d3796a9fd0\"},\"headline\":\"Label FNG\u00a02023 pour Clartan Ethos\u00a0ESG Europe Small &amp; Mid Cap\",\"datePublished\":\"2022-11-28T14:29:36+00:00\",\"dateModified\":\"2023-01-10T14:41:12+00:00\",\"mainEntityOfPage\":{\"@id\":\"https:\\\/\\\/clartan.com\\\/fr\\\/actualites\\\/label-fng-2023-pour-clartan-ethos-esg-europe-small-mid-cap\\\/\"},\"wordCount\":352,\"publisher\":{\"@id\":\"https:\\\/\\\/clartan.com\\\/fr\\\/#organization\"},\"image\":{\"@id\":\"https:\\\/\\\/clartan.com\\\/fr\\\/actualites\\\/label-fng-2023-pour-clartan-ethos-esg-europe-small-mid-cap\\\/#primaryimage\"},\"thumbnailUrl\":\"https:\\\/\\\/clartan.com\\\/fr\\\/wp-content\\\/uploads\\\/2022\\\/11\\\/FNG-2023.png\",\"articleSection\":[\"Actualit\u00e9s\"],\"inLanguage\":\"fr-FR\"},{\"@type\":\"WebPage\",\"@id\":\"https:\\\/\\\/clartan.com\\\/fr\\\/actualites\\\/label-fng-2023-pour-clartan-ethos-esg-europe-small-mid-cap\\\/\",\"url\":\"https:\\\/\\\/clartan.com\\\/fr\\\/actualites\\\/label-fng-2023-pour-clartan-ethos-esg-europe-small-mid-cap\\\/\",\"name\":\"Label FNG\u00a02023 pour Clartan Ethos\u00a0ESG Europe Small &amp; Mid Cap - Clartan Associ\u00e9s\",\"isPartOf\":{\"@id\":\"https:\\\/\\\/clartan.com\\\/fr\\\/#website\"},\"primaryImageOfPage\":{\"@id\":\"https:\\\/\\\/clartan.com\\\/fr\\\/actualites\\\/label-fng-2023-pour-clartan-ethos-esg-europe-small-mid-cap\\\/#primaryimage\"},\"image\":{\"@id\":\"https:\\\/\\\/clartan.com\\\/fr\\\/actualites\\\/label-fng-2023-pour-clartan-ethos-esg-europe-small-mid-cap\\\/#primaryimage\"},\"thumbnailUrl\":\"https:\\\/\\\/clartan.com\\\/fr\\\/wp-content\\\/uploads\\\/2022\\\/11\\\/FNG-2023.png\",\"datePublished\":\"2022-11-28T14:29:36+00:00\",\"dateModified\":\"2023-01-10T14:41:12+00:00\",\"breadcrumb\":{\"@id\":\"https:\\\/\\\/clartan.com\\\/fr\\\/actualites\\\/label-fng-2023-pour-clartan-ethos-esg-europe-small-mid-cap\\\/#breadcrumb\"},\"inLanguage\":\"fr-FR\",\"potentialAction\":[{\"@type\":\"ReadAction\",\"target\":[\"https:\\\/\\\/clartan.com\\\/fr\\\/actualites\\\/label-fng-2023-pour-clartan-ethos-esg-europe-small-mid-cap\\\/\"]}]},{\"@type\":\"ImageObject\",\"inLanguage\":\"fr-FR\",\"@id\":\"https:\\\/\\\/clartan.com\\\/fr\\\/actualites\\\/label-fng-2023-pour-clartan-ethos-esg-europe-small-mid-cap\\\/#primaryimage\",\"url\":\"https:\\\/\\\/clartan.com\\\/fr\\\/wp-content\\\/uploads\\\/2022\\\/11\\\/FNG-2023.png\",\"contentUrl\":\"https:\\\/\\\/clartan.com\\\/fr\\\/wp-content\\\/uploads\\\/2022\\\/11\\\/FNG-2023.png\",\"width\":1280,\"height\":720},{\"@type\":\"BreadcrumbList\",\"@id\":\"https:\\\/\\\/clartan.com\\\/fr\\\/actualites\\\/label-fng-2023-pour-clartan-ethos-esg-europe-small-mid-cap\\\/#breadcrumb\",\"itemListElement\":[{\"@type\":\"ListItem\",\"position\":1,\"name\":\"Accueil\",\"item\":\"https:\\\/\\\/clartan.com\\\/fr\\\/\"},{\"@type\":\"ListItem\",\"position\":2,\"name\":\"Label FNG\u00a02023 pour Clartan Ethos\u00a0ESG Europe Small &amp; Mid Cap\"}]},{\"@type\":\"WebSite\",\"@id\":\"https:\\\/\\\/clartan.com\\\/fr\\\/#website\",\"url\":\"https:\\\/\\\/clartan.com\\\/fr\\\/\",\"name\":\"Clartan Associ\u00e9s FR\",\"description\":\"Maison de Gestion ind\u00e9pendante\",\"publisher\":{\"@id\":\"https:\\\/\\\/clartan.com\\\/fr\\\/#organization\"},\"alternateName\":\"Clartan\",\"potentialAction\":[{\"@type\":\"SearchAction\",\"target\":{\"@type\":\"EntryPoint\",\"urlTemplate\":\"https:\\\/\\\/clartan.com\\\/fr\\\/?s={search_term_string}\"},\"query-input\":{\"@type\":\"PropertyValueSpecification\",\"valueRequired\":true,\"valueName\":\"search_term_string\"}}],\"inLanguage\":\"fr-FR\"},{\"@type\":\"Organization\",\"@id\":\"https:\\\/\\\/clartan.com\\\/fr\\\/#organization\",\"name\":\"Clartan Associ\u00e9s\",\"alternateName\":\"Clartan\",\"url\":\"https:\\\/\\\/clartan.com\\\/fr\\\/\",\"logo\":{\"@type\":\"ImageObject\",\"inLanguage\":\"fr-FR\",\"@id\":\"https:\\\/\\\/clartan.com\\\/fr\\\/#\\\/schema\\\/logo\\\/image\\\/\",\"url\":\"https:\\\/\\\/clartan.com\\\/fr\\\/wp-content\\\/uploads\\\/2025\\\/12\\\/Favicon-2.png\",\"contentUrl\":\"https:\\\/\\\/clartan.com\\\/fr\\\/wp-content\\\/uploads\\\/2025\\\/12\\\/Favicon-2.png\",\"width\":1024,\"height\":1024,\"caption\":\"Clartan Associ\u00e9s\"},\"image\":{\"@id\":\"https:\\\/\\\/clartan.com\\\/fr\\\/#\\\/schema\\\/logo\\\/image\\\/\"},\"sameAs\":[\"https:\\\/\\\/www.linkedin.com\\\/company\\\/clartan-associes\\\/\",\"https:\\\/\\\/www.youtube.com\\\/@clartanassocies3040\"],\"description\":\"Maison de gestion ind\u00e9pendante depuis 1986,\\u2028Clartan Associ\u00e9s met en \u0153uvre une gestion solide et \u00e9prouv\u00e9e, fond\u00e9e sur la coll\u00e9gialit\u00e9.\",\"email\":\"contact@clartan.com\",\"telephone\":\"+33 1 53 77 60 80\",\"legalName\":\"Clartan Associ\u00e9s\",\"foundingDate\":\"1986-12-01\",\"vatID\":\"FR18339485161\",\"taxID\":\"33948516100097\",\"leiCode\":\"969500AFMNSMC5R97K50\"},{\"@type\":\"Person\",\"@id\":\"https:\\\/\\\/clartan.com\\\/fr\\\/#\\\/schema\\\/person\\\/8d49045b130d9fb92b24f5d3796a9fd0\",\"name\":\"Ang\u00e9lique-Kristel Leblois\",\"image\":{\"@type\":\"ImageObject\",\"inLanguage\":\"fr-FR\",\"@id\":\"https:\\\/\\\/secure.gravatar.com\\\/avatar\\\/ea326e5a9db94848400c4983ca2b12ec75a4c02114a3de4b2e0de94f8d74ad76?s=96&d=mm&r=g\",\"url\":\"https:\\\/\\\/secure.gravatar.com\\\/avatar\\\/ea326e5a9db94848400c4983ca2b12ec75a4c02114a3de4b2e0de94f8d74ad76?s=96&d=mm&r=g\",\"contentUrl\":\"https:\\\/\\\/secure.gravatar.com\\\/avatar\\\/ea326e5a9db94848400c4983ca2b12ec75a4c02114a3de4b2e0de94f8d74ad76?s=96&d=mm&r=g\",\"caption\":\"Ang\u00e9lique-Kristel Leblois\"}}]}<\/script>\n<!-- \/ Yoast SEO Premium plugin. -->","yoast_head_json":{"title":"Label FNG\u00a02023 pour Clartan Ethos\u00a0ESG Europe Small &amp; Mid Cap - Clartan Associ\u00e9s","robots":{"index":"index","follow":"follow","max-snippet":"max-snippet:-1","max-image-preview":"max-image-preview:large","max-video-preview":"max-video-preview:-1"},"canonical":"https:\/\/clartan.com\/fr\/actualites\/label-fng-2023-pour-clartan-ethos-esg-europe-small-mid-cap\/","og_locale":"fr_FR","og_type":"article","og_title":"Label FNG\u00a02023 pour Clartan Ethos\u00a0ESG Europe Small &amp; Mid Cap","og_url":"https:\/\/clartan.com\/fr\/actualites\/label-fng-2023-pour-clartan-ethos-esg-europe-small-mid-cap\/","og_site_name":"Clartan Associ\u00e9s FR","article_published_time":"2022-11-28T14:29:36+00:00","article_modified_time":"2023-01-10T14:41:12+00:00","og_image":[{"width":1280,"height":720,"url":"https:\/\/clartan.com\/fr\/wp-content\/uploads\/2022\/11\/FNG-2023.png","type":"image\/png"}],"author":"Ang\u00e9lique-Kristel Leblois","twitter_card":"summary_large_image","schema":{"@context":"https:\/\/schema.org","@graph":[{"@type":"Article","@id":"https:\/\/clartan.com\/fr\/actualites\/label-fng-2023-pour-clartan-ethos-esg-europe-small-mid-cap\/#article","isPartOf":{"@id":"https:\/\/clartan.com\/fr\/actualites\/label-fng-2023-pour-clartan-ethos-esg-europe-small-mid-cap\/"},"author":{"name":"Ang\u00e9lique-Kristel Leblois","@id":"https:\/\/clartan.com\/fr\/#\/schema\/person\/8d49045b130d9fb92b24f5d3796a9fd0"},"headline":"Label FNG\u00a02023 pour Clartan Ethos\u00a0ESG Europe Small &amp; Mid Cap","datePublished":"2022-11-28T14:29:36+00:00","dateModified":"2023-01-10T14:41:12+00:00","mainEntityOfPage":{"@id":"https:\/\/clartan.com\/fr\/actualites\/label-fng-2023-pour-clartan-ethos-esg-europe-small-mid-cap\/"},"wordCount":352,"publisher":{"@id":"https:\/\/clartan.com\/fr\/#organization"},"image":{"@id":"https:\/\/clartan.com\/fr\/actualites\/label-fng-2023-pour-clartan-ethos-esg-europe-small-mid-cap\/#primaryimage"},"thumbnailUrl":"https:\/\/clartan.com\/fr\/wp-content\/uploads\/2022\/11\/FNG-2023.png","articleSection":["Actualit\u00e9s"],"inLanguage":"fr-FR"},{"@type":"WebPage","@id":"https:\/\/clartan.com\/fr\/actualites\/label-fng-2023-pour-clartan-ethos-esg-europe-small-mid-cap\/","url":"https:\/\/clartan.com\/fr\/actualites\/label-fng-2023-pour-clartan-ethos-esg-europe-small-mid-cap\/","name":"Label FNG\u00a02023 pour Clartan Ethos\u00a0ESG Europe Small &amp; Mid Cap - Clartan Associ\u00e9s","isPartOf":{"@id":"https:\/\/clartan.com\/fr\/#website"},"primaryImageOfPage":{"@id":"https:\/\/clartan.com\/fr\/actualites\/label-fng-2023-pour-clartan-ethos-esg-europe-small-mid-cap\/#primaryimage"},"image":{"@id":"https:\/\/clartan.com\/fr\/actualites\/label-fng-2023-pour-clartan-ethos-esg-europe-small-mid-cap\/#primaryimage"},"thumbnailUrl":"https:\/\/clartan.com\/fr\/wp-content\/uploads\/2022\/11\/FNG-2023.png","datePublished":"2022-11-28T14:29:36+00:00","dateModified":"2023-01-10T14:41:12+00:00","breadcrumb":{"@id":"https:\/\/clartan.com\/fr\/actualites\/label-fng-2023-pour-clartan-ethos-esg-europe-small-mid-cap\/#breadcrumb"},"inLanguage":"fr-FR","potentialAction":[{"@type":"ReadAction","target":["https:\/\/clartan.com\/fr\/actualites\/label-fng-2023-pour-clartan-ethos-esg-europe-small-mid-cap\/"]}]},{"@type":"ImageObject","inLanguage":"fr-FR","@id":"https:\/\/clartan.com\/fr\/actualites\/label-fng-2023-pour-clartan-ethos-esg-europe-small-mid-cap\/#primaryimage","url":"https:\/\/clartan.com\/fr\/wp-content\/uploads\/2022\/11\/FNG-2023.png","contentUrl":"https:\/\/clartan.com\/fr\/wp-content\/uploads\/2022\/11\/FNG-2023.png","width":1280,"height":720},{"@type":"BreadcrumbList","@id":"https:\/\/clartan.com\/fr\/actualites\/label-fng-2023-pour-clartan-ethos-esg-europe-small-mid-cap\/#breadcrumb","itemListElement":[{"@type":"ListItem","position":1,"name":"Accueil","item":"https:\/\/clartan.com\/fr\/"},{"@type":"ListItem","position":2,"name":"Label FNG\u00a02023 pour Clartan Ethos\u00a0ESG Europe Small &amp; Mid Cap"}]},{"@type":"WebSite","@id":"https:\/\/clartan.com\/fr\/#website","url":"https:\/\/clartan.com\/fr\/","name":"Clartan Associ\u00e9s FR","description":"Maison de Gestion ind\u00e9pendante","publisher":{"@id":"https:\/\/clartan.com\/fr\/#organization"},"alternateName":"Clartan","potentialAction":[{"@type":"SearchAction","target":{"@type":"EntryPoint","urlTemplate":"https:\/\/clartan.com\/fr\/?s={search_term_string}"},"query-input":{"@type":"PropertyValueSpecification","valueRequired":true,"valueName":"search_term_string"}}],"inLanguage":"fr-FR"},{"@type":"Organization","@id":"https:\/\/clartan.com\/fr\/#organization","name":"Clartan Associ\u00e9s","alternateName":"Clartan","url":"https:\/\/clartan.com\/fr\/","logo":{"@type":"ImageObject","inLanguage":"fr-FR","@id":"https:\/\/clartan.com\/fr\/#\/schema\/logo\/image\/","url":"https:\/\/clartan.com\/fr\/wp-content\/uploads\/2025\/12\/Favicon-2.png","contentUrl":"https:\/\/clartan.com\/fr\/wp-content\/uploads\/2025\/12\/Favicon-2.png","width":1024,"height":1024,"caption":"Clartan Associ\u00e9s"},"image":{"@id":"https:\/\/clartan.com\/fr\/#\/schema\/logo\/image\/"},"sameAs":["https:\/\/www.linkedin.com\/company\/clartan-associes\/","https:\/\/www.youtube.com\/@clartanassocies3040"],"description":"Maison de gestion ind\u00e9pendante depuis 1986,\u2028Clartan Associ\u00e9s met en \u0153uvre une gestion solide et \u00e9prouv\u00e9e, fond\u00e9e sur la coll\u00e9gialit\u00e9.","email":"contact@clartan.com","telephone":"+33 1 53 77 60 80","legalName":"Clartan Associ\u00e9s","foundingDate":"1986-12-01","vatID":"FR18339485161","taxID":"33948516100097","leiCode":"969500AFMNSMC5R97K50"},{"@type":"Person","@id":"https:\/\/clartan.com\/fr\/#\/schema\/person\/8d49045b130d9fb92b24f5d3796a9fd0","name":"Ang\u00e9lique-Kristel Leblois","image":{"@type":"ImageObject","inLanguage":"fr-FR","@id":"https:\/\/secure.gravatar.com\/avatar\/ea326e5a9db94848400c4983ca2b12ec75a4c02114a3de4b2e0de94f8d74ad76?s=96&d=mm&r=g","url":"https:\/\/secure.gravatar.com\/avatar\/ea326e5a9db94848400c4983ca2b12ec75a4c02114a3de4b2e0de94f8d74ad76?s=96&d=mm&r=g","contentUrl":"https:\/\/secure.gravatar.com\/avatar\/ea326e5a9db94848400c4983ca2b12ec75a4c02114a3de4b2e0de94f8d74ad76?s=96&d=mm&r=g","caption":"Ang\u00e9lique-Kristel Leblois"}}]}},"_links":{"self":[{"href":"https:\/\/clartan.com\/fr\/wp-json\/wp\/v2\/posts\/4014","targetHints":{"allow":["GET"]}}],"collection":[{"href":"https:\/\/clartan.com\/fr\/wp-json\/wp\/v2\/posts"}],"about":[{"href":"https:\/\/clartan.com\/fr\/wp-json\/wp\/v2\/types\/post"}],"author":[{"embeddable":true,"href":"https:\/\/clartan.com\/fr\/wp-json\/wp\/v2\/users\/6"}],"replies":[{"embeddable":true,"href":"https:\/\/clartan.com\/fr\/wp-json\/wp\/v2\/comments?post=4014"}],"version-history":[{"count":0,"href":"https:\/\/clartan.com\/fr\/wp-json\/wp\/v2\/posts\/4014\/revisions"}],"wp:featuredmedia":[{"embeddable":true,"href":"https:\/\/clartan.com\/fr\/wp-json\/wp\/v2\/media\/4015"}],"wp:attachment":[{"href":"https:\/\/clartan.com\/fr\/wp-json\/wp\/v2\/media?parent=4014"}],"wp:term":[{"taxonomy":"category","embeddable":true,"href":"https:\/\/clartan.com\/fr\/wp-json\/wp\/v2\/categories?post=4014"},{"taxonomy":"post_tag","embeddable":true,"href":"https:\/\/clartan.com\/fr\/wp-json\/wp\/v2\/tags?post=4014"}],"curies":[{"name":"wp","href":"https:\/\/api.w.org\/{rel}","templated":true}]}}