{"id":4021,"date":"2022-12-06T15:44:05","date_gmt":"2022-12-06T14:44:05","guid":{"rendered":"https:\/\/www.clartan.com\/fr\/?p=4021"},"modified":"2022-12-08T16:27:20","modified_gmt":"2022-12-08T15:27:20","slug":"clartan-associes-etait-present-au-colloque-harvest-fidroit-quantalys","status":"publish","type":"post","link":"https:\/\/clartan.com\/fr\/actualites\/clartan-associes-etait-present-au-colloque-harvest-fidroit-quantalys\/","title":{"rendered":"Clartan Associ\u00e9s \u00e9tait pr\u00e9sent au Colloque Harvest Fidroit Quantalys"},"content":{"rendered":"\n<p class=\"has-large-font-size\">Merci \u00e0 toutes les \u00e9quipes<strong> <\/strong>de Harvest Fidroit Quantalys pour ce bel \u00e9v\u00e9nement au Palais Brongniart \u00e0 Paris.<\/p>\n\n\n\n<p>Michel Legros, g\u00e9rant financier et Hugo Soler, responsable relations partenaires CGP repr\u00e9sentaient Clartan Associ\u00e9s et \u00e9taient pr\u00e9sents aux c\u00f4t\u00e9s de nos partenaires.<\/p>\n\n\n\n<p>Nous \u00e9tions ravis d\u2019\u00e9changer avec vous.<\/p>\n\n\n\n<p>L\u2019\u00e9quipe de Clartan Associ\u00e9s reste \u00e0 votre disposition pour tout compl\u00e9ment d\u2019information.<\/p>\n\n\n\n<figure class=\"wp-block-image size-large\"><img loading=\"lazy\" decoding=\"async\" width=\"1036\" height=\"583\" src=\"https:\/\/clartan.com\/fr\/wp-content\/uploads\/2022\/12\/2022-12-01-HS-ML_Harvest-Fidroit-Quantalys-1036x583.png\" alt=\"\" class=\"wp-image-4045\" srcset=\"https:\/\/clartan.com\/fr\/wp-content\/uploads\/2022\/12\/2022-12-01-HS-ML_Harvest-Fidroit-Quantalys-1036x583.png 1036w, https:\/\/clartan.com\/fr\/wp-content\/uploads\/2022\/12\/2022-12-01-HS-ML_Harvest-Fidroit-Quantalys-300x169.png 300w, https:\/\/clartan.com\/fr\/wp-content\/uploads\/2022\/12\/2022-12-01-HS-ML_Harvest-Fidroit-Quantalys-768x432.png 768w, https:\/\/clartan.com\/fr\/wp-content\/uploads\/2022\/12\/2022-12-01-HS-ML_Harvest-Fidroit-Quantalys.png 1280w\" sizes=\"(max-width: 1036px) 100vw, 1036px\" \/><\/figure>\n","protected":false},"excerpt":{"rendered":"<p>Merci \u00e0 toutes les \u00e9quipes de Harvest Fidroit Quantalys pour ce bel \u00e9v\u00e9nement au Palais Brongniart \u00e0 Paris.<br \/>\nMichel Legros, g\u00e9rant financier et Hugo Soler, responsable relations partenaires CGP repr\u00e9sentaient Clartan Associ\u00e9s et \u00e9taient pr\u00e9sents aux c\u00f4t\u00e9s de nos partenaires.<\/p>\n","protected":false},"author":6,"featured_media":4045,"comment_status":"closed","ping_status":"closed","sticky":false,"template":"","format":"standard","meta":{"_acf_changed":false,"inline_featured_image":false,"footnotes":""},"categories":[5],"tags":[],"class_list":["post-4021","post","type-post","status-publish","format-standard","has-post-thumbnail","hentry","category-actualites"],"acf":[],"yoast_head":"<!-- This site is optimized with the Yoast SEO Premium plugin v26.2 (Yoast SEO v27.4) - https:\/\/yoast.com\/product\/yoast-seo-premium-wordpress\/ -->\n<title>Clartan Associ\u00e9s \u00e9tait pr\u00e9sent au Colloque Harvest Fidroit Quantalys - Clartan Associ\u00e9s<\/title>\n<meta name=\"robots\" content=\"index, follow, max-snippet:-1, max-image-preview:large, max-video-preview:-1\" \/>\n<link rel=\"canonical\" href=\"https:\/\/clartan.com\/fr\/actualites\/clartan-associes-etait-present-au-colloque-harvest-fidroit-quantalys\/\" \/>\n<meta property=\"og:locale\" content=\"fr_FR\" \/>\n<meta property=\"og:type\" content=\"article\" \/>\n<meta property=\"og:title\" content=\"Clartan Associ\u00e9s \u00e9tait pr\u00e9sent au Colloque Harvest Fidroit Quantalys\" \/>\n<meta property=\"og:url\" content=\"https:\/\/clartan.com\/fr\/actualites\/clartan-associes-etait-present-au-colloque-harvest-fidroit-quantalys\/\" \/>\n<meta property=\"og:site_name\" content=\"Clartan Associ\u00e9s FR\" \/>\n<meta property=\"article:published_time\" content=\"2022-12-06T14:44:05+00:00\" \/>\n<meta property=\"article:modified_time\" content=\"2022-12-08T15:27:20+00:00\" \/>\n<meta property=\"og:image\" content=\"https:\/\/clartan.com\/fr\/wp-content\/uploads\/2022\/12\/2022-12-01-HS-ML_Harvest-Fidroit-Quantalys.png\" \/>\n\t<meta property=\"og:image:width\" content=\"1280\" \/>\n\t<meta property=\"og:image:height\" content=\"720\" \/>\n\t<meta property=\"og:image:type\" content=\"image\/png\" \/>\n<meta name=\"author\" content=\"Ang\u00e9lique-Kristel Leblois\" \/>\n<meta name=\"twitter:card\" content=\"summary_large_image\" \/>\n<script type=\"application\/ld+json\" class=\"yoast-schema-graph\">{\"@context\":\"https:\\\/\\\/schema.org\",\"@graph\":[{\"@type\":\"Article\",\"@id\":\"https:\\\/\\\/clartan.com\\\/fr\\\/actualites\\\/clartan-associes-etait-present-au-colloque-harvest-fidroit-quantalys\\\/#article\",\"isPartOf\":{\"@id\":\"https:\\\/\\\/clartan.com\\\/fr\\\/actualites\\\/clartan-associes-etait-present-au-colloque-harvest-fidroit-quantalys\\\/\"},\"author\":{\"name\":\"Ang\u00e9lique-Kristel Leblois\",\"@id\":\"https:\\\/\\\/clartan.com\\\/fr\\\/#\\\/schema\\\/person\\\/8d49045b130d9fb92b24f5d3796a9fd0\"},\"headline\":\"Clartan Associ\u00e9s \u00e9tait pr\u00e9sent au Colloque Harvest Fidroit Quantalys\",\"datePublished\":\"2022-12-06T14:44:05+00:00\",\"dateModified\":\"2022-12-08T15:27:20+00:00\",\"mainEntityOfPage\":{\"@id\":\"https:\\\/\\\/clartan.com\\\/fr\\\/actualites\\\/clartan-associes-etait-present-au-colloque-harvest-fidroit-quantalys\\\/\"},\"wordCount\":78,\"publisher\":{\"@id\":\"https:\\\/\\\/clartan.com\\\/fr\\\/#organization\"},\"image\":{\"@id\":\"https:\\\/\\\/clartan.com\\\/fr\\\/actualites\\\/clartan-associes-etait-present-au-colloque-harvest-fidroit-quantalys\\\/#primaryimage\"},\"thumbnailUrl\":\"https:\\\/\\\/clartan.com\\\/fr\\\/wp-content\\\/uploads\\\/2022\\\/12\\\/2022-12-01-HS-ML_Harvest-Fidroit-Quantalys.png\",\"articleSection\":[\"Actualit\u00e9s\"],\"inLanguage\":\"fr-FR\"},{\"@type\":\"WebPage\",\"@id\":\"https:\\\/\\\/clartan.com\\\/fr\\\/actualites\\\/clartan-associes-etait-present-au-colloque-harvest-fidroit-quantalys\\\/\",\"url\":\"https:\\\/\\\/clartan.com\\\/fr\\\/actualites\\\/clartan-associes-etait-present-au-colloque-harvest-fidroit-quantalys\\\/\",\"name\":\"Clartan Associ\u00e9s \u00e9tait pr\u00e9sent au Colloque Harvest Fidroit Quantalys - Clartan Associ\u00e9s\",\"isPartOf\":{\"@id\":\"https:\\\/\\\/clartan.com\\\/fr\\\/#website\"},\"primaryImageOfPage\":{\"@id\":\"https:\\\/\\\/clartan.com\\\/fr\\\/actualites\\\/clartan-associes-etait-present-au-colloque-harvest-fidroit-quantalys\\\/#primaryimage\"},\"image\":{\"@id\":\"https:\\\/\\\/clartan.com\\\/fr\\\/actualites\\\/clartan-associes-etait-present-au-colloque-harvest-fidroit-quantalys\\\/#primaryimage\"},\"thumbnailUrl\":\"https:\\\/\\\/clartan.com\\\/fr\\\/wp-content\\\/uploads\\\/2022\\\/12\\\/2022-12-01-HS-ML_Harvest-Fidroit-Quantalys.png\",\"datePublished\":\"2022-12-06T14:44:05+00:00\",\"dateModified\":\"2022-12-08T15:27:20+00:00\",\"breadcrumb\":{\"@id\":\"https:\\\/\\\/clartan.com\\\/fr\\\/actualites\\\/clartan-associes-etait-present-au-colloque-harvest-fidroit-quantalys\\\/#breadcrumb\"},\"inLanguage\":\"fr-FR\",\"potentialAction\":[{\"@type\":\"ReadAction\",\"target\":[\"https:\\\/\\\/clartan.com\\\/fr\\\/actualites\\\/clartan-associes-etait-present-au-colloque-harvest-fidroit-quantalys\\\/\"]}]},{\"@type\":\"ImageObject\",\"inLanguage\":\"fr-FR\",\"@id\":\"https:\\\/\\\/clartan.com\\\/fr\\\/actualites\\\/clartan-associes-etait-present-au-colloque-harvest-fidroit-quantalys\\\/#primaryimage\",\"url\":\"https:\\\/\\\/clartan.com\\\/fr\\\/wp-content\\\/uploads\\\/2022\\\/12\\\/2022-12-01-HS-ML_Harvest-Fidroit-Quantalys.png\",\"contentUrl\":\"https:\\\/\\\/clartan.com\\\/fr\\\/wp-content\\\/uploads\\\/2022\\\/12\\\/2022-12-01-HS-ML_Harvest-Fidroit-Quantalys.png\",\"width\":1280,\"height\":720},{\"@type\":\"BreadcrumbList\",\"@id\":\"https:\\\/\\\/clartan.com\\\/fr\\\/actualites\\\/clartan-associes-etait-present-au-colloque-harvest-fidroit-quantalys\\\/#breadcrumb\",\"itemListElement\":[{\"@type\":\"ListItem\",\"position\":1,\"name\":\"Accueil\",\"item\":\"https:\\\/\\\/clartan.com\\\/fr\\\/\"},{\"@type\":\"ListItem\",\"position\":2,\"name\":\"Clartan Associ\u00e9s \u00e9tait pr\u00e9sent au Colloque Harvest Fidroit Quantalys\"}]},{\"@type\":\"WebSite\",\"@id\":\"https:\\\/\\\/clartan.com\\\/fr\\\/#website\",\"url\":\"https:\\\/\\\/clartan.com\\\/fr\\\/\",\"name\":\"Clartan Associ\u00e9s FR\",\"description\":\"Maison de Gestion ind\u00e9pendante\",\"publisher\":{\"@id\":\"https:\\\/\\\/clartan.com\\\/fr\\\/#organization\"},\"alternateName\":\"Clartan\",\"potentialAction\":[{\"@type\":\"SearchAction\",\"target\":{\"@type\":\"EntryPoint\",\"urlTemplate\":\"https:\\\/\\\/clartan.com\\\/fr\\\/?s={search_term_string}\"},\"query-input\":{\"@type\":\"PropertyValueSpecification\",\"valueRequired\":true,\"valueName\":\"search_term_string\"}}],\"inLanguage\":\"fr-FR\"},{\"@type\":\"Organization\",\"@id\":\"https:\\\/\\\/clartan.com\\\/fr\\\/#organization\",\"name\":\"Clartan Associ\u00e9s\",\"alternateName\":\"Clartan\",\"url\":\"https:\\\/\\\/clartan.com\\\/fr\\\/\",\"logo\":{\"@type\":\"ImageObject\",\"inLanguage\":\"fr-FR\",\"@id\":\"https:\\\/\\\/clartan.com\\\/fr\\\/#\\\/schema\\\/logo\\\/image\\\/\",\"url\":\"https:\\\/\\\/clartan.com\\\/fr\\\/wp-content\\\/uploads\\\/2025\\\/12\\\/Favicon-2.png\",\"contentUrl\":\"https:\\\/\\\/clartan.com\\\/fr\\\/wp-content\\\/uploads\\\/2025\\\/12\\\/Favicon-2.png\",\"width\":1024,\"height\":1024,\"caption\":\"Clartan Associ\u00e9s\"},\"image\":{\"@id\":\"https:\\\/\\\/clartan.com\\\/fr\\\/#\\\/schema\\\/logo\\\/image\\\/\"},\"sameAs\":[\"https:\\\/\\\/www.linkedin.com\\\/company\\\/clartan-associes\\\/\",\"https:\\\/\\\/www.youtube.com\\\/@clartanassocies3040\"],\"description\":\"Maison de gestion ind\u00e9pendante depuis 1986,\\u2028Clartan Associ\u00e9s met en \u0153uvre une gestion solide et \u00e9prouv\u00e9e, fond\u00e9e sur la coll\u00e9gialit\u00e9.\",\"email\":\"contact@clartan.com\",\"telephone\":\"+33 1 53 77 60 80\",\"legalName\":\"Clartan Associ\u00e9s\",\"foundingDate\":\"1986-12-01\",\"vatID\":\"FR18339485161\",\"taxID\":\"33948516100097\",\"leiCode\":\"969500AFMNSMC5R97K50\"},{\"@type\":\"Person\",\"@id\":\"https:\\\/\\\/clartan.com\\\/fr\\\/#\\\/schema\\\/person\\\/8d49045b130d9fb92b24f5d3796a9fd0\",\"name\":\"Ang\u00e9lique-Kristel Leblois\",\"image\":{\"@type\":\"ImageObject\",\"inLanguage\":\"fr-FR\",\"@id\":\"https:\\\/\\\/secure.gravatar.com\\\/avatar\\\/ea326e5a9db94848400c4983ca2b12ec75a4c02114a3de4b2e0de94f8d74ad76?s=96&d=mm&r=g\",\"url\":\"https:\\\/\\\/secure.gravatar.com\\\/avatar\\\/ea326e5a9db94848400c4983ca2b12ec75a4c02114a3de4b2e0de94f8d74ad76?s=96&d=mm&r=g\",\"contentUrl\":\"https:\\\/\\\/secure.gravatar.com\\\/avatar\\\/ea326e5a9db94848400c4983ca2b12ec75a4c02114a3de4b2e0de94f8d74ad76?s=96&d=mm&r=g\",\"caption\":\"Ang\u00e9lique-Kristel Leblois\"}}]}<\/script>\n<!-- \/ Yoast SEO Premium plugin. -->","yoast_head_json":{"title":"Clartan Associ\u00e9s \u00e9tait pr\u00e9sent au Colloque Harvest Fidroit Quantalys - Clartan Associ\u00e9s","robots":{"index":"index","follow":"follow","max-snippet":"max-snippet:-1","max-image-preview":"max-image-preview:large","max-video-preview":"max-video-preview:-1"},"canonical":"https:\/\/clartan.com\/fr\/actualites\/clartan-associes-etait-present-au-colloque-harvest-fidroit-quantalys\/","og_locale":"fr_FR","og_type":"article","og_title":"Clartan Associ\u00e9s \u00e9tait pr\u00e9sent au Colloque Harvest Fidroit Quantalys","og_url":"https:\/\/clartan.com\/fr\/actualites\/clartan-associes-etait-present-au-colloque-harvest-fidroit-quantalys\/","og_site_name":"Clartan Associ\u00e9s FR","article_published_time":"2022-12-06T14:44:05+00:00","article_modified_time":"2022-12-08T15:27:20+00:00","og_image":[{"width":1280,"height":720,"url":"https:\/\/clartan.com\/fr\/wp-content\/uploads\/2022\/12\/2022-12-01-HS-ML_Harvest-Fidroit-Quantalys.png","type":"image\/png"}],"author":"Ang\u00e9lique-Kristel Leblois","twitter_card":"summary_large_image","schema":{"@context":"https:\/\/schema.org","@graph":[{"@type":"Article","@id":"https:\/\/clartan.com\/fr\/actualites\/clartan-associes-etait-present-au-colloque-harvest-fidroit-quantalys\/#article","isPartOf":{"@id":"https:\/\/clartan.com\/fr\/actualites\/clartan-associes-etait-present-au-colloque-harvest-fidroit-quantalys\/"},"author":{"name":"Ang\u00e9lique-Kristel Leblois","@id":"https:\/\/clartan.com\/fr\/#\/schema\/person\/8d49045b130d9fb92b24f5d3796a9fd0"},"headline":"Clartan Associ\u00e9s \u00e9tait pr\u00e9sent au Colloque Harvest Fidroit Quantalys","datePublished":"2022-12-06T14:44:05+00:00","dateModified":"2022-12-08T15:27:20+00:00","mainEntityOfPage":{"@id":"https:\/\/clartan.com\/fr\/actualites\/clartan-associes-etait-present-au-colloque-harvest-fidroit-quantalys\/"},"wordCount":78,"publisher":{"@id":"https:\/\/clartan.com\/fr\/#organization"},"image":{"@id":"https:\/\/clartan.com\/fr\/actualites\/clartan-associes-etait-present-au-colloque-harvest-fidroit-quantalys\/#primaryimage"},"thumbnailUrl":"https:\/\/clartan.com\/fr\/wp-content\/uploads\/2022\/12\/2022-12-01-HS-ML_Harvest-Fidroit-Quantalys.png","articleSection":["Actualit\u00e9s"],"inLanguage":"fr-FR"},{"@type":"WebPage","@id":"https:\/\/clartan.com\/fr\/actualites\/clartan-associes-etait-present-au-colloque-harvest-fidroit-quantalys\/","url":"https:\/\/clartan.com\/fr\/actualites\/clartan-associes-etait-present-au-colloque-harvest-fidroit-quantalys\/","name":"Clartan Associ\u00e9s \u00e9tait pr\u00e9sent au Colloque Harvest Fidroit Quantalys - Clartan Associ\u00e9s","isPartOf":{"@id":"https:\/\/clartan.com\/fr\/#website"},"primaryImageOfPage":{"@id":"https:\/\/clartan.com\/fr\/actualites\/clartan-associes-etait-present-au-colloque-harvest-fidroit-quantalys\/#primaryimage"},"image":{"@id":"https:\/\/clartan.com\/fr\/actualites\/clartan-associes-etait-present-au-colloque-harvest-fidroit-quantalys\/#primaryimage"},"thumbnailUrl":"https:\/\/clartan.com\/fr\/wp-content\/uploads\/2022\/12\/2022-12-01-HS-ML_Harvest-Fidroit-Quantalys.png","datePublished":"2022-12-06T14:44:05+00:00","dateModified":"2022-12-08T15:27:20+00:00","breadcrumb":{"@id":"https:\/\/clartan.com\/fr\/actualites\/clartan-associes-etait-present-au-colloque-harvest-fidroit-quantalys\/#breadcrumb"},"inLanguage":"fr-FR","potentialAction":[{"@type":"ReadAction","target":["https:\/\/clartan.com\/fr\/actualites\/clartan-associes-etait-present-au-colloque-harvest-fidroit-quantalys\/"]}]},{"@type":"ImageObject","inLanguage":"fr-FR","@id":"https:\/\/clartan.com\/fr\/actualites\/clartan-associes-etait-present-au-colloque-harvest-fidroit-quantalys\/#primaryimage","url":"https:\/\/clartan.com\/fr\/wp-content\/uploads\/2022\/12\/2022-12-01-HS-ML_Harvest-Fidroit-Quantalys.png","contentUrl":"https:\/\/clartan.com\/fr\/wp-content\/uploads\/2022\/12\/2022-12-01-HS-ML_Harvest-Fidroit-Quantalys.png","width":1280,"height":720},{"@type":"BreadcrumbList","@id":"https:\/\/clartan.com\/fr\/actualites\/clartan-associes-etait-present-au-colloque-harvest-fidroit-quantalys\/#breadcrumb","itemListElement":[{"@type":"ListItem","position":1,"name":"Accueil","item":"https:\/\/clartan.com\/fr\/"},{"@type":"ListItem","position":2,"name":"Clartan Associ\u00e9s \u00e9tait pr\u00e9sent au Colloque Harvest Fidroit Quantalys"}]},{"@type":"WebSite","@id":"https:\/\/clartan.com\/fr\/#website","url":"https:\/\/clartan.com\/fr\/","name":"Clartan Associ\u00e9s FR","description":"Maison de Gestion ind\u00e9pendante","publisher":{"@id":"https:\/\/clartan.com\/fr\/#organization"},"alternateName":"Clartan","potentialAction":[{"@type":"SearchAction","target":{"@type":"EntryPoint","urlTemplate":"https:\/\/clartan.com\/fr\/?s={search_term_string}"},"query-input":{"@type":"PropertyValueSpecification","valueRequired":true,"valueName":"search_term_string"}}],"inLanguage":"fr-FR"},{"@type":"Organization","@id":"https:\/\/clartan.com\/fr\/#organization","name":"Clartan Associ\u00e9s","alternateName":"Clartan","url":"https:\/\/clartan.com\/fr\/","logo":{"@type":"ImageObject","inLanguage":"fr-FR","@id":"https:\/\/clartan.com\/fr\/#\/schema\/logo\/image\/","url":"https:\/\/clartan.com\/fr\/wp-content\/uploads\/2025\/12\/Favicon-2.png","contentUrl":"https:\/\/clartan.com\/fr\/wp-content\/uploads\/2025\/12\/Favicon-2.png","width":1024,"height":1024,"caption":"Clartan Associ\u00e9s"},"image":{"@id":"https:\/\/clartan.com\/fr\/#\/schema\/logo\/image\/"},"sameAs":["https:\/\/www.linkedin.com\/company\/clartan-associes\/","https:\/\/www.youtube.com\/@clartanassocies3040"],"description":"Maison de gestion ind\u00e9pendante depuis 1986,\u2028Clartan Associ\u00e9s met en \u0153uvre une gestion solide et \u00e9prouv\u00e9e, fond\u00e9e sur la coll\u00e9gialit\u00e9.","email":"contact@clartan.com","telephone":"+33 1 53 77 60 80","legalName":"Clartan Associ\u00e9s","foundingDate":"1986-12-01","vatID":"FR18339485161","taxID":"33948516100097","leiCode":"969500AFMNSMC5R97K50"},{"@type":"Person","@id":"https:\/\/clartan.com\/fr\/#\/schema\/person\/8d49045b130d9fb92b24f5d3796a9fd0","name":"Ang\u00e9lique-Kristel Leblois","image":{"@type":"ImageObject","inLanguage":"fr-FR","@id":"https:\/\/secure.gravatar.com\/avatar\/ea326e5a9db94848400c4983ca2b12ec75a4c02114a3de4b2e0de94f8d74ad76?s=96&d=mm&r=g","url":"https:\/\/secure.gravatar.com\/avatar\/ea326e5a9db94848400c4983ca2b12ec75a4c02114a3de4b2e0de94f8d74ad76?s=96&d=mm&r=g","contentUrl":"https:\/\/secure.gravatar.com\/avatar\/ea326e5a9db94848400c4983ca2b12ec75a4c02114a3de4b2e0de94f8d74ad76?s=96&d=mm&r=g","caption":"Ang\u00e9lique-Kristel Leblois"}}]}},"_links":{"self":[{"href":"https:\/\/clartan.com\/fr\/wp-json\/wp\/v2\/posts\/4021","targetHints":{"allow":["GET"]}}],"collection":[{"href":"https:\/\/clartan.com\/fr\/wp-json\/wp\/v2\/posts"}],"about":[{"href":"https:\/\/clartan.com\/fr\/wp-json\/wp\/v2\/types\/post"}],"author":[{"embeddable":true,"href":"https:\/\/clartan.com\/fr\/wp-json\/wp\/v2\/users\/6"}],"replies":[{"embeddable":true,"href":"https:\/\/clartan.com\/fr\/wp-json\/wp\/v2\/comments?post=4021"}],"version-history":[{"count":0,"href":"https:\/\/clartan.com\/fr\/wp-json\/wp\/v2\/posts\/4021\/revisions"}],"wp:featuredmedia":[{"embeddable":true,"href":"https:\/\/clartan.com\/fr\/wp-json\/wp\/v2\/media\/4045"}],"wp:attachment":[{"href":"https:\/\/clartan.com\/fr\/wp-json\/wp\/v2\/media?parent=4021"}],"wp:term":[{"taxonomy":"category","embeddable":true,"href":"https:\/\/clartan.com\/fr\/wp-json\/wp\/v2\/categories?post=4021"},{"taxonomy":"post_tag","embeddable":true,"href":"https:\/\/clartan.com\/fr\/wp-json\/wp\/v2\/tags?post=4021"}],"curies":[{"name":"wp","href":"https:\/\/api.w.org\/{rel}","templated":true}]}}