{"id":4036,"date":"2022-12-07T11:03:00","date_gmt":"2022-12-07T10:03:00","guid":{"rendered":"https:\/\/www.clartan.com\/fr\/?p=4036"},"modified":"2023-02-01T15:11:36","modified_gmt":"2023-02-01T14:11:36","slug":"le-grand-retour-a-la-normale","status":"publish","type":"post","link":"https:\/\/clartan.com\/fr\/actualites\/le-grand-retour-a-la-normale\/","title":{"rendered":"\u00ab\u00a0Le grand retour \u00e0 la normale\u00a0\u00bb"},"content":{"rendered":"\n<p class=\"has-large-font-size\">par Nicolas Descoqs sur allnews.ch<\/p>\n\n\n\n<p>Apr\u00e8s trois ann\u00e9es marqu\u00e9es par une pand\u00e9mie mondiale et l\u2019irruption de la guerre en Europe, 2023 pourrait \u00eatre, contre tout pronostic, l\u2019ann\u00e9e du r\u00e9tablissement.<\/p>\n\n\n\n<figure class=\"wp-block-image size-large\"><img loading=\"lazy\" decoding=\"async\" width=\"1036\" height=\"583\" src=\"https:\/\/clartan.com\/fr\/wp-content\/uploads\/2022\/12\/Nicolas-Descoqs-1036x583.png\" alt=\"\" class=\"wp-image-4037\" srcset=\"https:\/\/clartan.com\/fr\/wp-content\/uploads\/2022\/12\/Nicolas-Descoqs-1036x583.png 1036w, https:\/\/clartan.com\/fr\/wp-content\/uploads\/2022\/12\/Nicolas-Descoqs-300x169.png 300w, https:\/\/clartan.com\/fr\/wp-content\/uploads\/2022\/12\/Nicolas-Descoqs-768x432.png 768w, https:\/\/clartan.com\/fr\/wp-content\/uploads\/2022\/12\/Nicolas-Descoqs.png 1280w\" sizes=\"(max-width: 1036px) 100vw, 1036px\" \/><\/figure>\n\n\n\n<p>La grande crise financi\u00e8re de 2008 et la crise des dettes souveraines europ\u00e9ennes de 2011 avaient \u00e9t\u00e9 suivies d\u2019une longue p\u00e9riode de croissance et d\u2019inflation r\u00e9guli\u00e8res et mod\u00e9r\u00e9es. La grande peur des gouvernements et des banquiers centraux \u00e9tait alors de voir nos \u00e9conomies trop lestes replonger irr\u00e9m\u00e9diablement dans une spirale d\u00e9flationniste. Peu entrevoyaient la possibilit\u00e9 m\u00eame d\u2019un retour possible de l\u2019inflation. Et peu \u00e0 peu, nous nous sommes tous habitu\u00e9s \u00e0 ces anomalies financi\u00e8res que sont les taux n\u00e9gatifs et les rachats de dettes de toute sortes par les banques centrales.<\/p>\n\n\n\n<p>Cette p\u00e9riode trop calme s\u2019est brusquement termin\u00e9e, comme nous le savons tous, il y a bient\u00f4t trois ans avec l\u2019arriv\u00e9e de la pand\u00e9mie de COVID-19 et l\u2019arr\u00eat net, physique, de l\u2019\u00e9conomie pendant plusieurs semaines. La r\u00e9action de la puissance publique paniqu\u00e9e se manifesta dans des plans de soutien fiscaux et mon\u00e9taires d\u2019une ampleur encore in\u00e9gal\u00e9e. Les citoyens am\u00e9ricains n\u2019ont-ils pas re\u00e7u par la poste des ch\u00e8ques sign\u00e9s directement de la main de Donald Trump ?<\/p>\n\n\n\n<p class=\"has-primary-color has-text-color\"><strong><em>M\u00eame la Chine sortira t\u00f4t ou tard de sa politique de confinements \u00e0 tout va.<\/em><\/strong><\/p>\n\n\n\n<p>&#8230;\/&#8230;<\/p>\n\n\n\n<div class=\"wp-block-file is-style-file-theme-style-2\"><a id=\"wp-block-file--media-610017f7-7d1d-48db-ae11-0269a4e2651c\" href=\"https:\/\/clartan.com\/fr\/wp-content\/uploads\/2022\/12\/2022-12-7-V2-Nicolas-Descoqs-Le-grand-retour-a-la-normale-Allnews-.pdf\" target=\"_blank\" rel=\"noreferrer noopener\">2022 12 7 V2 Nicolas Descoqs Le grand retour a\u0300 la normale Allnews<\/a><\/div>\n\n\n\n<div class=\"wp-block-buttons is-layout-flex wp-block-buttons-is-layout-flex\">\n<div class=\"wp-block-button\"><a class=\"wp-block-button__link wp-element-button\" href=\"https:\/\/www.allnews.ch\/content\/points-de-vue\/le-grand-retour-%C3%A0-la-normale\" target=\"_blank\" rel=\"noreferrer noopener\">vOIR L&rsquo;ARTICLE sur allnews.ch<\/a><\/div>\n<\/div>\n","protected":false},"excerpt":{"rendered":"<p>par Nicolas Descoqs sur allnews.ch<\/p>\n","protected":false},"author":6,"featured_media":4037,"comment_status":"closed","ping_status":"closed","sticky":false,"template":"","format":"standard","meta":{"_acf_changed":false,"inline_featured_image":false,"footnotes":""},"categories":[5,25],"tags":[],"class_list":["post-4036","post","type-post","status-publish","format-standard","has-post-thumbnail","hentry","category-actualites","category-presse"],"acf":[],"yoast_head":"<!-- This site is optimized with the Yoast SEO Premium plugin v26.2 (Yoast SEO v27.4) - https:\/\/yoast.com\/product\/yoast-seo-premium-wordpress\/ -->\n<title>\u00ab\u00a0Le grand retour \u00e0 la normale\u00a0\u00bb - Clartan Associ\u00e9s<\/title>\n<meta name=\"robots\" content=\"index, follow, max-snippet:-1, max-image-preview:large, max-video-preview:-1\" \/>\n<link rel=\"canonical\" href=\"https:\/\/clartan.com\/fr\/actualites\/le-grand-retour-a-la-normale\/\" \/>\n<meta property=\"og:locale\" content=\"fr_FR\" \/>\n<meta property=\"og:type\" content=\"article\" \/>\n<meta property=\"og:title\" content=\"\u00ab\u00a0Le grand retour \u00e0 la normale\u00a0\u00bb\" \/>\n<meta property=\"og:url\" content=\"https:\/\/clartan.com\/fr\/actualites\/le-grand-retour-a-la-normale\/\" \/>\n<meta property=\"og:site_name\" content=\"Clartan Associ\u00e9s FR\" \/>\n<meta property=\"article:published_time\" content=\"2022-12-07T10:03:00+00:00\" \/>\n<meta property=\"article:modified_time\" content=\"2023-02-01T14:11:36+00:00\" \/>\n<meta property=\"og:image\" content=\"https:\/\/clartan.com\/fr\/wp-content\/uploads\/2022\/12\/Nicolas-Descoqs.png\" \/>\n\t<meta property=\"og:image:width\" content=\"1280\" \/>\n\t<meta property=\"og:image:height\" content=\"720\" \/>\n\t<meta property=\"og:image:type\" content=\"image\/png\" \/>\n<meta name=\"author\" content=\"Ang\u00e9lique-Kristel Leblois\" \/>\n<meta name=\"twitter:card\" content=\"summary_large_image\" \/>\n<script type=\"application\/ld+json\" class=\"yoast-schema-graph\">{\"@context\":\"https:\\\/\\\/schema.org\",\"@graph\":[{\"@type\":\"Article\",\"@id\":\"https:\\\/\\\/clartan.com\\\/fr\\\/actualites\\\/le-grand-retour-a-la-normale\\\/#article\",\"isPartOf\":{\"@id\":\"https:\\\/\\\/clartan.com\\\/fr\\\/actualites\\\/le-grand-retour-a-la-normale\\\/\"},\"author\":{\"name\":\"Ang\u00e9lique-Kristel Leblois\",\"@id\":\"https:\\\/\\\/clartan.com\\\/fr\\\/#\\\/schema\\\/person\\\/8d49045b130d9fb92b24f5d3796a9fd0\"},\"headline\":\"\u00ab\u00a0Le grand retour \u00e0 la normale\u00a0\u00bb\",\"datePublished\":\"2022-12-07T10:03:00+00:00\",\"dateModified\":\"2023-02-01T14:11:36+00:00\",\"mainEntityOfPage\":{\"@id\":\"https:\\\/\\\/clartan.com\\\/fr\\\/actualites\\\/le-grand-retour-a-la-normale\\\/\"},\"wordCount\":274,\"publisher\":{\"@id\":\"https:\\\/\\\/clartan.com\\\/fr\\\/#organization\"},\"image\":{\"@id\":\"https:\\\/\\\/clartan.com\\\/fr\\\/actualites\\\/le-grand-retour-a-la-normale\\\/#primaryimage\"},\"thumbnailUrl\":\"https:\\\/\\\/clartan.com\\\/fr\\\/wp-content\\\/uploads\\\/2022\\\/12\\\/Nicolas-Descoqs.png\",\"articleSection\":[\"Actualit\u00e9s\",\"Presse\"],\"inLanguage\":\"fr-FR\"},{\"@type\":\"WebPage\",\"@id\":\"https:\\\/\\\/clartan.com\\\/fr\\\/actualites\\\/le-grand-retour-a-la-normale\\\/\",\"url\":\"https:\\\/\\\/clartan.com\\\/fr\\\/actualites\\\/le-grand-retour-a-la-normale\\\/\",\"name\":\"\u00ab\u00a0Le grand retour \u00e0 la normale\u00a0\u00bb - Clartan Associ\u00e9s\",\"isPartOf\":{\"@id\":\"https:\\\/\\\/clartan.com\\\/fr\\\/#website\"},\"primaryImageOfPage\":{\"@id\":\"https:\\\/\\\/clartan.com\\\/fr\\\/actualites\\\/le-grand-retour-a-la-normale\\\/#primaryimage\"},\"image\":{\"@id\":\"https:\\\/\\\/clartan.com\\\/fr\\\/actualites\\\/le-grand-retour-a-la-normale\\\/#primaryimage\"},\"thumbnailUrl\":\"https:\\\/\\\/clartan.com\\\/fr\\\/wp-content\\\/uploads\\\/2022\\\/12\\\/Nicolas-Descoqs.png\",\"datePublished\":\"2022-12-07T10:03:00+00:00\",\"dateModified\":\"2023-02-01T14:11:36+00:00\",\"breadcrumb\":{\"@id\":\"https:\\\/\\\/clartan.com\\\/fr\\\/actualites\\\/le-grand-retour-a-la-normale\\\/#breadcrumb\"},\"inLanguage\":\"fr-FR\",\"potentialAction\":[{\"@type\":\"ReadAction\",\"target\":[\"https:\\\/\\\/clartan.com\\\/fr\\\/actualites\\\/le-grand-retour-a-la-normale\\\/\"]}]},{\"@type\":\"ImageObject\",\"inLanguage\":\"fr-FR\",\"@id\":\"https:\\\/\\\/clartan.com\\\/fr\\\/actualites\\\/le-grand-retour-a-la-normale\\\/#primaryimage\",\"url\":\"https:\\\/\\\/clartan.com\\\/fr\\\/wp-content\\\/uploads\\\/2022\\\/12\\\/Nicolas-Descoqs.png\",\"contentUrl\":\"https:\\\/\\\/clartan.com\\\/fr\\\/wp-content\\\/uploads\\\/2022\\\/12\\\/Nicolas-Descoqs.png\",\"width\":1280,\"height\":720},{\"@type\":\"BreadcrumbList\",\"@id\":\"https:\\\/\\\/clartan.com\\\/fr\\\/actualites\\\/le-grand-retour-a-la-normale\\\/#breadcrumb\",\"itemListElement\":[{\"@type\":\"ListItem\",\"position\":1,\"name\":\"Accueil\",\"item\":\"https:\\\/\\\/clartan.com\\\/fr\\\/\"},{\"@type\":\"ListItem\",\"position\":2,\"name\":\"\u00ab\u00a0Le grand retour \u00e0 la normale\u00a0\u00bb\"}]},{\"@type\":\"WebSite\",\"@id\":\"https:\\\/\\\/clartan.com\\\/fr\\\/#website\",\"url\":\"https:\\\/\\\/clartan.com\\\/fr\\\/\",\"name\":\"Clartan Associ\u00e9s FR\",\"description\":\"Maison de Gestion ind\u00e9pendante\",\"publisher\":{\"@id\":\"https:\\\/\\\/clartan.com\\\/fr\\\/#organization\"},\"alternateName\":\"Clartan\",\"potentialAction\":[{\"@type\":\"SearchAction\",\"target\":{\"@type\":\"EntryPoint\",\"urlTemplate\":\"https:\\\/\\\/clartan.com\\\/fr\\\/?s={search_term_string}\"},\"query-input\":{\"@type\":\"PropertyValueSpecification\",\"valueRequired\":true,\"valueName\":\"search_term_string\"}}],\"inLanguage\":\"fr-FR\"},{\"@type\":\"Organization\",\"@id\":\"https:\\\/\\\/clartan.com\\\/fr\\\/#organization\",\"name\":\"Clartan Associ\u00e9s\",\"alternateName\":\"Clartan\",\"url\":\"https:\\\/\\\/clartan.com\\\/fr\\\/\",\"logo\":{\"@type\":\"ImageObject\",\"inLanguage\":\"fr-FR\",\"@id\":\"https:\\\/\\\/clartan.com\\\/fr\\\/#\\\/schema\\\/logo\\\/image\\\/\",\"url\":\"https:\\\/\\\/clartan.com\\\/fr\\\/wp-content\\\/uploads\\\/2025\\\/12\\\/Favicon-2.png\",\"contentUrl\":\"https:\\\/\\\/clartan.com\\\/fr\\\/wp-content\\\/uploads\\\/2025\\\/12\\\/Favicon-2.png\",\"width\":1024,\"height\":1024,\"caption\":\"Clartan Associ\u00e9s\"},\"image\":{\"@id\":\"https:\\\/\\\/clartan.com\\\/fr\\\/#\\\/schema\\\/logo\\\/image\\\/\"},\"sameAs\":[\"https:\\\/\\\/www.linkedin.com\\\/company\\\/clartan-associes\\\/\",\"https:\\\/\\\/www.youtube.com\\\/@clartanassocies3040\"],\"description\":\"Maison de gestion ind\u00e9pendante depuis 1986,\\u2028Clartan Associ\u00e9s met en \u0153uvre une gestion solide et \u00e9prouv\u00e9e, fond\u00e9e sur la coll\u00e9gialit\u00e9.\",\"email\":\"contact@clartan.com\",\"telephone\":\"+33 1 53 77 60 80\",\"legalName\":\"Clartan Associ\u00e9s\",\"foundingDate\":\"1986-12-01\",\"vatID\":\"FR18339485161\",\"taxID\":\"33948516100097\",\"leiCode\":\"969500AFMNSMC5R97K50\"},{\"@type\":\"Person\",\"@id\":\"https:\\\/\\\/clartan.com\\\/fr\\\/#\\\/schema\\\/person\\\/8d49045b130d9fb92b24f5d3796a9fd0\",\"name\":\"Ang\u00e9lique-Kristel Leblois\",\"image\":{\"@type\":\"ImageObject\",\"inLanguage\":\"fr-FR\",\"@id\":\"https:\\\/\\\/secure.gravatar.com\\\/avatar\\\/ea326e5a9db94848400c4983ca2b12ec75a4c02114a3de4b2e0de94f8d74ad76?s=96&d=mm&r=g\",\"url\":\"https:\\\/\\\/secure.gravatar.com\\\/avatar\\\/ea326e5a9db94848400c4983ca2b12ec75a4c02114a3de4b2e0de94f8d74ad76?s=96&d=mm&r=g\",\"contentUrl\":\"https:\\\/\\\/secure.gravatar.com\\\/avatar\\\/ea326e5a9db94848400c4983ca2b12ec75a4c02114a3de4b2e0de94f8d74ad76?s=96&d=mm&r=g\",\"caption\":\"Ang\u00e9lique-Kristel Leblois\"}}]}<\/script>\n<!-- \/ Yoast SEO Premium plugin. -->","yoast_head_json":{"title":"\u00ab\u00a0Le grand retour \u00e0 la normale\u00a0\u00bb - Clartan Associ\u00e9s","robots":{"index":"index","follow":"follow","max-snippet":"max-snippet:-1","max-image-preview":"max-image-preview:large","max-video-preview":"max-video-preview:-1"},"canonical":"https:\/\/clartan.com\/fr\/actualites\/le-grand-retour-a-la-normale\/","og_locale":"fr_FR","og_type":"article","og_title":"\u00ab\u00a0Le grand retour \u00e0 la normale\u00a0\u00bb","og_url":"https:\/\/clartan.com\/fr\/actualites\/le-grand-retour-a-la-normale\/","og_site_name":"Clartan Associ\u00e9s FR","article_published_time":"2022-12-07T10:03:00+00:00","article_modified_time":"2023-02-01T14:11:36+00:00","og_image":[{"width":1280,"height":720,"url":"https:\/\/clartan.com\/fr\/wp-content\/uploads\/2022\/12\/Nicolas-Descoqs.png","type":"image\/png"}],"author":"Ang\u00e9lique-Kristel Leblois","twitter_card":"summary_large_image","schema":{"@context":"https:\/\/schema.org","@graph":[{"@type":"Article","@id":"https:\/\/clartan.com\/fr\/actualites\/le-grand-retour-a-la-normale\/#article","isPartOf":{"@id":"https:\/\/clartan.com\/fr\/actualites\/le-grand-retour-a-la-normale\/"},"author":{"name":"Ang\u00e9lique-Kristel Leblois","@id":"https:\/\/clartan.com\/fr\/#\/schema\/person\/8d49045b130d9fb92b24f5d3796a9fd0"},"headline":"\u00ab\u00a0Le grand retour \u00e0 la normale\u00a0\u00bb","datePublished":"2022-12-07T10:03:00+00:00","dateModified":"2023-02-01T14:11:36+00:00","mainEntityOfPage":{"@id":"https:\/\/clartan.com\/fr\/actualites\/le-grand-retour-a-la-normale\/"},"wordCount":274,"publisher":{"@id":"https:\/\/clartan.com\/fr\/#organization"},"image":{"@id":"https:\/\/clartan.com\/fr\/actualites\/le-grand-retour-a-la-normale\/#primaryimage"},"thumbnailUrl":"https:\/\/clartan.com\/fr\/wp-content\/uploads\/2022\/12\/Nicolas-Descoqs.png","articleSection":["Actualit\u00e9s","Presse"],"inLanguage":"fr-FR"},{"@type":"WebPage","@id":"https:\/\/clartan.com\/fr\/actualites\/le-grand-retour-a-la-normale\/","url":"https:\/\/clartan.com\/fr\/actualites\/le-grand-retour-a-la-normale\/","name":"\u00ab\u00a0Le grand retour \u00e0 la normale\u00a0\u00bb - Clartan Associ\u00e9s","isPartOf":{"@id":"https:\/\/clartan.com\/fr\/#website"},"primaryImageOfPage":{"@id":"https:\/\/clartan.com\/fr\/actualites\/le-grand-retour-a-la-normale\/#primaryimage"},"image":{"@id":"https:\/\/clartan.com\/fr\/actualites\/le-grand-retour-a-la-normale\/#primaryimage"},"thumbnailUrl":"https:\/\/clartan.com\/fr\/wp-content\/uploads\/2022\/12\/Nicolas-Descoqs.png","datePublished":"2022-12-07T10:03:00+00:00","dateModified":"2023-02-01T14:11:36+00:00","breadcrumb":{"@id":"https:\/\/clartan.com\/fr\/actualites\/le-grand-retour-a-la-normale\/#breadcrumb"},"inLanguage":"fr-FR","potentialAction":[{"@type":"ReadAction","target":["https:\/\/clartan.com\/fr\/actualites\/le-grand-retour-a-la-normale\/"]}]},{"@type":"ImageObject","inLanguage":"fr-FR","@id":"https:\/\/clartan.com\/fr\/actualites\/le-grand-retour-a-la-normale\/#primaryimage","url":"https:\/\/clartan.com\/fr\/wp-content\/uploads\/2022\/12\/Nicolas-Descoqs.png","contentUrl":"https:\/\/clartan.com\/fr\/wp-content\/uploads\/2022\/12\/Nicolas-Descoqs.png","width":1280,"height":720},{"@type":"BreadcrumbList","@id":"https:\/\/clartan.com\/fr\/actualites\/le-grand-retour-a-la-normale\/#breadcrumb","itemListElement":[{"@type":"ListItem","position":1,"name":"Accueil","item":"https:\/\/clartan.com\/fr\/"},{"@type":"ListItem","position":2,"name":"\u00ab\u00a0Le grand retour \u00e0 la normale\u00a0\u00bb"}]},{"@type":"WebSite","@id":"https:\/\/clartan.com\/fr\/#website","url":"https:\/\/clartan.com\/fr\/","name":"Clartan Associ\u00e9s FR","description":"Maison de Gestion ind\u00e9pendante","publisher":{"@id":"https:\/\/clartan.com\/fr\/#organization"},"alternateName":"Clartan","potentialAction":[{"@type":"SearchAction","target":{"@type":"EntryPoint","urlTemplate":"https:\/\/clartan.com\/fr\/?s={search_term_string}"},"query-input":{"@type":"PropertyValueSpecification","valueRequired":true,"valueName":"search_term_string"}}],"inLanguage":"fr-FR"},{"@type":"Organization","@id":"https:\/\/clartan.com\/fr\/#organization","name":"Clartan Associ\u00e9s","alternateName":"Clartan","url":"https:\/\/clartan.com\/fr\/","logo":{"@type":"ImageObject","inLanguage":"fr-FR","@id":"https:\/\/clartan.com\/fr\/#\/schema\/logo\/image\/","url":"https:\/\/clartan.com\/fr\/wp-content\/uploads\/2025\/12\/Favicon-2.png","contentUrl":"https:\/\/clartan.com\/fr\/wp-content\/uploads\/2025\/12\/Favicon-2.png","width":1024,"height":1024,"caption":"Clartan Associ\u00e9s"},"image":{"@id":"https:\/\/clartan.com\/fr\/#\/schema\/logo\/image\/"},"sameAs":["https:\/\/www.linkedin.com\/company\/clartan-associes\/","https:\/\/www.youtube.com\/@clartanassocies3040"],"description":"Maison de gestion ind\u00e9pendante depuis 1986,\u2028Clartan Associ\u00e9s met en \u0153uvre une gestion solide et \u00e9prouv\u00e9e, fond\u00e9e sur la coll\u00e9gialit\u00e9.","email":"contact@clartan.com","telephone":"+33 1 53 77 60 80","legalName":"Clartan Associ\u00e9s","foundingDate":"1986-12-01","vatID":"FR18339485161","taxID":"33948516100097","leiCode":"969500AFMNSMC5R97K50"},{"@type":"Person","@id":"https:\/\/clartan.com\/fr\/#\/schema\/person\/8d49045b130d9fb92b24f5d3796a9fd0","name":"Ang\u00e9lique-Kristel Leblois","image":{"@type":"ImageObject","inLanguage":"fr-FR","@id":"https:\/\/secure.gravatar.com\/avatar\/ea326e5a9db94848400c4983ca2b12ec75a4c02114a3de4b2e0de94f8d74ad76?s=96&d=mm&r=g","url":"https:\/\/secure.gravatar.com\/avatar\/ea326e5a9db94848400c4983ca2b12ec75a4c02114a3de4b2e0de94f8d74ad76?s=96&d=mm&r=g","contentUrl":"https:\/\/secure.gravatar.com\/avatar\/ea326e5a9db94848400c4983ca2b12ec75a4c02114a3de4b2e0de94f8d74ad76?s=96&d=mm&r=g","caption":"Ang\u00e9lique-Kristel Leblois"}}]}},"_links":{"self":[{"href":"https:\/\/clartan.com\/fr\/wp-json\/wp\/v2\/posts\/4036","targetHints":{"allow":["GET"]}}],"collection":[{"href":"https:\/\/clartan.com\/fr\/wp-json\/wp\/v2\/posts"}],"about":[{"href":"https:\/\/clartan.com\/fr\/wp-json\/wp\/v2\/types\/post"}],"author":[{"embeddable":true,"href":"https:\/\/clartan.com\/fr\/wp-json\/wp\/v2\/users\/6"}],"replies":[{"embeddable":true,"href":"https:\/\/clartan.com\/fr\/wp-json\/wp\/v2\/comments?post=4036"}],"version-history":[{"count":0,"href":"https:\/\/clartan.com\/fr\/wp-json\/wp\/v2\/posts\/4036\/revisions"}],"wp:featuredmedia":[{"embeddable":true,"href":"https:\/\/clartan.com\/fr\/wp-json\/wp\/v2\/media\/4037"}],"wp:attachment":[{"href":"https:\/\/clartan.com\/fr\/wp-json\/wp\/v2\/media?parent=4036"}],"wp:term":[{"taxonomy":"category","embeddable":true,"href":"https:\/\/clartan.com\/fr\/wp-json\/wp\/v2\/categories?post=4036"},{"taxonomy":"post_tag","embeddable":true,"href":"https:\/\/clartan.com\/fr\/wp-json\/wp\/v2\/tags?post=4036"}],"curies":[{"name":"wp","href":"https:\/\/api.w.org\/{rel}","templated":true}]}}