{"id":4070,"date":"2022-12-28T15:59:42","date_gmt":"2022-12-28T14:59:42","guid":{"rendered":"https:\/\/www.clartan.com\/fr\/?p=4070"},"modified":"2023-01-30T15:49:27","modified_gmt":"2023-01-30T14:49:27","slug":"strongquelles-societes-cotees-en-bourse-pourraient-tirer-parti-a-court-et-a-moyen-terme-dune-vague-de-froid-strong","status":"publish","type":"post","link":"https:\/\/clartan.com\/fr\/actualites\/strongquelles-societes-cotees-en-bourse-pourraient-tirer-parti-a-court-et-a-moyen-terme-dune-vague-de-froid-strong\/","title":{"rendered":"<strong>Quelles soci\u00e9t\u00e9s cot\u00e9es en Bourse pourraient tirer parti \u00e0 court et \u00e0 moyen terme d\u2019une vague de froid ?\u00a0<\/strong>"},"content":{"rendered":"\n<figure class=\"wp-block-image size-large\"><img loading=\"lazy\" decoding=\"async\" width=\"1036\" height=\"583\" src=\"https:\/\/clartan.com\/fr\/wp-content\/uploads\/2022\/12\/tour-Eiffel-neige-1036x583.png\" alt=\"\" class=\"wp-image-4071\" srcset=\"https:\/\/clartan.com\/fr\/wp-content\/uploads\/2022\/12\/tour-Eiffel-neige-1036x583.png 1036w, https:\/\/clartan.com\/fr\/wp-content\/uploads\/2022\/12\/tour-Eiffel-neige-300x169.png 300w, https:\/\/clartan.com\/fr\/wp-content\/uploads\/2022\/12\/tour-Eiffel-neige-768x432.png 768w, https:\/\/clartan.com\/fr\/wp-content\/uploads\/2022\/12\/tour-Eiffel-neige.png 1280w\" sizes=\"(max-width: 1036px) 100vw, 1036px\" \/><\/figure>\n\n\n\n<p><strong>(BFM Bourse) &#8211; Alors que le mercure se trouve d\u00e9sesp\u00e9r\u00e9ment bas actuellement, BFM Bourse a dress\u00e9 une petite revue des titres qui, \u00e0 plus ou moins long terme, pourraient \u00eatre port\u00e9s par un hiver rigoureux.<\/strong><\/p>\n\n\n\n<p><strong>La France et l\u2019Europe ont red\u00e9couvert le froid en hiver ces derniers jours. Les temp\u00e9ratures \u00e9voluent d\u00e9sormais dans le n\u00e9gatif sur une bonne partie de la France, avec un niveau proche des -10 degr\u00e9s celsius dans le Nord de la France, mardi. L\u2019Europe centrale et de l\u2019Est subissent \u00e9galement un mercure peu cl\u00e9ment avec des temp\u00e9ratures n\u00e9gatives.&nbsp;<\/strong><\/p>\n\n\n\n<p><strong>A supposer que l\u2019Europe connaisse un hiver rude, quelles soci\u00e9t\u00e9s cot\u00e9es en Bourse pourraient tirer parti \u00e0 court et \u00e0 moyen terme d\u2019une vague de froid ?&nbsp;<\/strong><\/p>\n\n\n\n<p>\u00ab\u00a0Le froid induit plus de consommation de gaz et donc des prix du gaz et, par ricochet de l\u2019\u00e9lectricit\u00e9 \u2013 les cours de l\u2019\u00e9lectricit\u00e9 se fixant \u00e0 la marge de ceux du gaz \u2013 plus \u00e9lev\u00e9s. Ce qui peut porter les valeurs du compartiment &lsquo;utilities&rsquo; (de services aux collectivit\u00e9s, NDLR). On peut donc penser qu\u2019une vague de froid b\u00e9n\u00e9ficierait ainsi aux producteurs de gaz comme [le groupe allemand] RWE et dans une moindre mesure Royal Dutch Shell ou TotalEnergies\u00a0\u00bb, explique Nicolas Descoqs, g\u00e9rant financier chez Clartan Associ\u00e9s. \u00ab\u00a0Engie de son c\u00f4t\u00e9 ne produit pas en propre son gaz et ne tirerait pas parti d\u2019un tel mouvement\u00a0\u00bb, ajoute-t-il.\u00a0<\/p>\n\n\n\n<p>\u00ab\u00a0Les producteurs d\u2019\u00e9lectricit\u00e9 comme Iberdrola et Enel pourraient aussi b\u00e9n\u00e9ficier d\u2019une vague de froid mais cela peut \u00eatre \u00e0 double tranchant car l\u2019effet positif d\u00e9pend des contrats de long terme pass\u00e9s avec les clients, qui ont pu s\u2019approvisionner \u00e0 moindre&nbsp;co\u00fbt\u00a0\u00bb, poursuit le g\u00e9rant.&nbsp;<\/p>\n\n\n\n<p>\u00ab\u00a0On peut aussi penser \u00e0 nos champions fran\u00e7ais Rexel et Legrand qui fournissent beaucoup de syst\u00e8mes \u00e9lectriques intelligents pour la maison, qui permettent de chauffer mieux et de consommer moins. Avec des produits comme les senseurs, qui facilitent un meilleur contr\u00f4le du chauffage dans telle ou telle pi\u00e8ce de la maison\u00a0\u00bb, explique \u00e9galement Nicolas Descoqs.<\/p>\n\n\n\n<p>Des acteurs du bois potentiellement gagnants<\/p>\n\n\n\n<p>\u00ab\u00a0Marginalement, cela peut aussi b\u00e9n\u00e9ficier au Finlandais Stora Enso, qui \u2013 bien que cette activit\u00e9 ne soit pas la plus importante \u2013 produit aussi du bois de construction, or le bois est un tr\u00e8s bon isolant thermique\u00a0\u00bb, poursuit le g\u00e9rant. &nbsp;<\/p>\n\n\n\n<p>\u2026\/\u2026<\/p>\n\n\n\n<div class=\"wp-block-file is-style-file-theme-style-2\"><a id=\"wp-block-file--media-a0acbd70-af62-4d7d-b94d-06ef52f32e98\" href=\"https:\/\/clartan.com\/fr\/wp-content\/uploads\/2022\/12\/Tradingsat.com_20221217050300.pdf\" target=\"_blank\" rel=\"noreferrer noopener\">LIRE LE PDF<\/a><\/div>\n\n\n\n<div class=\"wp-block-buttons is-layout-flex wp-block-buttons-is-layout-flex\">\n<div class=\"wp-block-button\"><a class=\"wp-block-button__link wp-element-button\" href=\"https:\/\/www.tradingsat.com\/actualites\/informations-societes\/quelles-entreprises-pourraient-tirer-parti-en-bourse-des-vagues-de-froid-1048575.html\" target=\"_blank\" rel=\"noreferrer noopener\">VOIR L&rsquo;ARTICLE SUR BFM BOURSE<\/a><\/div>\n<\/div>\n","protected":false},"excerpt":{"rendered":"<p>(BFM Bourse) &#8211; Alors que le mercure se trouve d\u00e9sesp\u00e9r\u00e9ment bas actuellement, BFM Bourse a dress\u00e9 une petite revue des titres qui, \u00e0 plus ou moins long terme, pourraient \u00eatre port\u00e9s par un hiver rigoureux.<\/p>\n","protected":false},"author":15,"featured_media":4071,"comment_status":"closed","ping_status":"closed","sticky":false,"template":"","format":"standard","meta":{"_acf_changed":false,"inline_featured_image":false,"footnotes":""},"categories":[5,25],"tags":[],"class_list":["post-4070","post","type-post","status-publish","format-standard","has-post-thumbnail","hentry","category-actualites","category-presse"],"acf":[],"yoast_head":"<!-- This site is optimized with the Yoast SEO Premium plugin v26.2 (Yoast SEO v27.4) - https:\/\/yoast.com\/product\/yoast-seo-premium-wordpress\/ -->\n<title>Quelles soci\u00e9t\u00e9s cot\u00e9es en Bourse pourraient tirer parti \u00e0 court et \u00e0 moyen terme d\u2019une vague de froid ?\u00a0 - Clartan Associ\u00e9s<\/title>\n<meta name=\"robots\" content=\"index, follow, max-snippet:-1, max-image-preview:large, max-video-preview:-1\" \/>\n<link rel=\"canonical\" href=\"https:\/\/clartan.com\/fr\/actualites\/strongquelles-societes-cotees-en-bourse-pourraient-tirer-parti-a-court-et-a-moyen-terme-dune-vague-de-froid-strong\/\" \/>\n<meta property=\"og:locale\" content=\"fr_FR\" \/>\n<meta property=\"og:type\" content=\"article\" \/>\n<meta property=\"og:title\" content=\"Quelles soci\u00e9t\u00e9s cot\u00e9es en Bourse pourraient tirer parti \u00e0 court et \u00e0 moyen terme d\u2019une vague de froid ?\u00a0\" \/>\n<meta property=\"og:url\" content=\"https:\/\/clartan.com\/fr\/actualites\/strongquelles-societes-cotees-en-bourse-pourraient-tirer-parti-a-court-et-a-moyen-terme-dune-vague-de-froid-strong\/\" \/>\n<meta property=\"og:site_name\" content=\"Clartan Associ\u00e9s FR\" \/>\n<meta property=\"article:published_time\" content=\"2022-12-28T14:59:42+00:00\" \/>\n<meta property=\"article:modified_time\" content=\"2023-01-30T14:49:27+00:00\" \/>\n<meta property=\"og:image\" content=\"https:\/\/clartan.com\/fr\/wp-content\/uploads\/2022\/12\/tour-Eiffel-neige.png\" \/>\n\t<meta property=\"og:image:width\" content=\"1280\" \/>\n\t<meta property=\"og:image:height\" content=\"720\" \/>\n\t<meta property=\"og:image:type\" content=\"image\/png\" \/>\n<meta name=\"author\" content=\"Sophie\" \/>\n<meta name=\"twitter:card\" content=\"summary_large_image\" \/>\n<script type=\"application\/ld+json\" class=\"yoast-schema-graph\">{\"@context\":\"https:\\\/\\\/schema.org\",\"@graph\":[{\"@type\":\"Article\",\"@id\":\"https:\\\/\\\/clartan.com\\\/fr\\\/actualites\\\/strongquelles-societes-cotees-en-bourse-pourraient-tirer-parti-a-court-et-a-moyen-terme-dune-vague-de-froid-strong\\\/#article\",\"isPartOf\":{\"@id\":\"https:\\\/\\\/clartan.com\\\/fr\\\/actualites\\\/strongquelles-societes-cotees-en-bourse-pourraient-tirer-parti-a-court-et-a-moyen-terme-dune-vague-de-froid-strong\\\/\"},\"author\":{\"name\":\"Sophie\",\"@id\":\"https:\\\/\\\/clartan.com\\\/fr\\\/#\\\/schema\\\/person\\\/5b0a848be03f8399376e8fbb59bf90cb\"},\"headline\":\"Quelles soci\u00e9t\u00e9s cot\u00e9es en Bourse pourraient tirer parti \u00e0 court et \u00e0 moyen terme d\u2019une vague de froid ?\u00a0\",\"datePublished\":\"2022-12-28T14:59:42+00:00\",\"dateModified\":\"2023-01-30T14:49:27+00:00\",\"mainEntityOfPage\":{\"@id\":\"https:\\\/\\\/clartan.com\\\/fr\\\/actualites\\\/strongquelles-societes-cotees-en-bourse-pourraient-tirer-parti-a-court-et-a-moyen-terme-dune-vague-de-froid-strong\\\/\"},\"wordCount\":442,\"publisher\":{\"@id\":\"https:\\\/\\\/clartan.com\\\/fr\\\/#organization\"},\"image\":{\"@id\":\"https:\\\/\\\/clartan.com\\\/fr\\\/actualites\\\/strongquelles-societes-cotees-en-bourse-pourraient-tirer-parti-a-court-et-a-moyen-terme-dune-vague-de-froid-strong\\\/#primaryimage\"},\"thumbnailUrl\":\"https:\\\/\\\/clartan.com\\\/fr\\\/wp-content\\\/uploads\\\/2022\\\/12\\\/tour-Eiffel-neige.png\",\"articleSection\":[\"Actualit\u00e9s\",\"Presse\"],\"inLanguage\":\"fr-FR\"},{\"@type\":\"WebPage\",\"@id\":\"https:\\\/\\\/clartan.com\\\/fr\\\/actualites\\\/strongquelles-societes-cotees-en-bourse-pourraient-tirer-parti-a-court-et-a-moyen-terme-dune-vague-de-froid-strong\\\/\",\"url\":\"https:\\\/\\\/clartan.com\\\/fr\\\/actualites\\\/strongquelles-societes-cotees-en-bourse-pourraient-tirer-parti-a-court-et-a-moyen-terme-dune-vague-de-froid-strong\\\/\",\"name\":\"Quelles soci\u00e9t\u00e9s cot\u00e9es en Bourse pourraient tirer parti \u00e0 court et \u00e0 moyen terme d\u2019une vague de froid ?\u00a0 - Clartan Associ\u00e9s\",\"isPartOf\":{\"@id\":\"https:\\\/\\\/clartan.com\\\/fr\\\/#website\"},\"primaryImageOfPage\":{\"@id\":\"https:\\\/\\\/clartan.com\\\/fr\\\/actualites\\\/strongquelles-societes-cotees-en-bourse-pourraient-tirer-parti-a-court-et-a-moyen-terme-dune-vague-de-froid-strong\\\/#primaryimage\"},\"image\":{\"@id\":\"https:\\\/\\\/clartan.com\\\/fr\\\/actualites\\\/strongquelles-societes-cotees-en-bourse-pourraient-tirer-parti-a-court-et-a-moyen-terme-dune-vague-de-froid-strong\\\/#primaryimage\"},\"thumbnailUrl\":\"https:\\\/\\\/clartan.com\\\/fr\\\/wp-content\\\/uploads\\\/2022\\\/12\\\/tour-Eiffel-neige.png\",\"datePublished\":\"2022-12-28T14:59:42+00:00\",\"dateModified\":\"2023-01-30T14:49:27+00:00\",\"breadcrumb\":{\"@id\":\"https:\\\/\\\/clartan.com\\\/fr\\\/actualites\\\/strongquelles-societes-cotees-en-bourse-pourraient-tirer-parti-a-court-et-a-moyen-terme-dune-vague-de-froid-strong\\\/#breadcrumb\"},\"inLanguage\":\"fr-FR\",\"potentialAction\":[{\"@type\":\"ReadAction\",\"target\":[\"https:\\\/\\\/clartan.com\\\/fr\\\/actualites\\\/strongquelles-societes-cotees-en-bourse-pourraient-tirer-parti-a-court-et-a-moyen-terme-dune-vague-de-froid-strong\\\/\"]}]},{\"@type\":\"ImageObject\",\"inLanguage\":\"fr-FR\",\"@id\":\"https:\\\/\\\/clartan.com\\\/fr\\\/actualites\\\/strongquelles-societes-cotees-en-bourse-pourraient-tirer-parti-a-court-et-a-moyen-terme-dune-vague-de-froid-strong\\\/#primaryimage\",\"url\":\"https:\\\/\\\/clartan.com\\\/fr\\\/wp-content\\\/uploads\\\/2022\\\/12\\\/tour-Eiffel-neige.png\",\"contentUrl\":\"https:\\\/\\\/clartan.com\\\/fr\\\/wp-content\\\/uploads\\\/2022\\\/12\\\/tour-Eiffel-neige.png\",\"width\":1280,\"height\":720},{\"@type\":\"BreadcrumbList\",\"@id\":\"https:\\\/\\\/clartan.com\\\/fr\\\/actualites\\\/strongquelles-societes-cotees-en-bourse-pourraient-tirer-parti-a-court-et-a-moyen-terme-dune-vague-de-froid-strong\\\/#breadcrumb\",\"itemListElement\":[{\"@type\":\"ListItem\",\"position\":1,\"name\":\"Accueil\",\"item\":\"https:\\\/\\\/clartan.com\\\/fr\\\/\"},{\"@type\":\"ListItem\",\"position\":2,\"name\":\"Quelles soci\u00e9t\u00e9s cot\u00e9es en Bourse pourraient tirer parti \u00e0 court et \u00e0 moyen terme d\u2019une vague de froid ?\u00a0\"}]},{\"@type\":\"WebSite\",\"@id\":\"https:\\\/\\\/clartan.com\\\/fr\\\/#website\",\"url\":\"https:\\\/\\\/clartan.com\\\/fr\\\/\",\"name\":\"Clartan Associ\u00e9s FR\",\"description\":\"Maison de Gestion ind\u00e9pendante\",\"publisher\":{\"@id\":\"https:\\\/\\\/clartan.com\\\/fr\\\/#organization\"},\"alternateName\":\"Clartan\",\"potentialAction\":[{\"@type\":\"SearchAction\",\"target\":{\"@type\":\"EntryPoint\",\"urlTemplate\":\"https:\\\/\\\/clartan.com\\\/fr\\\/?s={search_term_string}\"},\"query-input\":{\"@type\":\"PropertyValueSpecification\",\"valueRequired\":true,\"valueName\":\"search_term_string\"}}],\"inLanguage\":\"fr-FR\"},{\"@type\":\"Organization\",\"@id\":\"https:\\\/\\\/clartan.com\\\/fr\\\/#organization\",\"name\":\"Clartan Associ\u00e9s\",\"alternateName\":\"Clartan\",\"url\":\"https:\\\/\\\/clartan.com\\\/fr\\\/\",\"logo\":{\"@type\":\"ImageObject\",\"inLanguage\":\"fr-FR\",\"@id\":\"https:\\\/\\\/clartan.com\\\/fr\\\/#\\\/schema\\\/logo\\\/image\\\/\",\"url\":\"https:\\\/\\\/clartan.com\\\/fr\\\/wp-content\\\/uploads\\\/2025\\\/12\\\/Favicon-2.png\",\"contentUrl\":\"https:\\\/\\\/clartan.com\\\/fr\\\/wp-content\\\/uploads\\\/2025\\\/12\\\/Favicon-2.png\",\"width\":1024,\"height\":1024,\"caption\":\"Clartan Associ\u00e9s\"},\"image\":{\"@id\":\"https:\\\/\\\/clartan.com\\\/fr\\\/#\\\/schema\\\/logo\\\/image\\\/\"},\"sameAs\":[\"https:\\\/\\\/www.linkedin.com\\\/company\\\/clartan-associes\\\/\",\"https:\\\/\\\/www.youtube.com\\\/@clartanassocies3040\"],\"description\":\"Maison de gestion ind\u00e9pendante depuis 1986,\\u2028Clartan Associ\u00e9s met en \u0153uvre une gestion solide et \u00e9prouv\u00e9e, fond\u00e9e sur la coll\u00e9gialit\u00e9.\",\"email\":\"contact@clartan.com\",\"telephone\":\"+33 1 53 77 60 80\",\"legalName\":\"Clartan Associ\u00e9s\",\"foundingDate\":\"1986-12-01\",\"vatID\":\"FR18339485161\",\"taxID\":\"33948516100097\",\"leiCode\":\"969500AFMNSMC5R97K50\"},{\"@type\":\"Person\",\"@id\":\"https:\\\/\\\/clartan.com\\\/fr\\\/#\\\/schema\\\/person\\\/5b0a848be03f8399376e8fbb59bf90cb\",\"name\":\"Sophie\",\"image\":{\"@type\":\"ImageObject\",\"inLanguage\":\"fr-FR\",\"@id\":\"https:\\\/\\\/secure.gravatar.com\\\/avatar\\\/00f2e5924c86259cdbce9edce46f009708e6e0fa4faa309b09d86782f06f725b?s=96&d=mm&r=g\",\"url\":\"https:\\\/\\\/secure.gravatar.com\\\/avatar\\\/00f2e5924c86259cdbce9edce46f009708e6e0fa4faa309b09d86782f06f725b?s=96&d=mm&r=g\",\"contentUrl\":\"https:\\\/\\\/secure.gravatar.com\\\/avatar\\\/00f2e5924c86259cdbce9edce46f009708e6e0fa4faa309b09d86782f06f725b?s=96&d=mm&r=g\",\"caption\":\"Sophie\"}}]}<\/script>\n<!-- \/ Yoast SEO Premium plugin. -->","yoast_head_json":{"title":"Quelles soci\u00e9t\u00e9s cot\u00e9es en Bourse pourraient tirer parti \u00e0 court et \u00e0 moyen terme d\u2019une vague de froid ?\u00a0 - Clartan Associ\u00e9s","robots":{"index":"index","follow":"follow","max-snippet":"max-snippet:-1","max-image-preview":"max-image-preview:large","max-video-preview":"max-video-preview:-1"},"canonical":"https:\/\/clartan.com\/fr\/actualites\/strongquelles-societes-cotees-en-bourse-pourraient-tirer-parti-a-court-et-a-moyen-terme-dune-vague-de-froid-strong\/","og_locale":"fr_FR","og_type":"article","og_title":"Quelles soci\u00e9t\u00e9s cot\u00e9es en Bourse pourraient tirer parti \u00e0 court et \u00e0 moyen terme d\u2019une vague de froid ?\u00a0","og_url":"https:\/\/clartan.com\/fr\/actualites\/strongquelles-societes-cotees-en-bourse-pourraient-tirer-parti-a-court-et-a-moyen-terme-dune-vague-de-froid-strong\/","og_site_name":"Clartan Associ\u00e9s FR","article_published_time":"2022-12-28T14:59:42+00:00","article_modified_time":"2023-01-30T14:49:27+00:00","og_image":[{"width":1280,"height":720,"url":"https:\/\/clartan.com\/fr\/wp-content\/uploads\/2022\/12\/tour-Eiffel-neige.png","type":"image\/png"}],"author":"Sophie","twitter_card":"summary_large_image","schema":{"@context":"https:\/\/schema.org","@graph":[{"@type":"Article","@id":"https:\/\/clartan.com\/fr\/actualites\/strongquelles-societes-cotees-en-bourse-pourraient-tirer-parti-a-court-et-a-moyen-terme-dune-vague-de-froid-strong\/#article","isPartOf":{"@id":"https:\/\/clartan.com\/fr\/actualites\/strongquelles-societes-cotees-en-bourse-pourraient-tirer-parti-a-court-et-a-moyen-terme-dune-vague-de-froid-strong\/"},"author":{"name":"Sophie","@id":"https:\/\/clartan.com\/fr\/#\/schema\/person\/5b0a848be03f8399376e8fbb59bf90cb"},"headline":"Quelles soci\u00e9t\u00e9s cot\u00e9es en Bourse pourraient tirer parti \u00e0 court et \u00e0 moyen terme d\u2019une vague de froid ?\u00a0","datePublished":"2022-12-28T14:59:42+00:00","dateModified":"2023-01-30T14:49:27+00:00","mainEntityOfPage":{"@id":"https:\/\/clartan.com\/fr\/actualites\/strongquelles-societes-cotees-en-bourse-pourraient-tirer-parti-a-court-et-a-moyen-terme-dune-vague-de-froid-strong\/"},"wordCount":442,"publisher":{"@id":"https:\/\/clartan.com\/fr\/#organization"},"image":{"@id":"https:\/\/clartan.com\/fr\/actualites\/strongquelles-societes-cotees-en-bourse-pourraient-tirer-parti-a-court-et-a-moyen-terme-dune-vague-de-froid-strong\/#primaryimage"},"thumbnailUrl":"https:\/\/clartan.com\/fr\/wp-content\/uploads\/2022\/12\/tour-Eiffel-neige.png","articleSection":["Actualit\u00e9s","Presse"],"inLanguage":"fr-FR"},{"@type":"WebPage","@id":"https:\/\/clartan.com\/fr\/actualites\/strongquelles-societes-cotees-en-bourse-pourraient-tirer-parti-a-court-et-a-moyen-terme-dune-vague-de-froid-strong\/","url":"https:\/\/clartan.com\/fr\/actualites\/strongquelles-societes-cotees-en-bourse-pourraient-tirer-parti-a-court-et-a-moyen-terme-dune-vague-de-froid-strong\/","name":"Quelles soci\u00e9t\u00e9s cot\u00e9es en Bourse pourraient tirer parti \u00e0 court et \u00e0 moyen terme d\u2019une vague de froid ?\u00a0 - Clartan Associ\u00e9s","isPartOf":{"@id":"https:\/\/clartan.com\/fr\/#website"},"primaryImageOfPage":{"@id":"https:\/\/clartan.com\/fr\/actualites\/strongquelles-societes-cotees-en-bourse-pourraient-tirer-parti-a-court-et-a-moyen-terme-dune-vague-de-froid-strong\/#primaryimage"},"image":{"@id":"https:\/\/clartan.com\/fr\/actualites\/strongquelles-societes-cotees-en-bourse-pourraient-tirer-parti-a-court-et-a-moyen-terme-dune-vague-de-froid-strong\/#primaryimage"},"thumbnailUrl":"https:\/\/clartan.com\/fr\/wp-content\/uploads\/2022\/12\/tour-Eiffel-neige.png","datePublished":"2022-12-28T14:59:42+00:00","dateModified":"2023-01-30T14:49:27+00:00","breadcrumb":{"@id":"https:\/\/clartan.com\/fr\/actualites\/strongquelles-societes-cotees-en-bourse-pourraient-tirer-parti-a-court-et-a-moyen-terme-dune-vague-de-froid-strong\/#breadcrumb"},"inLanguage":"fr-FR","potentialAction":[{"@type":"ReadAction","target":["https:\/\/clartan.com\/fr\/actualites\/strongquelles-societes-cotees-en-bourse-pourraient-tirer-parti-a-court-et-a-moyen-terme-dune-vague-de-froid-strong\/"]}]},{"@type":"ImageObject","inLanguage":"fr-FR","@id":"https:\/\/clartan.com\/fr\/actualites\/strongquelles-societes-cotees-en-bourse-pourraient-tirer-parti-a-court-et-a-moyen-terme-dune-vague-de-froid-strong\/#primaryimage","url":"https:\/\/clartan.com\/fr\/wp-content\/uploads\/2022\/12\/tour-Eiffel-neige.png","contentUrl":"https:\/\/clartan.com\/fr\/wp-content\/uploads\/2022\/12\/tour-Eiffel-neige.png","width":1280,"height":720},{"@type":"BreadcrumbList","@id":"https:\/\/clartan.com\/fr\/actualites\/strongquelles-societes-cotees-en-bourse-pourraient-tirer-parti-a-court-et-a-moyen-terme-dune-vague-de-froid-strong\/#breadcrumb","itemListElement":[{"@type":"ListItem","position":1,"name":"Accueil","item":"https:\/\/clartan.com\/fr\/"},{"@type":"ListItem","position":2,"name":"Quelles soci\u00e9t\u00e9s cot\u00e9es en Bourse pourraient tirer parti \u00e0 court et \u00e0 moyen terme d\u2019une vague de froid ?\u00a0"}]},{"@type":"WebSite","@id":"https:\/\/clartan.com\/fr\/#website","url":"https:\/\/clartan.com\/fr\/","name":"Clartan Associ\u00e9s FR","description":"Maison de Gestion ind\u00e9pendante","publisher":{"@id":"https:\/\/clartan.com\/fr\/#organization"},"alternateName":"Clartan","potentialAction":[{"@type":"SearchAction","target":{"@type":"EntryPoint","urlTemplate":"https:\/\/clartan.com\/fr\/?s={search_term_string}"},"query-input":{"@type":"PropertyValueSpecification","valueRequired":true,"valueName":"search_term_string"}}],"inLanguage":"fr-FR"},{"@type":"Organization","@id":"https:\/\/clartan.com\/fr\/#organization","name":"Clartan Associ\u00e9s","alternateName":"Clartan","url":"https:\/\/clartan.com\/fr\/","logo":{"@type":"ImageObject","inLanguage":"fr-FR","@id":"https:\/\/clartan.com\/fr\/#\/schema\/logo\/image\/","url":"https:\/\/clartan.com\/fr\/wp-content\/uploads\/2025\/12\/Favicon-2.png","contentUrl":"https:\/\/clartan.com\/fr\/wp-content\/uploads\/2025\/12\/Favicon-2.png","width":1024,"height":1024,"caption":"Clartan Associ\u00e9s"},"image":{"@id":"https:\/\/clartan.com\/fr\/#\/schema\/logo\/image\/"},"sameAs":["https:\/\/www.linkedin.com\/company\/clartan-associes\/","https:\/\/www.youtube.com\/@clartanassocies3040"],"description":"Maison de gestion ind\u00e9pendante depuis 1986,\u2028Clartan Associ\u00e9s met en \u0153uvre une gestion solide et \u00e9prouv\u00e9e, fond\u00e9e sur la coll\u00e9gialit\u00e9.","email":"contact@clartan.com","telephone":"+33 1 53 77 60 80","legalName":"Clartan Associ\u00e9s","foundingDate":"1986-12-01","vatID":"FR18339485161","taxID":"33948516100097","leiCode":"969500AFMNSMC5R97K50"},{"@type":"Person","@id":"https:\/\/clartan.com\/fr\/#\/schema\/person\/5b0a848be03f8399376e8fbb59bf90cb","name":"Sophie","image":{"@type":"ImageObject","inLanguage":"fr-FR","@id":"https:\/\/secure.gravatar.com\/avatar\/00f2e5924c86259cdbce9edce46f009708e6e0fa4faa309b09d86782f06f725b?s=96&d=mm&r=g","url":"https:\/\/secure.gravatar.com\/avatar\/00f2e5924c86259cdbce9edce46f009708e6e0fa4faa309b09d86782f06f725b?s=96&d=mm&r=g","contentUrl":"https:\/\/secure.gravatar.com\/avatar\/00f2e5924c86259cdbce9edce46f009708e6e0fa4faa309b09d86782f06f725b?s=96&d=mm&r=g","caption":"Sophie"}}]}},"_links":{"self":[{"href":"https:\/\/clartan.com\/fr\/wp-json\/wp\/v2\/posts\/4070","targetHints":{"allow":["GET"]}}],"collection":[{"href":"https:\/\/clartan.com\/fr\/wp-json\/wp\/v2\/posts"}],"about":[{"href":"https:\/\/clartan.com\/fr\/wp-json\/wp\/v2\/types\/post"}],"author":[{"embeddable":true,"href":"https:\/\/clartan.com\/fr\/wp-json\/wp\/v2\/users\/15"}],"replies":[{"embeddable":true,"href":"https:\/\/clartan.com\/fr\/wp-json\/wp\/v2\/comments?post=4070"}],"version-history":[{"count":0,"href":"https:\/\/clartan.com\/fr\/wp-json\/wp\/v2\/posts\/4070\/revisions"}],"wp:featuredmedia":[{"embeddable":true,"href":"https:\/\/clartan.com\/fr\/wp-json\/wp\/v2\/media\/4071"}],"wp:attachment":[{"href":"https:\/\/clartan.com\/fr\/wp-json\/wp\/v2\/media?parent=4070"}],"wp:term":[{"taxonomy":"category","embeddable":true,"href":"https:\/\/clartan.com\/fr\/wp-json\/wp\/v2\/categories?post=4070"},{"taxonomy":"post_tag","embeddable":true,"href":"https:\/\/clartan.com\/fr\/wp-json\/wp\/v2\/tags?post=4070"}],"curies":[{"name":"wp","href":"https:\/\/api.w.org\/{rel}","templated":true}]}}