{"id":4735,"date":"2023-09-23T20:58:28","date_gmt":"2023-09-23T18:58:28","guid":{"rendered":"https:\/\/www.clartan.com\/fr\/?p=4735"},"modified":"2024-09-13T18:59:32","modified_gmt":"2024-09-13T16:59:32","slug":"patrimonia-2023-nous-y-serons","status":"publish","type":"post","link":"https:\/\/clartan.com\/fr\/actualites\/patrimonia-2023-nous-y-serons\/","title":{"rendered":"Patrimonia 2023 : Nous y serons !"},"content":{"rendered":"\n<p class=\"has-large-font-size\">Retrouvez-nous et venez rencontrer nos g\u00e9rants financiers.<\/p>\n\n\n\n<p class=\"has-large-font-size\">Rendez-vous <strong>Hall 2 &#8211; STAND H55<\/strong>, les 26 &amp; 27 septembre 2023 au Centre de Congr\u00e8s de Lyon.<\/p>\n\n\n\n<p><br>?\ufe0f Pour l&rsquo;occasion, <a href=\"https:\/\/www.linkedin.com\/in\/ACoAAABmYXUBHjnjemNGNog93nt0lu3qwJ1VVgM\">Nicolas Descoqs<\/a>, g\u00e9rant financier chez <a href=\"https:\/\/www.linkedin.com\/company\/clartan-associes\/\">Clartan Associ\u00e9s<\/a>, interviendra lors d&rsquo;un \u00ab\u00a0D\u00e9bat d&rsquo;experts\u00a0\u00bb aux c\u00f4t\u00e9s de Mandarine Gestion et Sienna Gestion sur le th\u00e8me :<br><br>\u00ab\u00a0Remont\u00e9e des taux et march\u00e9s actions : sur quelles valeurs se positionner ?<\/p>\n\n\n\n<p><br>\u27a1\ufe0f Mercredi 27 septembre 2023, salle Saint-Clair 3 \u00e0 12h15<br><br>?Notre \u00e9quipe sur place \u00e0 votre \u00e9coute :<br><a href=\"https:\/\/www.linkedin.com\/in\/ACoAAAMka1YBovBEyelI6HG5CfGlYVu3et6p4xo\">Michel Legros<\/a> &#8211; <a href=\"https:\/\/www.linkedin.com\/in\/ACoAABZCWFsBN2X6rZk13A8nrkywv5syNbUImo0\">Marilou Goueffon<\/a> &#8211; <a href=\"https:\/\/www.linkedin.com\/in\/ACoAACFQ4j8Bk_o72QmxLSiTPuhO2Z76tSDdLtQ\">Matthieu Esplacaton<\/a> &#8211; <a href=\"https:\/\/www.linkedin.com\/in\/ACoAAABmYXUBHjnjemNGNog93nt0lu3qwJ1VVgM\">Nicolas Descoqs<\/a> &#8211; Olivier Delooz &#8211; <a href=\"https:\/\/www.linkedin.com\/in\/ACoAACwq8KkB-Pu9qgqsJH8TJnLGrkQHriGlXsc\">Anne-Sophie Meauz\u00e9<\/a> &#8211; <a href=\"https:\/\/www.linkedin.com\/in\/ACoAADNBOHoBaNz6ZPLQiwiBfEIOFgu3hdO2R68\">Pierre Haquin<\/a><\/p>\n\n\n\n<p>Nous vous attendons nombreux pour parler de nos actualit\u00e9s, de nos fonds et de notre strat\u00e9gie de gestion. <\/p>\n\n\n\n<figure class=\"wp-block-image size-full\"><img loading=\"lazy\" decoding=\"async\" width=\"798\" height=\"800\" src=\"https:\/\/clartan.com\/fr\/wp-content\/uploads\/2023\/09\/Gif-Patrimonia-2023.gif\" alt=\"\" class=\"wp-image-4736\" \/><\/figure>\n","protected":false},"excerpt":{"rendered":"<p>Retrouvez-nous et venez rencontrer nos g\u00e9rants financiers &#8211; Hall 2 STAND H55 &#8211; les 26 &amp; 27 septembre 2023 au Centre de Congr\u00e8s de Lyon.<\/p>\n","protected":false},"author":11,"featured_media":4737,"comment_status":"closed","ping_status":"closed","sticky":false,"template":"","format":"standard","meta":{"_acf_changed":false,"inline_featured_image":false,"footnotes":""},"categories":[5,6,11],"tags":[],"class_list":["post-4735","post","type-post","status-publish","format-standard","has-post-thumbnail","hentry","category-actualites","category-evenements","category-salon"],"acf":[],"yoast_head":"<!-- This site is optimized with the Yoast SEO Premium plugin v26.2 (Yoast SEO v27.4) - https:\/\/yoast.com\/product\/yoast-seo-premium-wordpress\/ -->\n<title>Patrimonia 2023 : Nous y serons ! - Clartan Associ\u00e9s<\/title>\n<meta name=\"robots\" content=\"index, follow, max-snippet:-1, max-image-preview:large, max-video-preview:-1\" \/>\n<link rel=\"canonical\" href=\"https:\/\/clartan.com\/fr\/actualites\/patrimonia-2023-nous-y-serons\/\" \/>\n<meta property=\"og:locale\" content=\"fr_FR\" \/>\n<meta property=\"og:type\" content=\"article\" \/>\n<meta property=\"og:title\" content=\"Patrimonia 2023 : Nous y serons !\" \/>\n<meta property=\"og:url\" content=\"https:\/\/clartan.com\/fr\/actualites\/patrimonia-2023-nous-y-serons\/\" \/>\n<meta property=\"og:site_name\" content=\"Clartan Associ\u00e9s FR\" \/>\n<meta property=\"article:published_time\" content=\"2023-09-23T18:58:28+00:00\" \/>\n<meta property=\"article:modified_time\" content=\"2024-09-13T16:59:32+00:00\" \/>\n<meta property=\"og:image\" content=\"https:\/\/clartan.com\/fr\/wp-content\/uploads\/2023\/09\/Capture-decran-2023-09-23-a-20.50.42.png\" \/>\n\t<meta property=\"og:image:width\" content=\"506\" \/>\n\t<meta property=\"og:image:height\" content=\"298\" \/>\n\t<meta property=\"og:image:type\" content=\"image\/png\" \/>\n<meta name=\"author\" content=\"Delphine Sellier\" \/>\n<meta name=\"twitter:card\" content=\"summary_large_image\" \/>\n<script type=\"application\/ld+json\" class=\"yoast-schema-graph\">{\"@context\":\"https:\\\/\\\/schema.org\",\"@graph\":[{\"@type\":\"Article\",\"@id\":\"https:\\\/\\\/clartan.com\\\/fr\\\/actualites\\\/patrimonia-2023-nous-y-serons\\\/#article\",\"isPartOf\":{\"@id\":\"https:\\\/\\\/clartan.com\\\/fr\\\/actualites\\\/patrimonia-2023-nous-y-serons\\\/\"},\"author\":{\"name\":\"Delphine Sellier\",\"@id\":\"https:\\\/\\\/clartan.com\\\/fr\\\/#\\\/schema\\\/person\\\/9a62374662943eff1a12d1e57247ec51\"},\"headline\":\"Patrimonia 2023 : Nous y serons !\",\"datePublished\":\"2023-09-23T18:58:28+00:00\",\"dateModified\":\"2024-09-13T16:59:32+00:00\",\"mainEntityOfPage\":{\"@id\":\"https:\\\/\\\/clartan.com\\\/fr\\\/actualites\\\/patrimonia-2023-nous-y-serons\\\/\"},\"wordCount\":125,\"publisher\":{\"@id\":\"https:\\\/\\\/clartan.com\\\/fr\\\/#organization\"},\"image\":{\"@id\":\"https:\\\/\\\/clartan.com\\\/fr\\\/actualites\\\/patrimonia-2023-nous-y-serons\\\/#primaryimage\"},\"thumbnailUrl\":\"https:\\\/\\\/clartan.com\\\/fr\\\/wp-content\\\/uploads\\\/2023\\\/09\\\/Capture-decran-2023-09-23-a-20.50.42.png\",\"articleSection\":[\"Actualit\u00e9s\",\"\u00c9v\u00e9nements\",\"Salon\"],\"inLanguage\":\"fr-FR\"},{\"@type\":\"WebPage\",\"@id\":\"https:\\\/\\\/clartan.com\\\/fr\\\/actualites\\\/patrimonia-2023-nous-y-serons\\\/\",\"url\":\"https:\\\/\\\/clartan.com\\\/fr\\\/actualites\\\/patrimonia-2023-nous-y-serons\\\/\",\"name\":\"Patrimonia 2023 : Nous y serons ! - Clartan Associ\u00e9s\",\"isPartOf\":{\"@id\":\"https:\\\/\\\/clartan.com\\\/fr\\\/#website\"},\"primaryImageOfPage\":{\"@id\":\"https:\\\/\\\/clartan.com\\\/fr\\\/actualites\\\/patrimonia-2023-nous-y-serons\\\/#primaryimage\"},\"image\":{\"@id\":\"https:\\\/\\\/clartan.com\\\/fr\\\/actualites\\\/patrimonia-2023-nous-y-serons\\\/#primaryimage\"},\"thumbnailUrl\":\"https:\\\/\\\/clartan.com\\\/fr\\\/wp-content\\\/uploads\\\/2023\\\/09\\\/Capture-decran-2023-09-23-a-20.50.42.png\",\"datePublished\":\"2023-09-23T18:58:28+00:00\",\"dateModified\":\"2024-09-13T16:59:32+00:00\",\"breadcrumb\":{\"@id\":\"https:\\\/\\\/clartan.com\\\/fr\\\/actualites\\\/patrimonia-2023-nous-y-serons\\\/#breadcrumb\"},\"inLanguage\":\"fr-FR\",\"potentialAction\":[{\"@type\":\"ReadAction\",\"target\":[\"https:\\\/\\\/clartan.com\\\/fr\\\/actualites\\\/patrimonia-2023-nous-y-serons\\\/\"]}]},{\"@type\":\"ImageObject\",\"inLanguage\":\"fr-FR\",\"@id\":\"https:\\\/\\\/clartan.com\\\/fr\\\/actualites\\\/patrimonia-2023-nous-y-serons\\\/#primaryimage\",\"url\":\"https:\\\/\\\/clartan.com\\\/fr\\\/wp-content\\\/uploads\\\/2023\\\/09\\\/Capture-decran-2023-09-23-a-20.50.42.png\",\"contentUrl\":\"https:\\\/\\\/clartan.com\\\/fr\\\/wp-content\\\/uploads\\\/2023\\\/09\\\/Capture-decran-2023-09-23-a-20.50.42.png\",\"width\":506,\"height\":298},{\"@type\":\"BreadcrumbList\",\"@id\":\"https:\\\/\\\/clartan.com\\\/fr\\\/actualites\\\/patrimonia-2023-nous-y-serons\\\/#breadcrumb\",\"itemListElement\":[{\"@type\":\"ListItem\",\"position\":1,\"name\":\"Accueil\",\"item\":\"https:\\\/\\\/clartan.com\\\/fr\\\/\"},{\"@type\":\"ListItem\",\"position\":2,\"name\":\"Patrimonia 2023 : Nous y serons !\"}]},{\"@type\":\"WebSite\",\"@id\":\"https:\\\/\\\/clartan.com\\\/fr\\\/#website\",\"url\":\"https:\\\/\\\/clartan.com\\\/fr\\\/\",\"name\":\"Clartan Associ\u00e9s FR\",\"description\":\"Maison de Gestion ind\u00e9pendante\",\"publisher\":{\"@id\":\"https:\\\/\\\/clartan.com\\\/fr\\\/#organization\"},\"alternateName\":\"Clartan\",\"potentialAction\":[{\"@type\":\"SearchAction\",\"target\":{\"@type\":\"EntryPoint\",\"urlTemplate\":\"https:\\\/\\\/clartan.com\\\/fr\\\/?s={search_term_string}\"},\"query-input\":{\"@type\":\"PropertyValueSpecification\",\"valueRequired\":true,\"valueName\":\"search_term_string\"}}],\"inLanguage\":\"fr-FR\"},{\"@type\":\"Organization\",\"@id\":\"https:\\\/\\\/clartan.com\\\/fr\\\/#organization\",\"name\":\"Clartan Associ\u00e9s\",\"alternateName\":\"Clartan\",\"url\":\"https:\\\/\\\/clartan.com\\\/fr\\\/\",\"logo\":{\"@type\":\"ImageObject\",\"inLanguage\":\"fr-FR\",\"@id\":\"https:\\\/\\\/clartan.com\\\/fr\\\/#\\\/schema\\\/logo\\\/image\\\/\",\"url\":\"https:\\\/\\\/clartan.com\\\/fr\\\/wp-content\\\/uploads\\\/2025\\\/12\\\/Favicon-2.png\",\"contentUrl\":\"https:\\\/\\\/clartan.com\\\/fr\\\/wp-content\\\/uploads\\\/2025\\\/12\\\/Favicon-2.png\",\"width\":1024,\"height\":1024,\"caption\":\"Clartan Associ\u00e9s\"},\"image\":{\"@id\":\"https:\\\/\\\/clartan.com\\\/fr\\\/#\\\/schema\\\/logo\\\/image\\\/\"},\"sameAs\":[\"https:\\\/\\\/www.linkedin.com\\\/company\\\/clartan-associes\\\/\",\"https:\\\/\\\/www.youtube.com\\\/@clartanassocies3040\"],\"description\":\"Maison de gestion ind\u00e9pendante depuis 1986,\\u2028Clartan Associ\u00e9s met en \u0153uvre une gestion solide et \u00e9prouv\u00e9e, fond\u00e9e sur la coll\u00e9gialit\u00e9.\",\"email\":\"contact@clartan.com\",\"telephone\":\"+33 1 53 77 60 80\",\"legalName\":\"Clartan Associ\u00e9s\",\"foundingDate\":\"1986-12-01\",\"vatID\":\"FR18339485161\",\"taxID\":\"33948516100097\",\"leiCode\":\"969500AFMNSMC5R97K50\"},{\"@type\":\"Person\",\"@id\":\"https:\\\/\\\/clartan.com\\\/fr\\\/#\\\/schema\\\/person\\\/9a62374662943eff1a12d1e57247ec51\",\"name\":\"Delphine Sellier\",\"image\":{\"@type\":\"ImageObject\",\"inLanguage\":\"fr-FR\",\"@id\":\"https:\\\/\\\/secure.gravatar.com\\\/avatar\\\/9a5b91dbfa7cacd3b581d3d0b3136dc5bee58f53349e720bbc58d0a702584b7a?s=96&d=mm&r=g\",\"url\":\"https:\\\/\\\/secure.gravatar.com\\\/avatar\\\/9a5b91dbfa7cacd3b581d3d0b3136dc5bee58f53349e720bbc58d0a702584b7a?s=96&d=mm&r=g\",\"contentUrl\":\"https:\\\/\\\/secure.gravatar.com\\\/avatar\\\/9a5b91dbfa7cacd3b581d3d0b3136dc5bee58f53349e720bbc58d0a702584b7a?s=96&d=mm&r=g\",\"caption\":\"Delphine Sellier\"}}]}<\/script>\n<!-- \/ Yoast SEO Premium plugin. -->","yoast_head_json":{"title":"Patrimonia 2023 : Nous y serons ! - Clartan Associ\u00e9s","robots":{"index":"index","follow":"follow","max-snippet":"max-snippet:-1","max-image-preview":"max-image-preview:large","max-video-preview":"max-video-preview:-1"},"canonical":"https:\/\/clartan.com\/fr\/actualites\/patrimonia-2023-nous-y-serons\/","og_locale":"fr_FR","og_type":"article","og_title":"Patrimonia 2023 : Nous y serons !","og_url":"https:\/\/clartan.com\/fr\/actualites\/patrimonia-2023-nous-y-serons\/","og_site_name":"Clartan Associ\u00e9s FR","article_published_time":"2023-09-23T18:58:28+00:00","article_modified_time":"2024-09-13T16:59:32+00:00","og_image":[{"width":506,"height":298,"url":"https:\/\/clartan.com\/fr\/wp-content\/uploads\/2023\/09\/Capture-decran-2023-09-23-a-20.50.42.png","type":"image\/png"}],"author":"Delphine Sellier","twitter_card":"summary_large_image","schema":{"@context":"https:\/\/schema.org","@graph":[{"@type":"Article","@id":"https:\/\/clartan.com\/fr\/actualites\/patrimonia-2023-nous-y-serons\/#article","isPartOf":{"@id":"https:\/\/clartan.com\/fr\/actualites\/patrimonia-2023-nous-y-serons\/"},"author":{"name":"Delphine Sellier","@id":"https:\/\/clartan.com\/fr\/#\/schema\/person\/9a62374662943eff1a12d1e57247ec51"},"headline":"Patrimonia 2023 : Nous y serons !","datePublished":"2023-09-23T18:58:28+00:00","dateModified":"2024-09-13T16:59:32+00:00","mainEntityOfPage":{"@id":"https:\/\/clartan.com\/fr\/actualites\/patrimonia-2023-nous-y-serons\/"},"wordCount":125,"publisher":{"@id":"https:\/\/clartan.com\/fr\/#organization"},"image":{"@id":"https:\/\/clartan.com\/fr\/actualites\/patrimonia-2023-nous-y-serons\/#primaryimage"},"thumbnailUrl":"https:\/\/clartan.com\/fr\/wp-content\/uploads\/2023\/09\/Capture-decran-2023-09-23-a-20.50.42.png","articleSection":["Actualit\u00e9s","\u00c9v\u00e9nements","Salon"],"inLanguage":"fr-FR"},{"@type":"WebPage","@id":"https:\/\/clartan.com\/fr\/actualites\/patrimonia-2023-nous-y-serons\/","url":"https:\/\/clartan.com\/fr\/actualites\/patrimonia-2023-nous-y-serons\/","name":"Patrimonia 2023 : Nous y serons ! - Clartan Associ\u00e9s","isPartOf":{"@id":"https:\/\/clartan.com\/fr\/#website"},"primaryImageOfPage":{"@id":"https:\/\/clartan.com\/fr\/actualites\/patrimonia-2023-nous-y-serons\/#primaryimage"},"image":{"@id":"https:\/\/clartan.com\/fr\/actualites\/patrimonia-2023-nous-y-serons\/#primaryimage"},"thumbnailUrl":"https:\/\/clartan.com\/fr\/wp-content\/uploads\/2023\/09\/Capture-decran-2023-09-23-a-20.50.42.png","datePublished":"2023-09-23T18:58:28+00:00","dateModified":"2024-09-13T16:59:32+00:00","breadcrumb":{"@id":"https:\/\/clartan.com\/fr\/actualites\/patrimonia-2023-nous-y-serons\/#breadcrumb"},"inLanguage":"fr-FR","potentialAction":[{"@type":"ReadAction","target":["https:\/\/clartan.com\/fr\/actualites\/patrimonia-2023-nous-y-serons\/"]}]},{"@type":"ImageObject","inLanguage":"fr-FR","@id":"https:\/\/clartan.com\/fr\/actualites\/patrimonia-2023-nous-y-serons\/#primaryimage","url":"https:\/\/clartan.com\/fr\/wp-content\/uploads\/2023\/09\/Capture-decran-2023-09-23-a-20.50.42.png","contentUrl":"https:\/\/clartan.com\/fr\/wp-content\/uploads\/2023\/09\/Capture-decran-2023-09-23-a-20.50.42.png","width":506,"height":298},{"@type":"BreadcrumbList","@id":"https:\/\/clartan.com\/fr\/actualites\/patrimonia-2023-nous-y-serons\/#breadcrumb","itemListElement":[{"@type":"ListItem","position":1,"name":"Accueil","item":"https:\/\/clartan.com\/fr\/"},{"@type":"ListItem","position":2,"name":"Patrimonia 2023 : Nous y serons !"}]},{"@type":"WebSite","@id":"https:\/\/clartan.com\/fr\/#website","url":"https:\/\/clartan.com\/fr\/","name":"Clartan Associ\u00e9s FR","description":"Maison de Gestion ind\u00e9pendante","publisher":{"@id":"https:\/\/clartan.com\/fr\/#organization"},"alternateName":"Clartan","potentialAction":[{"@type":"SearchAction","target":{"@type":"EntryPoint","urlTemplate":"https:\/\/clartan.com\/fr\/?s={search_term_string}"},"query-input":{"@type":"PropertyValueSpecification","valueRequired":true,"valueName":"search_term_string"}}],"inLanguage":"fr-FR"},{"@type":"Organization","@id":"https:\/\/clartan.com\/fr\/#organization","name":"Clartan Associ\u00e9s","alternateName":"Clartan","url":"https:\/\/clartan.com\/fr\/","logo":{"@type":"ImageObject","inLanguage":"fr-FR","@id":"https:\/\/clartan.com\/fr\/#\/schema\/logo\/image\/","url":"https:\/\/clartan.com\/fr\/wp-content\/uploads\/2025\/12\/Favicon-2.png","contentUrl":"https:\/\/clartan.com\/fr\/wp-content\/uploads\/2025\/12\/Favicon-2.png","width":1024,"height":1024,"caption":"Clartan Associ\u00e9s"},"image":{"@id":"https:\/\/clartan.com\/fr\/#\/schema\/logo\/image\/"},"sameAs":["https:\/\/www.linkedin.com\/company\/clartan-associes\/","https:\/\/www.youtube.com\/@clartanassocies3040"],"description":"Maison de gestion ind\u00e9pendante depuis 1986,\u2028Clartan Associ\u00e9s met en \u0153uvre une gestion solide et \u00e9prouv\u00e9e, fond\u00e9e sur la coll\u00e9gialit\u00e9.","email":"contact@clartan.com","telephone":"+33 1 53 77 60 80","legalName":"Clartan Associ\u00e9s","foundingDate":"1986-12-01","vatID":"FR18339485161","taxID":"33948516100097","leiCode":"969500AFMNSMC5R97K50"},{"@type":"Person","@id":"https:\/\/clartan.com\/fr\/#\/schema\/person\/9a62374662943eff1a12d1e57247ec51","name":"Delphine Sellier","image":{"@type":"ImageObject","inLanguage":"fr-FR","@id":"https:\/\/secure.gravatar.com\/avatar\/9a5b91dbfa7cacd3b581d3d0b3136dc5bee58f53349e720bbc58d0a702584b7a?s=96&d=mm&r=g","url":"https:\/\/secure.gravatar.com\/avatar\/9a5b91dbfa7cacd3b581d3d0b3136dc5bee58f53349e720bbc58d0a702584b7a?s=96&d=mm&r=g","contentUrl":"https:\/\/secure.gravatar.com\/avatar\/9a5b91dbfa7cacd3b581d3d0b3136dc5bee58f53349e720bbc58d0a702584b7a?s=96&d=mm&r=g","caption":"Delphine Sellier"}}]}},"_links":{"self":[{"href":"https:\/\/clartan.com\/fr\/wp-json\/wp\/v2\/posts\/4735","targetHints":{"allow":["GET"]}}],"collection":[{"href":"https:\/\/clartan.com\/fr\/wp-json\/wp\/v2\/posts"}],"about":[{"href":"https:\/\/clartan.com\/fr\/wp-json\/wp\/v2\/types\/post"}],"author":[{"embeddable":true,"href":"https:\/\/clartan.com\/fr\/wp-json\/wp\/v2\/users\/11"}],"replies":[{"embeddable":true,"href":"https:\/\/clartan.com\/fr\/wp-json\/wp\/v2\/comments?post=4735"}],"version-history":[{"count":1,"href":"https:\/\/clartan.com\/fr\/wp-json\/wp\/v2\/posts\/4735\/revisions"}],"predecessor-version":[{"id":8260,"href":"https:\/\/clartan.com\/fr\/wp-json\/wp\/v2\/posts\/4735\/revisions\/8260"}],"wp:featuredmedia":[{"embeddable":true,"href":"https:\/\/clartan.com\/fr\/wp-json\/wp\/v2\/media\/4737"}],"wp:attachment":[{"href":"https:\/\/clartan.com\/fr\/wp-json\/wp\/v2\/media?parent=4735"}],"wp:term":[{"taxonomy":"category","embeddable":true,"href":"https:\/\/clartan.com\/fr\/wp-json\/wp\/v2\/categories?post=4735"},{"taxonomy":"post_tag","embeddable":true,"href":"https:\/\/clartan.com\/fr\/wp-json\/wp\/v2\/tags?post=4735"}],"curies":[{"name":"wp","href":"https:\/\/api.w.org\/{rel}","templated":true}]}}