{"id":6295,"date":"2024-03-28T20:00:00","date_gmt":"2024-03-28T19:00:00","guid":{"rendered":"https:\/\/www.clartan.com\/fr\/?p=6295"},"modified":"2024-04-23T10:41:40","modified_gmt":"2024-04-23T08:41:40","slug":"clartan-associes-etait-present-a-la-convention-annuelle-de-lanacofi","status":"publish","type":"post","link":"https:\/\/clartan.com\/fr\/actualites\/clartan-associes-etait-present-a-la-convention-annuelle-de-lanacofi\/","title":{"rendered":"Clartan Associ\u00e9s \u00e9tait pr\u00e9sent \u00e0 la Convention annuelle de l&rsquo;ANACOFI"},"content":{"rendered":"\n<p class=\"has-large-font-size\"><span class=\"break-words\n      \"><span><span dir=\"ltr\">Nous \u00e9tions ravis d&rsquo;\u00eatre aux c\u00f4t\u00e9s des adh\u00e9rents de l<\/span><\/span><\/span>&lsquo;ANACOFI pour f\u00eater les 20 ans de l&rsquo;association lors de leur convention<span class=\"break-words\n      \"><span><span dir=\"ltr\"> au Carrousel du Louvre \u00e0 Paris<\/span><\/span><\/span>.<\/p>\n\n\n\n<p><span class=\"break-words\n      \"><span><span dir=\"ltr\">De nouveaux contacts et de nombreux \u00e9changes dans une bonne ambiance. Merci \u00e0 nos partenaires pour leur visite, et \u00e0 Carine Lionnet ainsi qu&rsquo;aux \u00e9quipes pour l&rsquo;organisation. Un tr\u00e8s bel anniversaire !<\/span><\/span><\/span><\/p>\n\n\n\n<p>L\u2019\u00e9quipe de Clartan Associ\u00e9s reste \u00e0 votre disposition pour tout compl\u00e9ment d\u2019information.<\/p>\n\n\n\n<p><a href=\"https:\/\/www.linkedin.com\/in\/ACoAAAMka1YBovBEyelI6HG5CfGlYVu3et6p4xo\"><\/a><a href=\"https:\/\/www.linkedin.com\/in\/michel-legros-41a7a415\/\">Michel Legros<\/a> &#8211; <a href=\"https:\/\/www.linkedin.com\/in\/ACoAACFQ4j8Bk_o72QmxLSiTPuhO2Z76tSDdLtQ\"><\/a><a href=\"https:\/\/www.linkedin.com\/in\/matthieu-esplacaton-993235137\/\">Matthieu Esplacaton<\/a> &#8211; <a href=\"https:\/\/www.linkedin.com\/in\/ACoAABZCWFsBN2X6rZk13A8nrkywv5syNbUImo0\"><\/a><a href=\"https:\/\/www.linkedin.com\/in\/marilou-goueffon-023097a5\/\">Marilou Goueffon<\/a> &#8211; <a href=\"https:\/\/www.linkedin.com\/in\/ACoAAB0TkLcBBPe_uckQ9dOf_NHfuxEakoMY42E\"><\/a><a href=\"https:\/\/www.linkedin.com\/in\/delphine-sellier-133454117\/\">Delphine Sellier<\/a> &#8211; <a href=\"https:\/\/www.linkedin.com\/in\/ACoAACwq8KkB-Pu9qgqsJH8TJnLGrkQHriGlXsc\"><\/a><a href=\"https:\/\/www.linkedin.com\/in\/annesophiemeauz%C3%A9\/\">Anne-Sophie Meauz\u00e9<\/a> &#8211; <a href=\"https:\/\/www.linkedin.com\/in\/ACoAACw5ytUBpSmiDZu9pia_BXDzlVWK_GzRfN4\"><\/a><a href=\"https:\/\/www.linkedin.com\/in\/mivan-guncu\/\">Mivan G\u00fcnc\u00fc<\/a><\/p>\n\n\n\n<figure class=\"wp-block-image size-full\"><img loading=\"lazy\" decoding=\"async\" width=\"1216\" height=\"794\" src=\"https:\/\/clartan.com\/fr\/wp-content\/uploads\/2024\/03\/Capture-decran-2024-03-29-a-15.39.18.png\" alt=\"\" class=\"wp-image-6298\" srcset=\"https:\/\/clartan.com\/fr\/wp-content\/uploads\/2024\/03\/Capture-decran-2024-03-29-a-15.39.18.png 1216w, https:\/\/clartan.com\/fr\/wp-content\/uploads\/2024\/03\/Capture-decran-2024-03-29-a-15.39.18-300x196.png 300w, https:\/\/clartan.com\/fr\/wp-content\/uploads\/2024\/03\/Capture-decran-2024-03-29-a-15.39.18-1036x676.png 1036w, https:\/\/clartan.com\/fr\/wp-content\/uploads\/2024\/03\/Capture-decran-2024-03-29-a-15.39.18-768x501.png 768w\" sizes=\"(max-width: 1216px) 100vw, 1216px\" \/><figcaption class=\"wp-element-caption\">De gauche \u00e0 droite : M.Legros, D.Sellier, A-S.Meauz\u00e9, M.Esplacaton, M.Goueffon, M.G\u00fcnc\u00fc<\/figcaption><\/figure>\n","protected":false},"excerpt":{"rendered":"<p>Nous \u00e9tions ravis d&rsquo;\u00eatre aux c\u00f4t\u00e9s des adh\u00e9rents de l&rsquo;ANACOFI pour f\u00eater les 20 ans de l&rsquo;association lors de leur convention au Carrousel du Louvre \u00e0 Paris. <\/p>\n","protected":false},"author":11,"featured_media":6298,"comment_status":"closed","ping_status":"closed","sticky":false,"template":"","format":"standard","meta":{"_acf_changed":false,"inline_featured_image":false,"footnotes":""},"categories":[5,6],"tags":[],"class_list":["post-6295","post","type-post","status-publish","format-standard","has-post-thumbnail","hentry","category-actualites","category-evenements"],"acf":[],"yoast_head":"<!-- This site is optimized with the Yoast SEO Premium plugin v26.2 (Yoast SEO v27.4) - https:\/\/yoast.com\/product\/yoast-seo-premium-wordpress\/ -->\n<title>Clartan Associ\u00e9s \u00e9tait pr\u00e9sent \u00e0 la Convention annuelle de l&#039;ANACOFI - Clartan Associ\u00e9s<\/title>\n<meta name=\"robots\" content=\"index, follow, max-snippet:-1, max-image-preview:large, max-video-preview:-1\" \/>\n<link rel=\"canonical\" href=\"https:\/\/clartan.com\/fr\/actualites\/clartan-associes-etait-present-a-la-convention-annuelle-de-lanacofi\/\" \/>\n<meta property=\"og:locale\" content=\"fr_FR\" \/>\n<meta property=\"og:type\" content=\"article\" \/>\n<meta property=\"og:title\" content=\"Clartan Associ\u00e9s \u00e9tait pr\u00e9sent \u00e0 la Convention annuelle de l&#039;ANACOFI\" \/>\n<meta property=\"og:url\" content=\"https:\/\/clartan.com\/fr\/actualites\/clartan-associes-etait-present-a-la-convention-annuelle-de-lanacofi\/\" \/>\n<meta property=\"og:site_name\" content=\"Clartan Associ\u00e9s FR\" \/>\n<meta property=\"article:published_time\" content=\"2024-03-28T19:00:00+00:00\" \/>\n<meta property=\"article:modified_time\" content=\"2024-04-23T08:41:40+00:00\" \/>\n<meta property=\"og:image\" content=\"https:\/\/clartan.com\/fr\/wp-content\/uploads\/2024\/03\/Capture-decran-2024-03-29-a-15.39.18.png\" \/>\n\t<meta property=\"og:image:width\" content=\"1216\" \/>\n\t<meta property=\"og:image:height\" content=\"794\" \/>\n\t<meta property=\"og:image:type\" content=\"image\/png\" \/>\n<meta name=\"author\" content=\"Delphine Sellier\" \/>\n<meta name=\"twitter:card\" content=\"summary_large_image\" \/>\n<script type=\"application\/ld+json\" class=\"yoast-schema-graph\">{\"@context\":\"https:\\\/\\\/schema.org\",\"@graph\":[{\"@type\":\"Article\",\"@id\":\"https:\\\/\\\/clartan.com\\\/fr\\\/actualites\\\/clartan-associes-etait-present-a-la-convention-annuelle-de-lanacofi\\\/#article\",\"isPartOf\":{\"@id\":\"https:\\\/\\\/clartan.com\\\/fr\\\/actualites\\\/clartan-associes-etait-present-a-la-convention-annuelle-de-lanacofi\\\/\"},\"author\":{\"name\":\"Delphine Sellier\",\"@id\":\"https:\\\/\\\/clartan.com\\\/fr\\\/#\\\/schema\\\/person\\\/9a62374662943eff1a12d1e57247ec51\"},\"headline\":\"Clartan Associ\u00e9s \u00e9tait pr\u00e9sent \u00e0 la Convention annuelle de l&rsquo;ANACOFI\",\"datePublished\":\"2024-03-28T19:00:00+00:00\",\"dateModified\":\"2024-04-23T08:41:40+00:00\",\"mainEntityOfPage\":{\"@id\":\"https:\\\/\\\/clartan.com\\\/fr\\\/actualites\\\/clartan-associes-etait-present-a-la-convention-annuelle-de-lanacofi\\\/\"},\"wordCount\":125,\"publisher\":{\"@id\":\"https:\\\/\\\/clartan.com\\\/fr\\\/#organization\"},\"image\":{\"@id\":\"https:\\\/\\\/clartan.com\\\/fr\\\/actualites\\\/clartan-associes-etait-present-a-la-convention-annuelle-de-lanacofi\\\/#primaryimage\"},\"thumbnailUrl\":\"https:\\\/\\\/clartan.com\\\/fr\\\/wp-content\\\/uploads\\\/2024\\\/03\\\/Capture-decran-2024-03-29-a-15.39.18.png\",\"articleSection\":[\"Actualit\u00e9s\",\"\u00c9v\u00e9nements\"],\"inLanguage\":\"fr-FR\"},{\"@type\":\"WebPage\",\"@id\":\"https:\\\/\\\/clartan.com\\\/fr\\\/actualites\\\/clartan-associes-etait-present-a-la-convention-annuelle-de-lanacofi\\\/\",\"url\":\"https:\\\/\\\/clartan.com\\\/fr\\\/actualites\\\/clartan-associes-etait-present-a-la-convention-annuelle-de-lanacofi\\\/\",\"name\":\"Clartan Associ\u00e9s \u00e9tait pr\u00e9sent \u00e0 la Convention annuelle de l'ANACOFI - Clartan Associ\u00e9s\",\"isPartOf\":{\"@id\":\"https:\\\/\\\/clartan.com\\\/fr\\\/#website\"},\"primaryImageOfPage\":{\"@id\":\"https:\\\/\\\/clartan.com\\\/fr\\\/actualites\\\/clartan-associes-etait-present-a-la-convention-annuelle-de-lanacofi\\\/#primaryimage\"},\"image\":{\"@id\":\"https:\\\/\\\/clartan.com\\\/fr\\\/actualites\\\/clartan-associes-etait-present-a-la-convention-annuelle-de-lanacofi\\\/#primaryimage\"},\"thumbnailUrl\":\"https:\\\/\\\/clartan.com\\\/fr\\\/wp-content\\\/uploads\\\/2024\\\/03\\\/Capture-decran-2024-03-29-a-15.39.18.png\",\"datePublished\":\"2024-03-28T19:00:00+00:00\",\"dateModified\":\"2024-04-23T08:41:40+00:00\",\"breadcrumb\":{\"@id\":\"https:\\\/\\\/clartan.com\\\/fr\\\/actualites\\\/clartan-associes-etait-present-a-la-convention-annuelle-de-lanacofi\\\/#breadcrumb\"},\"inLanguage\":\"fr-FR\",\"potentialAction\":[{\"@type\":\"ReadAction\",\"target\":[\"https:\\\/\\\/clartan.com\\\/fr\\\/actualites\\\/clartan-associes-etait-present-a-la-convention-annuelle-de-lanacofi\\\/\"]}]},{\"@type\":\"ImageObject\",\"inLanguage\":\"fr-FR\",\"@id\":\"https:\\\/\\\/clartan.com\\\/fr\\\/actualites\\\/clartan-associes-etait-present-a-la-convention-annuelle-de-lanacofi\\\/#primaryimage\",\"url\":\"https:\\\/\\\/clartan.com\\\/fr\\\/wp-content\\\/uploads\\\/2024\\\/03\\\/Capture-decran-2024-03-29-a-15.39.18.png\",\"contentUrl\":\"https:\\\/\\\/clartan.com\\\/fr\\\/wp-content\\\/uploads\\\/2024\\\/03\\\/Capture-decran-2024-03-29-a-15.39.18.png\",\"width\":1216,\"height\":794},{\"@type\":\"BreadcrumbList\",\"@id\":\"https:\\\/\\\/clartan.com\\\/fr\\\/actualites\\\/clartan-associes-etait-present-a-la-convention-annuelle-de-lanacofi\\\/#breadcrumb\",\"itemListElement\":[{\"@type\":\"ListItem\",\"position\":1,\"name\":\"Accueil\",\"item\":\"https:\\\/\\\/clartan.com\\\/fr\\\/\"},{\"@type\":\"ListItem\",\"position\":2,\"name\":\"Clartan Associ\u00e9s \u00e9tait pr\u00e9sent \u00e0 la Convention annuelle de l&rsquo;ANACOFI\"}]},{\"@type\":\"WebSite\",\"@id\":\"https:\\\/\\\/clartan.com\\\/fr\\\/#website\",\"url\":\"https:\\\/\\\/clartan.com\\\/fr\\\/\",\"name\":\"Clartan Associ\u00e9s FR\",\"description\":\"Maison de Gestion ind\u00e9pendante\",\"publisher\":{\"@id\":\"https:\\\/\\\/clartan.com\\\/fr\\\/#organization\"},\"alternateName\":\"Clartan\",\"potentialAction\":[{\"@type\":\"SearchAction\",\"target\":{\"@type\":\"EntryPoint\",\"urlTemplate\":\"https:\\\/\\\/clartan.com\\\/fr\\\/?s={search_term_string}\"},\"query-input\":{\"@type\":\"PropertyValueSpecification\",\"valueRequired\":true,\"valueName\":\"search_term_string\"}}],\"inLanguage\":\"fr-FR\"},{\"@type\":\"Organization\",\"@id\":\"https:\\\/\\\/clartan.com\\\/fr\\\/#organization\",\"name\":\"Clartan Associ\u00e9s\",\"alternateName\":\"Clartan\",\"url\":\"https:\\\/\\\/clartan.com\\\/fr\\\/\",\"logo\":{\"@type\":\"ImageObject\",\"inLanguage\":\"fr-FR\",\"@id\":\"https:\\\/\\\/clartan.com\\\/fr\\\/#\\\/schema\\\/logo\\\/image\\\/\",\"url\":\"https:\\\/\\\/clartan.com\\\/fr\\\/wp-content\\\/uploads\\\/2025\\\/12\\\/Favicon-2.png\",\"contentUrl\":\"https:\\\/\\\/clartan.com\\\/fr\\\/wp-content\\\/uploads\\\/2025\\\/12\\\/Favicon-2.png\",\"width\":1024,\"height\":1024,\"caption\":\"Clartan Associ\u00e9s\"},\"image\":{\"@id\":\"https:\\\/\\\/clartan.com\\\/fr\\\/#\\\/schema\\\/logo\\\/image\\\/\"},\"sameAs\":[\"https:\\\/\\\/www.linkedin.com\\\/company\\\/clartan-associes\\\/\",\"https:\\\/\\\/www.youtube.com\\\/@clartanassocies3040\"],\"description\":\"Maison de gestion ind\u00e9pendante depuis 1986,\\u2028Clartan Associ\u00e9s met en \u0153uvre une gestion solide et \u00e9prouv\u00e9e, fond\u00e9e sur la coll\u00e9gialit\u00e9.\",\"email\":\"contact@clartan.com\",\"telephone\":\"+33 1 53 77 60 80\",\"legalName\":\"Clartan Associ\u00e9s\",\"foundingDate\":\"1986-12-01\",\"vatID\":\"FR18339485161\",\"taxID\":\"33948516100097\",\"leiCode\":\"969500AFMNSMC5R97K50\"},{\"@type\":\"Person\",\"@id\":\"https:\\\/\\\/clartan.com\\\/fr\\\/#\\\/schema\\\/person\\\/9a62374662943eff1a12d1e57247ec51\",\"name\":\"Delphine Sellier\",\"image\":{\"@type\":\"ImageObject\",\"inLanguage\":\"fr-FR\",\"@id\":\"https:\\\/\\\/secure.gravatar.com\\\/avatar\\\/9a5b91dbfa7cacd3b581d3d0b3136dc5bee58f53349e720bbc58d0a702584b7a?s=96&d=mm&r=g\",\"url\":\"https:\\\/\\\/secure.gravatar.com\\\/avatar\\\/9a5b91dbfa7cacd3b581d3d0b3136dc5bee58f53349e720bbc58d0a702584b7a?s=96&d=mm&r=g\",\"contentUrl\":\"https:\\\/\\\/secure.gravatar.com\\\/avatar\\\/9a5b91dbfa7cacd3b581d3d0b3136dc5bee58f53349e720bbc58d0a702584b7a?s=96&d=mm&r=g\",\"caption\":\"Delphine Sellier\"}}]}<\/script>\n<!-- \/ Yoast SEO Premium plugin. -->","yoast_head_json":{"title":"Clartan Associ\u00e9s \u00e9tait pr\u00e9sent \u00e0 la Convention annuelle de l'ANACOFI - Clartan Associ\u00e9s","robots":{"index":"index","follow":"follow","max-snippet":"max-snippet:-1","max-image-preview":"max-image-preview:large","max-video-preview":"max-video-preview:-1"},"canonical":"https:\/\/clartan.com\/fr\/actualites\/clartan-associes-etait-present-a-la-convention-annuelle-de-lanacofi\/","og_locale":"fr_FR","og_type":"article","og_title":"Clartan Associ\u00e9s \u00e9tait pr\u00e9sent \u00e0 la Convention annuelle de l'ANACOFI","og_url":"https:\/\/clartan.com\/fr\/actualites\/clartan-associes-etait-present-a-la-convention-annuelle-de-lanacofi\/","og_site_name":"Clartan Associ\u00e9s FR","article_published_time":"2024-03-28T19:00:00+00:00","article_modified_time":"2024-04-23T08:41:40+00:00","og_image":[{"width":1216,"height":794,"url":"https:\/\/clartan.com\/fr\/wp-content\/uploads\/2024\/03\/Capture-decran-2024-03-29-a-15.39.18.png","type":"image\/png"}],"author":"Delphine Sellier","twitter_card":"summary_large_image","schema":{"@context":"https:\/\/schema.org","@graph":[{"@type":"Article","@id":"https:\/\/clartan.com\/fr\/actualites\/clartan-associes-etait-present-a-la-convention-annuelle-de-lanacofi\/#article","isPartOf":{"@id":"https:\/\/clartan.com\/fr\/actualites\/clartan-associes-etait-present-a-la-convention-annuelle-de-lanacofi\/"},"author":{"name":"Delphine Sellier","@id":"https:\/\/clartan.com\/fr\/#\/schema\/person\/9a62374662943eff1a12d1e57247ec51"},"headline":"Clartan Associ\u00e9s \u00e9tait pr\u00e9sent \u00e0 la Convention annuelle de l&rsquo;ANACOFI","datePublished":"2024-03-28T19:00:00+00:00","dateModified":"2024-04-23T08:41:40+00:00","mainEntityOfPage":{"@id":"https:\/\/clartan.com\/fr\/actualites\/clartan-associes-etait-present-a-la-convention-annuelle-de-lanacofi\/"},"wordCount":125,"publisher":{"@id":"https:\/\/clartan.com\/fr\/#organization"},"image":{"@id":"https:\/\/clartan.com\/fr\/actualites\/clartan-associes-etait-present-a-la-convention-annuelle-de-lanacofi\/#primaryimage"},"thumbnailUrl":"https:\/\/clartan.com\/fr\/wp-content\/uploads\/2024\/03\/Capture-decran-2024-03-29-a-15.39.18.png","articleSection":["Actualit\u00e9s","\u00c9v\u00e9nements"],"inLanguage":"fr-FR"},{"@type":"WebPage","@id":"https:\/\/clartan.com\/fr\/actualites\/clartan-associes-etait-present-a-la-convention-annuelle-de-lanacofi\/","url":"https:\/\/clartan.com\/fr\/actualites\/clartan-associes-etait-present-a-la-convention-annuelle-de-lanacofi\/","name":"Clartan Associ\u00e9s \u00e9tait pr\u00e9sent \u00e0 la Convention annuelle de l'ANACOFI - Clartan Associ\u00e9s","isPartOf":{"@id":"https:\/\/clartan.com\/fr\/#website"},"primaryImageOfPage":{"@id":"https:\/\/clartan.com\/fr\/actualites\/clartan-associes-etait-present-a-la-convention-annuelle-de-lanacofi\/#primaryimage"},"image":{"@id":"https:\/\/clartan.com\/fr\/actualites\/clartan-associes-etait-present-a-la-convention-annuelle-de-lanacofi\/#primaryimage"},"thumbnailUrl":"https:\/\/clartan.com\/fr\/wp-content\/uploads\/2024\/03\/Capture-decran-2024-03-29-a-15.39.18.png","datePublished":"2024-03-28T19:00:00+00:00","dateModified":"2024-04-23T08:41:40+00:00","breadcrumb":{"@id":"https:\/\/clartan.com\/fr\/actualites\/clartan-associes-etait-present-a-la-convention-annuelle-de-lanacofi\/#breadcrumb"},"inLanguage":"fr-FR","potentialAction":[{"@type":"ReadAction","target":["https:\/\/clartan.com\/fr\/actualites\/clartan-associes-etait-present-a-la-convention-annuelle-de-lanacofi\/"]}]},{"@type":"ImageObject","inLanguage":"fr-FR","@id":"https:\/\/clartan.com\/fr\/actualites\/clartan-associes-etait-present-a-la-convention-annuelle-de-lanacofi\/#primaryimage","url":"https:\/\/clartan.com\/fr\/wp-content\/uploads\/2024\/03\/Capture-decran-2024-03-29-a-15.39.18.png","contentUrl":"https:\/\/clartan.com\/fr\/wp-content\/uploads\/2024\/03\/Capture-decran-2024-03-29-a-15.39.18.png","width":1216,"height":794},{"@type":"BreadcrumbList","@id":"https:\/\/clartan.com\/fr\/actualites\/clartan-associes-etait-present-a-la-convention-annuelle-de-lanacofi\/#breadcrumb","itemListElement":[{"@type":"ListItem","position":1,"name":"Accueil","item":"https:\/\/clartan.com\/fr\/"},{"@type":"ListItem","position":2,"name":"Clartan Associ\u00e9s \u00e9tait pr\u00e9sent \u00e0 la Convention annuelle de l&rsquo;ANACOFI"}]},{"@type":"WebSite","@id":"https:\/\/clartan.com\/fr\/#website","url":"https:\/\/clartan.com\/fr\/","name":"Clartan Associ\u00e9s FR","description":"Maison de Gestion ind\u00e9pendante","publisher":{"@id":"https:\/\/clartan.com\/fr\/#organization"},"alternateName":"Clartan","potentialAction":[{"@type":"SearchAction","target":{"@type":"EntryPoint","urlTemplate":"https:\/\/clartan.com\/fr\/?s={search_term_string}"},"query-input":{"@type":"PropertyValueSpecification","valueRequired":true,"valueName":"search_term_string"}}],"inLanguage":"fr-FR"},{"@type":"Organization","@id":"https:\/\/clartan.com\/fr\/#organization","name":"Clartan Associ\u00e9s","alternateName":"Clartan","url":"https:\/\/clartan.com\/fr\/","logo":{"@type":"ImageObject","inLanguage":"fr-FR","@id":"https:\/\/clartan.com\/fr\/#\/schema\/logo\/image\/","url":"https:\/\/clartan.com\/fr\/wp-content\/uploads\/2025\/12\/Favicon-2.png","contentUrl":"https:\/\/clartan.com\/fr\/wp-content\/uploads\/2025\/12\/Favicon-2.png","width":1024,"height":1024,"caption":"Clartan Associ\u00e9s"},"image":{"@id":"https:\/\/clartan.com\/fr\/#\/schema\/logo\/image\/"},"sameAs":["https:\/\/www.linkedin.com\/company\/clartan-associes\/","https:\/\/www.youtube.com\/@clartanassocies3040"],"description":"Maison de gestion ind\u00e9pendante depuis 1986,\u2028Clartan Associ\u00e9s met en \u0153uvre une gestion solide et \u00e9prouv\u00e9e, fond\u00e9e sur la coll\u00e9gialit\u00e9.","email":"contact@clartan.com","telephone":"+33 1 53 77 60 80","legalName":"Clartan Associ\u00e9s","foundingDate":"1986-12-01","vatID":"FR18339485161","taxID":"33948516100097","leiCode":"969500AFMNSMC5R97K50"},{"@type":"Person","@id":"https:\/\/clartan.com\/fr\/#\/schema\/person\/9a62374662943eff1a12d1e57247ec51","name":"Delphine Sellier","image":{"@type":"ImageObject","inLanguage":"fr-FR","@id":"https:\/\/secure.gravatar.com\/avatar\/9a5b91dbfa7cacd3b581d3d0b3136dc5bee58f53349e720bbc58d0a702584b7a?s=96&d=mm&r=g","url":"https:\/\/secure.gravatar.com\/avatar\/9a5b91dbfa7cacd3b581d3d0b3136dc5bee58f53349e720bbc58d0a702584b7a?s=96&d=mm&r=g","contentUrl":"https:\/\/secure.gravatar.com\/avatar\/9a5b91dbfa7cacd3b581d3d0b3136dc5bee58f53349e720bbc58d0a702584b7a?s=96&d=mm&r=g","caption":"Delphine Sellier"}}]}},"_links":{"self":[{"href":"https:\/\/clartan.com\/fr\/wp-json\/wp\/v2\/posts\/6295","targetHints":{"allow":["GET"]}}],"collection":[{"href":"https:\/\/clartan.com\/fr\/wp-json\/wp\/v2\/posts"}],"about":[{"href":"https:\/\/clartan.com\/fr\/wp-json\/wp\/v2\/types\/post"}],"author":[{"embeddable":true,"href":"https:\/\/clartan.com\/fr\/wp-json\/wp\/v2\/users\/11"}],"replies":[{"embeddable":true,"href":"https:\/\/clartan.com\/fr\/wp-json\/wp\/v2\/comments?post=6295"}],"version-history":[{"count":0,"href":"https:\/\/clartan.com\/fr\/wp-json\/wp\/v2\/posts\/6295\/revisions"}],"wp:featuredmedia":[{"embeddable":true,"href":"https:\/\/clartan.com\/fr\/wp-json\/wp\/v2\/media\/6298"}],"wp:attachment":[{"href":"https:\/\/clartan.com\/fr\/wp-json\/wp\/v2\/media?parent=6295"}],"wp:term":[{"taxonomy":"category","embeddable":true,"href":"https:\/\/clartan.com\/fr\/wp-json\/wp\/v2\/categories?post=6295"},{"taxonomy":"post_tag","embeddable":true,"href":"https:\/\/clartan.com\/fr\/wp-json\/wp\/v2\/tags?post=6295"}],"curies":[{"name":"wp","href":"https:\/\/api.w.org\/{rel}","templated":true}]}}