{"id":7151,"date":"2024-04-24T12:54:59","date_gmt":"2024-04-24T10:54:59","guid":{"rendered":"https:\/\/www.clartan.com\/fr\/?p=7151"},"modified":"2024-05-28T14:35:01","modified_gmt":"2024-05-28T12:35:01","slug":"clartan-ethos-perspectives-2024-pour-les-small-mid-cap-europeennes","status":"publish","type":"post","link":"https:\/\/clartan.com\/fr\/evenements\/clartan-ethos-perspectives-2024-pour-les-small-mid-cap-europeennes\/","title":{"rendered":"Clartan Ethos &#8211; Perspectives 2024 pour les Small &amp; Mid Cap europ\u00e9ennes"},"content":{"rendered":"\n<p class=\"has-large-font-size\">Vous voulez en savoir plus sur les petites et moyennes capitalisations europ\u00e9ennes qui g\u00e8rent avec conviction leurs enjeux ESG? <\/p>\n\n\n\n<p>Nous vous proposons de voir ou revoir notre dernier webinar du&nbsp;23&nbsp;avril&nbsp;2024,&nbsp;pr\u00e9sent\u00e9&nbsp;par <a href=\"https:\/\/www.linkedin.com\/in\/guillaume-brisset-25b39a\/\">Guillaume Brisset<\/a>, associ\u00e9 g\u00e9rant financier chez Clartan Associ\u00e9s&nbsp;et&nbsp;<a href=\"https:\/\/www.linkedin.com\/in\/david-jeannet-8a8b599\/\">David Jeannet<\/a>, Head Responsible Investment &amp; ESG International chez Ethos Services.<\/p>\n\n\n\n<p>Remplissez le formulaire en cliquant sur l&rsquo;image ci-dessous afin d&rsquo;y acc\u00e9der.<\/p>\n\n\n\n<p><strong>Clartan Ethos &#8211; Perspectives 2024 pour les Small &amp; Mid Cap europ\u00e9ennes &#8211; 23 avril 2024<\/strong><\/p>\n\n\n\n<figure class=\"wp-block-image size-large is-resized wp-duotone-unset-1\"><a href=\"https:\/\/share-eu1.hsforms.com\/1wrPoK_DmTr2sS_JJdPu2Dg2b7z4s\" target=\"_blank\" rel=\"noreferrer noopener\"><img loading=\"lazy\" decoding=\"async\" width=\"1036\" height=\"583\" src=\"https:\/\/clartan.com\/fr\/wp-content\/uploads\/2024\/04\/Replay-actu-site-GB-DJ-1036x583.png\" alt=\"\" class=\"wp-image-7152\" style=\"width:664px;height:auto\" srcset=\"https:\/\/clartan.com\/fr\/wp-content\/uploads\/2024\/04\/Replay-actu-site-GB-DJ-1036x583.png 1036w, https:\/\/clartan.com\/fr\/wp-content\/uploads\/2024\/04\/Replay-actu-site-GB-DJ-300x169.png 300w, https:\/\/clartan.com\/fr\/wp-content\/uploads\/2024\/04\/Replay-actu-site-GB-DJ-768x432.png 768w, https:\/\/clartan.com\/fr\/wp-content\/uploads\/2024\/04\/Replay-actu-site-GB-DJ.png 1280w\" sizes=\"(max-width: 1036px) 100vw, 1036px\" \/><\/a><figcaption class=\"wp-element-caption\">de g. \u00e0 d. : Guillaume Brisset et David Jeannet<\/figcaption><\/figure>\n\n\n\n<p>Merci pour votre \u00e9coute&nbsp;et rendez-vous pour le prochain webinar.<\/p>\n\n\n\n<p>N\u2019h\u00e9sitez pas \u00e0 nous contacter pour toutes informations compl\u00e9mentaires.<\/p>\n\n\n\n<p>Clartan Associ\u00e9s.<\/p>\n\n\n\n<p>Contact&nbsp;:&nbsp;<a href=\"mailto:events@clartan.com\" target=\"_blank\" rel=\"noreferrer noopener\">events@clartan.com<\/a><\/p>\n\n\n\n<p><strong>Disclaimer<\/strong><\/p>\n\n\n\n<p class=\"has-text-align-left\"><em>Cette communication est \u00e0 caract\u00e8re publicitaire. L&rsquo;investissement dans des organismes de placement collectifs en valeurs mobili\u00e8res (OPCVM) comporte des risques. Il convient, avant toute souscription, de consulter le DIC ainsi que le prospectus disponibles sur <a href=\"https:\/\/clartan.com\">clartan.com<\/a>.&nbsp;<\/em><\/p>\n\n\n\n<p class=\"has-text-align-left\"><em><strong>Les performances pass\u00e9es ne pr\u00e9jugent pas des performances futures.<\/strong> <\/em><\/p>\n\n\n\n<p class=\"has-text-align-left\"><em>La r\u00e9f\u00e9rence \u00e0 certaines valeurs boursi\u00e8res est donn\u00e9e \u00e0 titre d\u2019illustration. Elle n\u2019a pas pour objectif de promouvoir l\u2019investissement en direct dans ces titres et ne constitue pas une recommandation d\u2019investissement ou un conseil en investissement. <\/em><\/p>\n","protected":false},"excerpt":{"rendered":"<p>Vous voulez en savoir plus sur les petites et moyennes capitalisations europ\u00e9ennes qui g\u00e8rent avec conviction leurs enjeux ESG? <\/p>\n<p>Nous vous proposons de voir ou revoir notre dernier webinar du\u00a023\u00a0avril\u00a02024,\u00a0pr\u00e9sent\u00e9\u00a0par Guillaume Brisset, associ\u00e9 g\u00e9rant financier chez Clartan Associ\u00e9s\u00a0et\u00a0David Jeannet, Head Responsible Investment &amp; ESG International chez Ethos Services.<\/p>\n","protected":false},"author":11,"featured_media":7152,"comment_status":"closed","ping_status":"closed","sticky":false,"template":"","format":"standard","meta":{"_acf_changed":false,"inline_featured_image":false,"footnotes":""},"categories":[5,6,10],"tags":[],"class_list":["post-7151","post","type-post","status-publish","format-standard","has-post-thumbnail","hentry","category-actualites","category-evenements","category-webinaires"],"acf":[],"yoast_head":"<!-- This site is optimized with the Yoast SEO Premium plugin v26.2 (Yoast SEO v27.4) - https:\/\/yoast.com\/product\/yoast-seo-premium-wordpress\/ -->\n<title>Clartan Ethos - Perspectives 2024 pour les Small &amp; Mid Cap europ\u00e9ennes - Clartan Associ\u00e9s<\/title>\n<meta name=\"robots\" content=\"index, follow, max-snippet:-1, max-image-preview:large, max-video-preview:-1\" \/>\n<link rel=\"canonical\" href=\"https:\/\/clartan.com\/fr\/evenements\/clartan-ethos-perspectives-2024-pour-les-small-mid-cap-europeennes\/\" \/>\n<meta property=\"og:locale\" content=\"fr_FR\" \/>\n<meta property=\"og:type\" content=\"article\" \/>\n<meta property=\"og:title\" content=\"Clartan Ethos - Perspectives 2024 pour les Small &amp; Mid Cap europ\u00e9ennes\" \/>\n<meta property=\"og:url\" content=\"https:\/\/clartan.com\/fr\/evenements\/clartan-ethos-perspectives-2024-pour-les-small-mid-cap-europeennes\/\" \/>\n<meta property=\"og:site_name\" content=\"Clartan Associ\u00e9s FR\" \/>\n<meta property=\"article:published_time\" content=\"2024-04-24T10:54:59+00:00\" \/>\n<meta property=\"article:modified_time\" content=\"2024-05-28T12:35:01+00:00\" \/>\n<meta property=\"og:image\" content=\"https:\/\/clartan.com\/fr\/wp-content\/uploads\/2024\/04\/Replay-actu-site-GB-DJ.png\" \/>\n\t<meta property=\"og:image:width\" content=\"1280\" \/>\n\t<meta property=\"og:image:height\" content=\"720\" \/>\n\t<meta property=\"og:image:type\" content=\"image\/png\" \/>\n<meta name=\"author\" content=\"Delphine Sellier\" \/>\n<meta name=\"twitter:card\" content=\"summary_large_image\" \/>\n<script type=\"application\/ld+json\" class=\"yoast-schema-graph\">{\"@context\":\"https:\\\/\\\/schema.org\",\"@graph\":[{\"@type\":\"Article\",\"@id\":\"https:\\\/\\\/clartan.com\\\/fr\\\/evenements\\\/clartan-ethos-perspectives-2024-pour-les-small-mid-cap-europeennes\\\/#article\",\"isPartOf\":{\"@id\":\"https:\\\/\\\/clartan.com\\\/fr\\\/evenements\\\/clartan-ethos-perspectives-2024-pour-les-small-mid-cap-europeennes\\\/\"},\"author\":{\"name\":\"Delphine Sellier\",\"@id\":\"https:\\\/\\\/clartan.com\\\/fr\\\/#\\\/schema\\\/person\\\/9a62374662943eff1a12d1e57247ec51\"},\"headline\":\"Clartan Ethos &#8211; Perspectives 2024 pour les Small &amp; Mid Cap europ\u00e9ennes\",\"datePublished\":\"2024-04-24T10:54:59+00:00\",\"dateModified\":\"2024-05-28T12:35:01+00:00\",\"mainEntityOfPage\":{\"@id\":\"https:\\\/\\\/clartan.com\\\/fr\\\/evenements\\\/clartan-ethos-perspectives-2024-pour-les-small-mid-cap-europeennes\\\/\"},\"wordCount\":238,\"publisher\":{\"@id\":\"https:\\\/\\\/clartan.com\\\/fr\\\/#organization\"},\"image\":{\"@id\":\"https:\\\/\\\/clartan.com\\\/fr\\\/evenements\\\/clartan-ethos-perspectives-2024-pour-les-small-mid-cap-europeennes\\\/#primaryimage\"},\"thumbnailUrl\":\"https:\\\/\\\/clartan.com\\\/fr\\\/wp-content\\\/uploads\\\/2024\\\/04\\\/Replay-actu-site-GB-DJ.png\",\"articleSection\":[\"Actualit\u00e9s\",\"\u00c9v\u00e9nements\",\"Webinaires\"],\"inLanguage\":\"fr-FR\"},{\"@type\":\"WebPage\",\"@id\":\"https:\\\/\\\/clartan.com\\\/fr\\\/evenements\\\/clartan-ethos-perspectives-2024-pour-les-small-mid-cap-europeennes\\\/\",\"url\":\"https:\\\/\\\/clartan.com\\\/fr\\\/evenements\\\/clartan-ethos-perspectives-2024-pour-les-small-mid-cap-europeennes\\\/\",\"name\":\"Clartan Ethos - Perspectives 2024 pour les Small &amp; Mid Cap europ\u00e9ennes - Clartan Associ\u00e9s\",\"isPartOf\":{\"@id\":\"https:\\\/\\\/clartan.com\\\/fr\\\/#website\"},\"primaryImageOfPage\":{\"@id\":\"https:\\\/\\\/clartan.com\\\/fr\\\/evenements\\\/clartan-ethos-perspectives-2024-pour-les-small-mid-cap-europeennes\\\/#primaryimage\"},\"image\":{\"@id\":\"https:\\\/\\\/clartan.com\\\/fr\\\/evenements\\\/clartan-ethos-perspectives-2024-pour-les-small-mid-cap-europeennes\\\/#primaryimage\"},\"thumbnailUrl\":\"https:\\\/\\\/clartan.com\\\/fr\\\/wp-content\\\/uploads\\\/2024\\\/04\\\/Replay-actu-site-GB-DJ.png\",\"datePublished\":\"2024-04-24T10:54:59+00:00\",\"dateModified\":\"2024-05-28T12:35:01+00:00\",\"breadcrumb\":{\"@id\":\"https:\\\/\\\/clartan.com\\\/fr\\\/evenements\\\/clartan-ethos-perspectives-2024-pour-les-small-mid-cap-europeennes\\\/#breadcrumb\"},\"inLanguage\":\"fr-FR\",\"potentialAction\":[{\"@type\":\"ReadAction\",\"target\":[\"https:\\\/\\\/clartan.com\\\/fr\\\/evenements\\\/clartan-ethos-perspectives-2024-pour-les-small-mid-cap-europeennes\\\/\"]}]},{\"@type\":\"ImageObject\",\"inLanguage\":\"fr-FR\",\"@id\":\"https:\\\/\\\/clartan.com\\\/fr\\\/evenements\\\/clartan-ethos-perspectives-2024-pour-les-small-mid-cap-europeennes\\\/#primaryimage\",\"url\":\"https:\\\/\\\/clartan.com\\\/fr\\\/wp-content\\\/uploads\\\/2024\\\/04\\\/Replay-actu-site-GB-DJ.png\",\"contentUrl\":\"https:\\\/\\\/clartan.com\\\/fr\\\/wp-content\\\/uploads\\\/2024\\\/04\\\/Replay-actu-site-GB-DJ.png\",\"width\":1280,\"height\":720},{\"@type\":\"BreadcrumbList\",\"@id\":\"https:\\\/\\\/clartan.com\\\/fr\\\/evenements\\\/clartan-ethos-perspectives-2024-pour-les-small-mid-cap-europeennes\\\/#breadcrumb\",\"itemListElement\":[{\"@type\":\"ListItem\",\"position\":1,\"name\":\"Accueil\",\"item\":\"https:\\\/\\\/clartan.com\\\/fr\\\/\"},{\"@type\":\"ListItem\",\"position\":2,\"name\":\"Clartan Ethos &#8211; Perspectives 2024 pour les Small &amp; Mid Cap europ\u00e9ennes\"}]},{\"@type\":\"WebSite\",\"@id\":\"https:\\\/\\\/clartan.com\\\/fr\\\/#website\",\"url\":\"https:\\\/\\\/clartan.com\\\/fr\\\/\",\"name\":\"Clartan Associ\u00e9s FR\",\"description\":\"Maison de Gestion ind\u00e9pendante\",\"publisher\":{\"@id\":\"https:\\\/\\\/clartan.com\\\/fr\\\/#organization\"},\"alternateName\":\"Clartan\",\"potentialAction\":[{\"@type\":\"SearchAction\",\"target\":{\"@type\":\"EntryPoint\",\"urlTemplate\":\"https:\\\/\\\/clartan.com\\\/fr\\\/?s={search_term_string}\"},\"query-input\":{\"@type\":\"PropertyValueSpecification\",\"valueRequired\":true,\"valueName\":\"search_term_string\"}}],\"inLanguage\":\"fr-FR\"},{\"@type\":\"Organization\",\"@id\":\"https:\\\/\\\/clartan.com\\\/fr\\\/#organization\",\"name\":\"Clartan Associ\u00e9s\",\"alternateName\":\"Clartan\",\"url\":\"https:\\\/\\\/clartan.com\\\/fr\\\/\",\"logo\":{\"@type\":\"ImageObject\",\"inLanguage\":\"fr-FR\",\"@id\":\"https:\\\/\\\/clartan.com\\\/fr\\\/#\\\/schema\\\/logo\\\/image\\\/\",\"url\":\"https:\\\/\\\/clartan.com\\\/fr\\\/wp-content\\\/uploads\\\/2025\\\/12\\\/Favicon-2.png\",\"contentUrl\":\"https:\\\/\\\/clartan.com\\\/fr\\\/wp-content\\\/uploads\\\/2025\\\/12\\\/Favicon-2.png\",\"width\":1024,\"height\":1024,\"caption\":\"Clartan Associ\u00e9s\"},\"image\":{\"@id\":\"https:\\\/\\\/clartan.com\\\/fr\\\/#\\\/schema\\\/logo\\\/image\\\/\"},\"sameAs\":[\"https:\\\/\\\/www.linkedin.com\\\/company\\\/clartan-associes\\\/\",\"https:\\\/\\\/www.youtube.com\\\/@clartanassocies3040\"],\"description\":\"Maison de gestion ind\u00e9pendante depuis 1986,\\u2028Clartan Associ\u00e9s met en \u0153uvre une gestion solide et \u00e9prouv\u00e9e, fond\u00e9e sur la coll\u00e9gialit\u00e9.\",\"email\":\"contact@clartan.com\",\"telephone\":\"+33 1 53 77 60 80\",\"legalName\":\"Clartan Associ\u00e9s\",\"foundingDate\":\"1986-12-01\",\"vatID\":\"FR18339485161\",\"taxID\":\"33948516100097\",\"leiCode\":\"969500AFMNSMC5R97K50\"},{\"@type\":\"Person\",\"@id\":\"https:\\\/\\\/clartan.com\\\/fr\\\/#\\\/schema\\\/person\\\/9a62374662943eff1a12d1e57247ec51\",\"name\":\"Delphine Sellier\",\"image\":{\"@type\":\"ImageObject\",\"inLanguage\":\"fr-FR\",\"@id\":\"https:\\\/\\\/secure.gravatar.com\\\/avatar\\\/9a5b91dbfa7cacd3b581d3d0b3136dc5bee58f53349e720bbc58d0a702584b7a?s=96&d=mm&r=g\",\"url\":\"https:\\\/\\\/secure.gravatar.com\\\/avatar\\\/9a5b91dbfa7cacd3b581d3d0b3136dc5bee58f53349e720bbc58d0a702584b7a?s=96&d=mm&r=g\",\"contentUrl\":\"https:\\\/\\\/secure.gravatar.com\\\/avatar\\\/9a5b91dbfa7cacd3b581d3d0b3136dc5bee58f53349e720bbc58d0a702584b7a?s=96&d=mm&r=g\",\"caption\":\"Delphine Sellier\"}}]}<\/script>\n<!-- \/ Yoast SEO Premium plugin. -->","yoast_head_json":{"title":"Clartan Ethos - Perspectives 2024 pour les Small &amp; Mid Cap europ\u00e9ennes - Clartan Associ\u00e9s","robots":{"index":"index","follow":"follow","max-snippet":"max-snippet:-1","max-image-preview":"max-image-preview:large","max-video-preview":"max-video-preview:-1"},"canonical":"https:\/\/clartan.com\/fr\/evenements\/clartan-ethos-perspectives-2024-pour-les-small-mid-cap-europeennes\/","og_locale":"fr_FR","og_type":"article","og_title":"Clartan Ethos - Perspectives 2024 pour les Small &amp; Mid Cap europ\u00e9ennes","og_url":"https:\/\/clartan.com\/fr\/evenements\/clartan-ethos-perspectives-2024-pour-les-small-mid-cap-europeennes\/","og_site_name":"Clartan Associ\u00e9s FR","article_published_time":"2024-04-24T10:54:59+00:00","article_modified_time":"2024-05-28T12:35:01+00:00","og_image":[{"width":1280,"height":720,"url":"https:\/\/clartan.com\/fr\/wp-content\/uploads\/2024\/04\/Replay-actu-site-GB-DJ.png","type":"image\/png"}],"author":"Delphine Sellier","twitter_card":"summary_large_image","schema":{"@context":"https:\/\/schema.org","@graph":[{"@type":"Article","@id":"https:\/\/clartan.com\/fr\/evenements\/clartan-ethos-perspectives-2024-pour-les-small-mid-cap-europeennes\/#article","isPartOf":{"@id":"https:\/\/clartan.com\/fr\/evenements\/clartan-ethos-perspectives-2024-pour-les-small-mid-cap-europeennes\/"},"author":{"name":"Delphine Sellier","@id":"https:\/\/clartan.com\/fr\/#\/schema\/person\/9a62374662943eff1a12d1e57247ec51"},"headline":"Clartan Ethos &#8211; Perspectives 2024 pour les Small &amp; Mid Cap europ\u00e9ennes","datePublished":"2024-04-24T10:54:59+00:00","dateModified":"2024-05-28T12:35:01+00:00","mainEntityOfPage":{"@id":"https:\/\/clartan.com\/fr\/evenements\/clartan-ethos-perspectives-2024-pour-les-small-mid-cap-europeennes\/"},"wordCount":238,"publisher":{"@id":"https:\/\/clartan.com\/fr\/#organization"},"image":{"@id":"https:\/\/clartan.com\/fr\/evenements\/clartan-ethos-perspectives-2024-pour-les-small-mid-cap-europeennes\/#primaryimage"},"thumbnailUrl":"https:\/\/clartan.com\/fr\/wp-content\/uploads\/2024\/04\/Replay-actu-site-GB-DJ.png","articleSection":["Actualit\u00e9s","\u00c9v\u00e9nements","Webinaires"],"inLanguage":"fr-FR"},{"@type":"WebPage","@id":"https:\/\/clartan.com\/fr\/evenements\/clartan-ethos-perspectives-2024-pour-les-small-mid-cap-europeennes\/","url":"https:\/\/clartan.com\/fr\/evenements\/clartan-ethos-perspectives-2024-pour-les-small-mid-cap-europeennes\/","name":"Clartan Ethos - Perspectives 2024 pour les Small &amp; Mid Cap europ\u00e9ennes - Clartan Associ\u00e9s","isPartOf":{"@id":"https:\/\/clartan.com\/fr\/#website"},"primaryImageOfPage":{"@id":"https:\/\/clartan.com\/fr\/evenements\/clartan-ethos-perspectives-2024-pour-les-small-mid-cap-europeennes\/#primaryimage"},"image":{"@id":"https:\/\/clartan.com\/fr\/evenements\/clartan-ethos-perspectives-2024-pour-les-small-mid-cap-europeennes\/#primaryimage"},"thumbnailUrl":"https:\/\/clartan.com\/fr\/wp-content\/uploads\/2024\/04\/Replay-actu-site-GB-DJ.png","datePublished":"2024-04-24T10:54:59+00:00","dateModified":"2024-05-28T12:35:01+00:00","breadcrumb":{"@id":"https:\/\/clartan.com\/fr\/evenements\/clartan-ethos-perspectives-2024-pour-les-small-mid-cap-europeennes\/#breadcrumb"},"inLanguage":"fr-FR","potentialAction":[{"@type":"ReadAction","target":["https:\/\/clartan.com\/fr\/evenements\/clartan-ethos-perspectives-2024-pour-les-small-mid-cap-europeennes\/"]}]},{"@type":"ImageObject","inLanguage":"fr-FR","@id":"https:\/\/clartan.com\/fr\/evenements\/clartan-ethos-perspectives-2024-pour-les-small-mid-cap-europeennes\/#primaryimage","url":"https:\/\/clartan.com\/fr\/wp-content\/uploads\/2024\/04\/Replay-actu-site-GB-DJ.png","contentUrl":"https:\/\/clartan.com\/fr\/wp-content\/uploads\/2024\/04\/Replay-actu-site-GB-DJ.png","width":1280,"height":720},{"@type":"BreadcrumbList","@id":"https:\/\/clartan.com\/fr\/evenements\/clartan-ethos-perspectives-2024-pour-les-small-mid-cap-europeennes\/#breadcrumb","itemListElement":[{"@type":"ListItem","position":1,"name":"Accueil","item":"https:\/\/clartan.com\/fr\/"},{"@type":"ListItem","position":2,"name":"Clartan Ethos &#8211; Perspectives 2024 pour les Small &amp; Mid Cap europ\u00e9ennes"}]},{"@type":"WebSite","@id":"https:\/\/clartan.com\/fr\/#website","url":"https:\/\/clartan.com\/fr\/","name":"Clartan Associ\u00e9s FR","description":"Maison de Gestion ind\u00e9pendante","publisher":{"@id":"https:\/\/clartan.com\/fr\/#organization"},"alternateName":"Clartan","potentialAction":[{"@type":"SearchAction","target":{"@type":"EntryPoint","urlTemplate":"https:\/\/clartan.com\/fr\/?s={search_term_string}"},"query-input":{"@type":"PropertyValueSpecification","valueRequired":true,"valueName":"search_term_string"}}],"inLanguage":"fr-FR"},{"@type":"Organization","@id":"https:\/\/clartan.com\/fr\/#organization","name":"Clartan Associ\u00e9s","alternateName":"Clartan","url":"https:\/\/clartan.com\/fr\/","logo":{"@type":"ImageObject","inLanguage":"fr-FR","@id":"https:\/\/clartan.com\/fr\/#\/schema\/logo\/image\/","url":"https:\/\/clartan.com\/fr\/wp-content\/uploads\/2025\/12\/Favicon-2.png","contentUrl":"https:\/\/clartan.com\/fr\/wp-content\/uploads\/2025\/12\/Favicon-2.png","width":1024,"height":1024,"caption":"Clartan Associ\u00e9s"},"image":{"@id":"https:\/\/clartan.com\/fr\/#\/schema\/logo\/image\/"},"sameAs":["https:\/\/www.linkedin.com\/company\/clartan-associes\/","https:\/\/www.youtube.com\/@clartanassocies3040"],"description":"Maison de gestion ind\u00e9pendante depuis 1986,\u2028Clartan Associ\u00e9s met en \u0153uvre une gestion solide et \u00e9prouv\u00e9e, fond\u00e9e sur la coll\u00e9gialit\u00e9.","email":"contact@clartan.com","telephone":"+33 1 53 77 60 80","legalName":"Clartan Associ\u00e9s","foundingDate":"1986-12-01","vatID":"FR18339485161","taxID":"33948516100097","leiCode":"969500AFMNSMC5R97K50"},{"@type":"Person","@id":"https:\/\/clartan.com\/fr\/#\/schema\/person\/9a62374662943eff1a12d1e57247ec51","name":"Delphine Sellier","image":{"@type":"ImageObject","inLanguage":"fr-FR","@id":"https:\/\/secure.gravatar.com\/avatar\/9a5b91dbfa7cacd3b581d3d0b3136dc5bee58f53349e720bbc58d0a702584b7a?s=96&d=mm&r=g","url":"https:\/\/secure.gravatar.com\/avatar\/9a5b91dbfa7cacd3b581d3d0b3136dc5bee58f53349e720bbc58d0a702584b7a?s=96&d=mm&r=g","contentUrl":"https:\/\/secure.gravatar.com\/avatar\/9a5b91dbfa7cacd3b581d3d0b3136dc5bee58f53349e720bbc58d0a702584b7a?s=96&d=mm&r=g","caption":"Delphine Sellier"}}]}},"_links":{"self":[{"href":"https:\/\/clartan.com\/fr\/wp-json\/wp\/v2\/posts\/7151","targetHints":{"allow":["GET"]}}],"collection":[{"href":"https:\/\/clartan.com\/fr\/wp-json\/wp\/v2\/posts"}],"about":[{"href":"https:\/\/clartan.com\/fr\/wp-json\/wp\/v2\/types\/post"}],"author":[{"embeddable":true,"href":"https:\/\/clartan.com\/fr\/wp-json\/wp\/v2\/users\/11"}],"replies":[{"embeddable":true,"href":"https:\/\/clartan.com\/fr\/wp-json\/wp\/v2\/comments?post=7151"}],"version-history":[{"count":0,"href":"https:\/\/clartan.com\/fr\/wp-json\/wp\/v2\/posts\/7151\/revisions"}],"wp:featuredmedia":[{"embeddable":true,"href":"https:\/\/clartan.com\/fr\/wp-json\/wp\/v2\/media\/7152"}],"wp:attachment":[{"href":"https:\/\/clartan.com\/fr\/wp-json\/wp\/v2\/media?parent=7151"}],"wp:term":[{"taxonomy":"category","embeddable":true,"href":"https:\/\/clartan.com\/fr\/wp-json\/wp\/v2\/categories?post=7151"},{"taxonomy":"post_tag","embeddable":true,"href":"https:\/\/clartan.com\/fr\/wp-json\/wp\/v2\/tags?post=7151"}],"curies":[{"name":"wp","href":"https:\/\/api.w.org\/{rel}","templated":true}]}}