{"id":729,"date":"2022-02-04T12:15:00","date_gmt":"2022-02-04T11:15:00","guid":{"rendered":"http:\/\/staging-clartan.plp.fr\/fr\/?p=729"},"modified":"2022-10-11T08:41:59","modified_gmt":"2022-10-11T06:41:59","slug":"smart-bourse-analyse-fondamentale-le-cas-imerys-decrypte-par-elizabeth-de-saint-leger","status":"publish","type":"post","link":"https:\/\/clartan.com\/fr\/actualites\/smart-bourse-analyse-fondamentale-le-cas-imerys-decrypte-par-elizabeth-de-saint-leger\/","title":{"rendered":"Analyse fondamentale : le cas IMERYS d\u00e9crypt\u00e9 par Elizabeth de Saint Leger"},"content":{"rendered":"\n<figure class=\"wp-block-image size-large\"><img loading=\"lazy\" decoding=\"async\" width=\"1036\" height=\"580\" src=\"https:\/\/clartan.com\/fr\/wp-content\/uploads\/2022\/09\/2022_02_04_vignette_esl_smart_bourse-1036x580.png\" alt=\"\" class=\"wp-image-2997\" srcset=\"https:\/\/clartan.com\/fr\/wp-content\/uploads\/2022\/09\/2022_02_04_vignette_esl_smart_bourse-1036x580.png 1036w, https:\/\/clartan.com\/fr\/wp-content\/uploads\/2022\/09\/2022_02_04_vignette_esl_smart_bourse-300x168.png 300w, https:\/\/clartan.com\/fr\/wp-content\/uploads\/2022\/09\/2022_02_04_vignette_esl_smart_bourse-768x430.png 768w, https:\/\/clartan.com\/fr\/wp-content\/uploads\/2022\/09\/2022_02_04_vignette_esl_smart_bourse-1536x860.png 1536w, https:\/\/clartan.com\/fr\/wp-content\/uploads\/2022\/09\/2022_02_04_vignette_esl_smart_bourse-2048x1147.png 2048w\" sizes=\"(max-width: 1036px) 100vw, 1036px\" \/><\/figure>\n\n\n\n<p>Leader mondial des sp\u00e9cialit\u00e9s min\u00e9rales pour l\u2019industrie, Imerys a communiqu\u00e9 lors de sa derni\u00e8re publication sur une solide performance financi\u00e8re dans un environnement fortement inflationniste.<\/p>\n\n\n\n<figure class=\"wp-block-image\"><img decoding=\"async\" src=\"https:\/\/clartan.com\/sites\/default\/files\/2022_02_04_vignette_esl_smart_bourse.png\" alt=\"\"\/><\/figure>\n\n\n\n<p>Retrouvez nos g\u00e9rants financiers, tous les premiers vendredi du mois \u00e0 17h45, sur la cha\u00eene B Smart dans l\u2019\u00e9mission Smart Bourse anim\u00e9e par Gr\u00e9goire Favet pour pr\u00e9senter des cas d\u2019investissements.<\/p>\n\n\n\n<p>Ce mois-ci, le cas IMERYS&nbsp;par Elizabeth de Saint Leger, Associ\u00e9e et g\u00e9rant financier chez Clartan Associ\u00e9s.<\/p>\n\n\n\n<p><a href=\"https:\/\/www.bsmart.fr\/video\/11734-smart-bourse-partie-04-fevrier-2022-soir\">Voir la vid\u00e9o<\/a><\/p>\n","protected":false},"excerpt":{"rendered":"<p>Leader mondial des sp\u00e9cialit\u00e9s min\u00e9rales pour l\u2019industrie, Imerys a communiqu\u00e9 lors de sa derni\u00e8re publication sur une solide performance financi\u00e8re dans un environnement fortement inflationniste. Retrouvez nos g\u00e9rants financiers, tous les premiers vendredi du mois \u00e0 17h45, sur la cha\u00eene B Smart dans l\u2019\u00e9mission Smart Bourse anim\u00e9e par Gr\u00e9goire Favet pour pr\u00e9senter des cas d\u2019investissements. [&hellip;]<\/p>\n","protected":false},"author":1,"featured_media":0,"comment_status":"closed","ping_status":"closed","sticky":false,"template":"","format":"standard","meta":{"_acf_changed":false,"inline_featured_image":false,"footnotes":""},"categories":[5],"tags":[13],"class_list":["post-729","post","type-post","status-publish","format-standard","hentry","category-actualites","tag-smart-bourse"],"acf":[],"yoast_head":"<!-- This site is optimized with the Yoast SEO Premium plugin v26.2 (Yoast SEO v27.4) - https:\/\/yoast.com\/product\/yoast-seo-premium-wordpress\/ -->\n<title>Analyse fondamentale : le cas IMERYS d\u00e9crypt\u00e9 par Elizabeth de Saint Leger - Clartan Associ\u00e9s<\/title>\n<meta name=\"robots\" content=\"index, follow, max-snippet:-1, max-image-preview:large, max-video-preview:-1\" \/>\n<link rel=\"canonical\" href=\"https:\/\/clartan.com\/fr\/actualites\/smart-bourse-analyse-fondamentale-le-cas-imerys-decrypte-par-elizabeth-de-saint-leger\/\" \/>\n<meta property=\"og:locale\" content=\"fr_FR\" \/>\n<meta property=\"og:type\" content=\"article\" \/>\n<meta property=\"og:title\" content=\"Analyse fondamentale : le cas IMERYS d\u00e9crypt\u00e9 par Elizabeth de Saint Leger\" \/>\n<meta property=\"og:url\" content=\"https:\/\/clartan.com\/fr\/actualites\/smart-bourse-analyse-fondamentale-le-cas-imerys-decrypte-par-elizabeth-de-saint-leger\/\" \/>\n<meta property=\"og:site_name\" content=\"Clartan Associ\u00e9s FR\" \/>\n<meta property=\"article:published_time\" content=\"2022-02-04T11:15:00+00:00\" \/>\n<meta property=\"article:modified_time\" content=\"2022-10-11T06:41:59+00:00\" \/>\n<meta property=\"og:image\" content=\"https:\/\/clartan.com\/fr\/wp-content\/uploads\/2022\/09\/2022_02_04_vignette_esl_smart_bourse-1036x580.png\" \/>\n<meta name=\"author\" content=\"do\" \/>\n<meta name=\"twitter:card\" content=\"summary_large_image\" \/>\n<script type=\"application\/ld+json\" class=\"yoast-schema-graph\">{\"@context\":\"https:\\\/\\\/schema.org\",\"@graph\":[{\"@type\":\"Article\",\"@id\":\"https:\\\/\\\/clartan.com\\\/fr\\\/actualites\\\/smart-bourse-analyse-fondamentale-le-cas-imerys-decrypte-par-elizabeth-de-saint-leger\\\/#article\",\"isPartOf\":{\"@id\":\"https:\\\/\\\/clartan.com\\\/fr\\\/actualites\\\/smart-bourse-analyse-fondamentale-le-cas-imerys-decrypte-par-elizabeth-de-saint-leger\\\/\"},\"author\":{\"name\":\"do\",\"@id\":\"https:\\\/\\\/clartan.com\\\/fr\\\/#\\\/schema\\\/person\\\/edd2584e8f878387a3307a1a5a91f652\"},\"headline\":\"Analyse fondamentale : le cas IMERYS d\u00e9crypt\u00e9 par Elizabeth de Saint Leger\",\"datePublished\":\"2022-02-04T11:15:00+00:00\",\"dateModified\":\"2022-10-11T06:41:59+00:00\",\"mainEntityOfPage\":{\"@id\":\"https:\\\/\\\/clartan.com\\\/fr\\\/actualites\\\/smart-bourse-analyse-fondamentale-le-cas-imerys-decrypte-par-elizabeth-de-saint-leger\\\/\"},\"wordCount\":104,\"publisher\":{\"@id\":\"https:\\\/\\\/clartan.com\\\/fr\\\/#organization\"},\"image\":{\"@id\":\"https:\\\/\\\/clartan.com\\\/fr\\\/actualites\\\/smart-bourse-analyse-fondamentale-le-cas-imerys-decrypte-par-elizabeth-de-saint-leger\\\/#primaryimage\"},\"thumbnailUrl\":\"https:\\\/\\\/clartan.com\\\/fr\\\/wp-content\\\/uploads\\\/2022\\\/09\\\/2022_02_04_vignette_esl_smart_bourse-1036x580.png\",\"keywords\":[\"Smart Bourse\"],\"articleSection\":[\"Actualit\u00e9s\"],\"inLanguage\":\"fr-FR\"},{\"@type\":\"WebPage\",\"@id\":\"https:\\\/\\\/clartan.com\\\/fr\\\/actualites\\\/smart-bourse-analyse-fondamentale-le-cas-imerys-decrypte-par-elizabeth-de-saint-leger\\\/\",\"url\":\"https:\\\/\\\/clartan.com\\\/fr\\\/actualites\\\/smart-bourse-analyse-fondamentale-le-cas-imerys-decrypte-par-elizabeth-de-saint-leger\\\/\",\"name\":\"Analyse fondamentale : le cas IMERYS d\u00e9crypt\u00e9 par Elizabeth de Saint Leger - Clartan Associ\u00e9s\",\"isPartOf\":{\"@id\":\"https:\\\/\\\/clartan.com\\\/fr\\\/#website\"},\"primaryImageOfPage\":{\"@id\":\"https:\\\/\\\/clartan.com\\\/fr\\\/actualites\\\/smart-bourse-analyse-fondamentale-le-cas-imerys-decrypte-par-elizabeth-de-saint-leger\\\/#primaryimage\"},\"image\":{\"@id\":\"https:\\\/\\\/clartan.com\\\/fr\\\/actualites\\\/smart-bourse-analyse-fondamentale-le-cas-imerys-decrypte-par-elizabeth-de-saint-leger\\\/#primaryimage\"},\"thumbnailUrl\":\"https:\\\/\\\/clartan.com\\\/fr\\\/wp-content\\\/uploads\\\/2022\\\/09\\\/2022_02_04_vignette_esl_smart_bourse-1036x580.png\",\"datePublished\":\"2022-02-04T11:15:00+00:00\",\"dateModified\":\"2022-10-11T06:41:59+00:00\",\"breadcrumb\":{\"@id\":\"https:\\\/\\\/clartan.com\\\/fr\\\/actualites\\\/smart-bourse-analyse-fondamentale-le-cas-imerys-decrypte-par-elizabeth-de-saint-leger\\\/#breadcrumb\"},\"inLanguage\":\"fr-FR\",\"potentialAction\":[{\"@type\":\"ReadAction\",\"target\":[\"https:\\\/\\\/clartan.com\\\/fr\\\/actualites\\\/smart-bourse-analyse-fondamentale-le-cas-imerys-decrypte-par-elizabeth-de-saint-leger\\\/\"]}]},{\"@type\":\"ImageObject\",\"inLanguage\":\"fr-FR\",\"@id\":\"https:\\\/\\\/clartan.com\\\/fr\\\/actualites\\\/smart-bourse-analyse-fondamentale-le-cas-imerys-decrypte-par-elizabeth-de-saint-leger\\\/#primaryimage\",\"url\":\"https:\\\/\\\/clartan.com\\\/fr\\\/wp-content\\\/uploads\\\/2022\\\/09\\\/2022_02_04_vignette_esl_smart_bourse.png\",\"contentUrl\":\"https:\\\/\\\/clartan.com\\\/fr\\\/wp-content\\\/uploads\\\/2022\\\/09\\\/2022_02_04_vignette_esl_smart_bourse.png\",\"width\":2910,\"height\":1630},{\"@type\":\"BreadcrumbList\",\"@id\":\"https:\\\/\\\/clartan.com\\\/fr\\\/actualites\\\/smart-bourse-analyse-fondamentale-le-cas-imerys-decrypte-par-elizabeth-de-saint-leger\\\/#breadcrumb\",\"itemListElement\":[{\"@type\":\"ListItem\",\"position\":1,\"name\":\"Accueil\",\"item\":\"https:\\\/\\\/clartan.com\\\/fr\\\/\"},{\"@type\":\"ListItem\",\"position\":2,\"name\":\"Analyse fondamentale : le cas IMERYS d\u00e9crypt\u00e9 par Elizabeth de Saint Leger\"}]},{\"@type\":\"WebSite\",\"@id\":\"https:\\\/\\\/clartan.com\\\/fr\\\/#website\",\"url\":\"https:\\\/\\\/clartan.com\\\/fr\\\/\",\"name\":\"Clartan Associ\u00e9s FR\",\"description\":\"Maison de Gestion ind\u00e9pendante\",\"publisher\":{\"@id\":\"https:\\\/\\\/clartan.com\\\/fr\\\/#organization\"},\"alternateName\":\"Clartan\",\"potentialAction\":[{\"@type\":\"SearchAction\",\"target\":{\"@type\":\"EntryPoint\",\"urlTemplate\":\"https:\\\/\\\/clartan.com\\\/fr\\\/?s={search_term_string}\"},\"query-input\":{\"@type\":\"PropertyValueSpecification\",\"valueRequired\":true,\"valueName\":\"search_term_string\"}}],\"inLanguage\":\"fr-FR\"},{\"@type\":\"Organization\",\"@id\":\"https:\\\/\\\/clartan.com\\\/fr\\\/#organization\",\"name\":\"Clartan Associ\u00e9s\",\"alternateName\":\"Clartan\",\"url\":\"https:\\\/\\\/clartan.com\\\/fr\\\/\",\"logo\":{\"@type\":\"ImageObject\",\"inLanguage\":\"fr-FR\",\"@id\":\"https:\\\/\\\/clartan.com\\\/fr\\\/#\\\/schema\\\/logo\\\/image\\\/\",\"url\":\"https:\\\/\\\/clartan.com\\\/fr\\\/wp-content\\\/uploads\\\/2025\\\/12\\\/Favicon-2.png\",\"contentUrl\":\"https:\\\/\\\/clartan.com\\\/fr\\\/wp-content\\\/uploads\\\/2025\\\/12\\\/Favicon-2.png\",\"width\":1024,\"height\":1024,\"caption\":\"Clartan Associ\u00e9s\"},\"image\":{\"@id\":\"https:\\\/\\\/clartan.com\\\/fr\\\/#\\\/schema\\\/logo\\\/image\\\/\"},\"sameAs\":[\"https:\\\/\\\/www.linkedin.com\\\/company\\\/clartan-associes\\\/\",\"https:\\\/\\\/www.youtube.com\\\/@clartanassocies3040\"],\"description\":\"Maison de gestion ind\u00e9pendante depuis 1986,\\u2028Clartan Associ\u00e9s met en \u0153uvre une gestion solide et \u00e9prouv\u00e9e, fond\u00e9e sur la coll\u00e9gialit\u00e9.\",\"email\":\"contact@clartan.com\",\"telephone\":\"+33 1 53 77 60 80\",\"legalName\":\"Clartan Associ\u00e9s\",\"foundingDate\":\"1986-12-01\",\"vatID\":\"FR18339485161\",\"taxID\":\"33948516100097\",\"leiCode\":\"969500AFMNSMC5R97K50\"},{\"@type\":\"Person\",\"@id\":\"https:\\\/\\\/clartan.com\\\/fr\\\/#\\\/schema\\\/person\\\/edd2584e8f878387a3307a1a5a91f652\",\"name\":\"do\",\"image\":{\"@type\":\"ImageObject\",\"inLanguage\":\"fr-FR\",\"@id\":\"https:\\\/\\\/secure.gravatar.com\\\/avatar\\\/9599b8ea11a34dbe3d1388029e2f1c6758f746b17ade3ccdb6cb201b8ea25da7?s=96&d=mm&r=g\",\"url\":\"https:\\\/\\\/secure.gravatar.com\\\/avatar\\\/9599b8ea11a34dbe3d1388029e2f1c6758f746b17ade3ccdb6cb201b8ea25da7?s=96&d=mm&r=g\",\"contentUrl\":\"https:\\\/\\\/secure.gravatar.com\\\/avatar\\\/9599b8ea11a34dbe3d1388029e2f1c6758f746b17ade3ccdb6cb201b8ea25da7?s=96&d=mm&r=g\",\"caption\":\"do\"}}]}<\/script>\n<!-- \/ Yoast SEO Premium plugin. -->","yoast_head_json":{"title":"Analyse fondamentale : le cas IMERYS d\u00e9crypt\u00e9 par Elizabeth de Saint Leger - Clartan Associ\u00e9s","robots":{"index":"index","follow":"follow","max-snippet":"max-snippet:-1","max-image-preview":"max-image-preview:large","max-video-preview":"max-video-preview:-1"},"canonical":"https:\/\/clartan.com\/fr\/actualites\/smart-bourse-analyse-fondamentale-le-cas-imerys-decrypte-par-elizabeth-de-saint-leger\/","og_locale":"fr_FR","og_type":"article","og_title":"Analyse fondamentale : le cas IMERYS d\u00e9crypt\u00e9 par Elizabeth de Saint Leger","og_url":"https:\/\/clartan.com\/fr\/actualites\/smart-bourse-analyse-fondamentale-le-cas-imerys-decrypte-par-elizabeth-de-saint-leger\/","og_site_name":"Clartan Associ\u00e9s FR","article_published_time":"2022-02-04T11:15:00+00:00","article_modified_time":"2022-10-11T06:41:59+00:00","og_image":[{"url":"https:\/\/clartan.com\/fr\/wp-content\/uploads\/2022\/09\/2022_02_04_vignette_esl_smart_bourse-1036x580.png","type":"","width":"","height":""}],"author":"do","twitter_card":"summary_large_image","schema":{"@context":"https:\/\/schema.org","@graph":[{"@type":"Article","@id":"https:\/\/clartan.com\/fr\/actualites\/smart-bourse-analyse-fondamentale-le-cas-imerys-decrypte-par-elizabeth-de-saint-leger\/#article","isPartOf":{"@id":"https:\/\/clartan.com\/fr\/actualites\/smart-bourse-analyse-fondamentale-le-cas-imerys-decrypte-par-elizabeth-de-saint-leger\/"},"author":{"name":"do","@id":"https:\/\/clartan.com\/fr\/#\/schema\/person\/edd2584e8f878387a3307a1a5a91f652"},"headline":"Analyse fondamentale : le cas IMERYS d\u00e9crypt\u00e9 par Elizabeth de Saint Leger","datePublished":"2022-02-04T11:15:00+00:00","dateModified":"2022-10-11T06:41:59+00:00","mainEntityOfPage":{"@id":"https:\/\/clartan.com\/fr\/actualites\/smart-bourse-analyse-fondamentale-le-cas-imerys-decrypte-par-elizabeth-de-saint-leger\/"},"wordCount":104,"publisher":{"@id":"https:\/\/clartan.com\/fr\/#organization"},"image":{"@id":"https:\/\/clartan.com\/fr\/actualites\/smart-bourse-analyse-fondamentale-le-cas-imerys-decrypte-par-elizabeth-de-saint-leger\/#primaryimage"},"thumbnailUrl":"https:\/\/clartan.com\/fr\/wp-content\/uploads\/2022\/09\/2022_02_04_vignette_esl_smart_bourse-1036x580.png","keywords":["Smart Bourse"],"articleSection":["Actualit\u00e9s"],"inLanguage":"fr-FR"},{"@type":"WebPage","@id":"https:\/\/clartan.com\/fr\/actualites\/smart-bourse-analyse-fondamentale-le-cas-imerys-decrypte-par-elizabeth-de-saint-leger\/","url":"https:\/\/clartan.com\/fr\/actualites\/smart-bourse-analyse-fondamentale-le-cas-imerys-decrypte-par-elizabeth-de-saint-leger\/","name":"Analyse fondamentale : le cas IMERYS d\u00e9crypt\u00e9 par Elizabeth de Saint Leger - Clartan Associ\u00e9s","isPartOf":{"@id":"https:\/\/clartan.com\/fr\/#website"},"primaryImageOfPage":{"@id":"https:\/\/clartan.com\/fr\/actualites\/smart-bourse-analyse-fondamentale-le-cas-imerys-decrypte-par-elizabeth-de-saint-leger\/#primaryimage"},"image":{"@id":"https:\/\/clartan.com\/fr\/actualites\/smart-bourse-analyse-fondamentale-le-cas-imerys-decrypte-par-elizabeth-de-saint-leger\/#primaryimage"},"thumbnailUrl":"https:\/\/clartan.com\/fr\/wp-content\/uploads\/2022\/09\/2022_02_04_vignette_esl_smart_bourse-1036x580.png","datePublished":"2022-02-04T11:15:00+00:00","dateModified":"2022-10-11T06:41:59+00:00","breadcrumb":{"@id":"https:\/\/clartan.com\/fr\/actualites\/smart-bourse-analyse-fondamentale-le-cas-imerys-decrypte-par-elizabeth-de-saint-leger\/#breadcrumb"},"inLanguage":"fr-FR","potentialAction":[{"@type":"ReadAction","target":["https:\/\/clartan.com\/fr\/actualites\/smart-bourse-analyse-fondamentale-le-cas-imerys-decrypte-par-elizabeth-de-saint-leger\/"]}]},{"@type":"ImageObject","inLanguage":"fr-FR","@id":"https:\/\/clartan.com\/fr\/actualites\/smart-bourse-analyse-fondamentale-le-cas-imerys-decrypte-par-elizabeth-de-saint-leger\/#primaryimage","url":"https:\/\/clartan.com\/fr\/wp-content\/uploads\/2022\/09\/2022_02_04_vignette_esl_smart_bourse.png","contentUrl":"https:\/\/clartan.com\/fr\/wp-content\/uploads\/2022\/09\/2022_02_04_vignette_esl_smart_bourse.png","width":2910,"height":1630},{"@type":"BreadcrumbList","@id":"https:\/\/clartan.com\/fr\/actualites\/smart-bourse-analyse-fondamentale-le-cas-imerys-decrypte-par-elizabeth-de-saint-leger\/#breadcrumb","itemListElement":[{"@type":"ListItem","position":1,"name":"Accueil","item":"https:\/\/clartan.com\/fr\/"},{"@type":"ListItem","position":2,"name":"Analyse fondamentale : le cas IMERYS d\u00e9crypt\u00e9 par Elizabeth de Saint Leger"}]},{"@type":"WebSite","@id":"https:\/\/clartan.com\/fr\/#website","url":"https:\/\/clartan.com\/fr\/","name":"Clartan Associ\u00e9s FR","description":"Maison de Gestion ind\u00e9pendante","publisher":{"@id":"https:\/\/clartan.com\/fr\/#organization"},"alternateName":"Clartan","potentialAction":[{"@type":"SearchAction","target":{"@type":"EntryPoint","urlTemplate":"https:\/\/clartan.com\/fr\/?s={search_term_string}"},"query-input":{"@type":"PropertyValueSpecification","valueRequired":true,"valueName":"search_term_string"}}],"inLanguage":"fr-FR"},{"@type":"Organization","@id":"https:\/\/clartan.com\/fr\/#organization","name":"Clartan Associ\u00e9s","alternateName":"Clartan","url":"https:\/\/clartan.com\/fr\/","logo":{"@type":"ImageObject","inLanguage":"fr-FR","@id":"https:\/\/clartan.com\/fr\/#\/schema\/logo\/image\/","url":"https:\/\/clartan.com\/fr\/wp-content\/uploads\/2025\/12\/Favicon-2.png","contentUrl":"https:\/\/clartan.com\/fr\/wp-content\/uploads\/2025\/12\/Favicon-2.png","width":1024,"height":1024,"caption":"Clartan Associ\u00e9s"},"image":{"@id":"https:\/\/clartan.com\/fr\/#\/schema\/logo\/image\/"},"sameAs":["https:\/\/www.linkedin.com\/company\/clartan-associes\/","https:\/\/www.youtube.com\/@clartanassocies3040"],"description":"Maison de gestion ind\u00e9pendante depuis 1986,\u2028Clartan Associ\u00e9s met en \u0153uvre une gestion solide et \u00e9prouv\u00e9e, fond\u00e9e sur la coll\u00e9gialit\u00e9.","email":"contact@clartan.com","telephone":"+33 1 53 77 60 80","legalName":"Clartan Associ\u00e9s","foundingDate":"1986-12-01","vatID":"FR18339485161","taxID":"33948516100097","leiCode":"969500AFMNSMC5R97K50"},{"@type":"Person","@id":"https:\/\/clartan.com\/fr\/#\/schema\/person\/edd2584e8f878387a3307a1a5a91f652","name":"do","image":{"@type":"ImageObject","inLanguage":"fr-FR","@id":"https:\/\/secure.gravatar.com\/avatar\/9599b8ea11a34dbe3d1388029e2f1c6758f746b17ade3ccdb6cb201b8ea25da7?s=96&d=mm&r=g","url":"https:\/\/secure.gravatar.com\/avatar\/9599b8ea11a34dbe3d1388029e2f1c6758f746b17ade3ccdb6cb201b8ea25da7?s=96&d=mm&r=g","contentUrl":"https:\/\/secure.gravatar.com\/avatar\/9599b8ea11a34dbe3d1388029e2f1c6758f746b17ade3ccdb6cb201b8ea25da7?s=96&d=mm&r=g","caption":"do"}}]}},"_links":{"self":[{"href":"https:\/\/clartan.com\/fr\/wp-json\/wp\/v2\/posts\/729","targetHints":{"allow":["GET"]}}],"collection":[{"href":"https:\/\/clartan.com\/fr\/wp-json\/wp\/v2\/posts"}],"about":[{"href":"https:\/\/clartan.com\/fr\/wp-json\/wp\/v2\/types\/post"}],"author":[{"embeddable":true,"href":"https:\/\/clartan.com\/fr\/wp-json\/wp\/v2\/users\/1"}],"replies":[{"embeddable":true,"href":"https:\/\/clartan.com\/fr\/wp-json\/wp\/v2\/comments?post=729"}],"version-history":[{"count":0,"href":"https:\/\/clartan.com\/fr\/wp-json\/wp\/v2\/posts\/729\/revisions"}],"wp:attachment":[{"href":"https:\/\/clartan.com\/fr\/wp-json\/wp\/v2\/media?parent=729"}],"wp:term":[{"taxonomy":"category","embeddable":true,"href":"https:\/\/clartan.com\/fr\/wp-json\/wp\/v2\/categories?post=729"},{"taxonomy":"post_tag","embeddable":true,"href":"https:\/\/clartan.com\/fr\/wp-json\/wp\/v2\/tags?post=729"}],"curies":[{"name":"wp","href":"https:\/\/api.w.org\/{rel}","templated":true}]}}