{"id":762,"date":"2021-11-03T12:45:00","date_gmt":"2021-11-03T11:45:00","guid":{"rendered":"http:\/\/staging-clartan.plp.fr\/fr\/?p=762"},"modified":"2022-10-11T08:44:56","modified_gmt":"2022-10-11T06:44:56","slug":"h24-finance-joli-demarrage-pour-ce-fonds-deja-222-un-apres-son-lancement","status":"publish","type":"post","link":"https:\/\/clartan.com\/fr\/actualites\/presse\/h24-finance-joli-demarrage-pour-ce-fonds-deja-222-un-apres-son-lancement\/","title":{"rendered":"H24 Finance : Joli d\u00e9marrage pour ce fonds : d\u00e9j\u00e0 +22,2% un an apr\u00e8s son lancement\u2026"},"content":{"rendered":"\n<p>Marilou Goueffon et Marc Effgen ont fait le bilan de la gestion de Clartan Ethos ESG Europe Small &amp; Mid Cap pr\u00e8s d\u2019un an apr\u00e8s son lancement le 18 septembre 2020. H24 Finance \u2014 Erik Alme \u2014 03\/11\/2021.<\/p>\n\n\n\n<figure class=\"wp-block-image size-full\"><img loading=\"lazy\" decoding=\"async\" width=\"1016\" height=\"652\" src=\"https:\/\/clartan.com\/fr\/wp-content\/uploads\/2022\/09\/2021_11_03_vignette_actu_h24_un_temoin_dans_la_salle_cet.png\" alt=\"\" class=\"wp-image-3015\" srcset=\"https:\/\/clartan.com\/fr\/wp-content\/uploads\/2022\/09\/2021_11_03_vignette_actu_h24_un_temoin_dans_la_salle_cet.png 1016w, https:\/\/clartan.com\/fr\/wp-content\/uploads\/2022\/09\/2021_11_03_vignette_actu_h24_un_temoin_dans_la_salle_cet-300x193.png 300w, https:\/\/clartan.com\/fr\/wp-content\/uploads\/2022\/09\/2021_11_03_vignette_actu_h24_un_temoin_dans_la_salle_cet-768x493.png 768w\" sizes=\"(max-width: 1016px) 100vw, 1016px\" \/><\/figure>\n\n\n\n<p>La sp\u00e9cificit\u00e9 de Clartan Ethos est de conjuguer une grille d\u2019analyse propri\u00e9taire pouss\u00e9e avec un engagement aupr\u00e8s des entreprises dans une d\u00e9marche de progr\u00e8s.<\/p>\n\n\n\n<p>Pour lire l&rsquo;article, cliquez <a href=\"https:\/\/www.h24finance.com\/news-15454.html\">ici<\/a><\/p>\n","protected":false},"excerpt":{"rendered":"<p>Marilou Goueffon et Marc Effgen ont fait le bilan de la gestion de Clartan Ethos ESG Europe Small &amp; Mid Cap pr\u00e8s d\u2019un an apr\u00e8s son lancement le 18 septembre 2020. H24 Finance \u2014 Erik Alme \u2014 03\/11\/2021. La sp\u00e9cificit\u00e9 de Clartan Ethos est de conjuguer une grille d\u2019analyse propri\u00e9taire pouss\u00e9e avec un engagement aupr\u00e8s [&hellip;]<\/p>\n","protected":false},"author":1,"featured_media":0,"comment_status":"open","ping_status":"open","sticky":false,"template":"","format":"standard","meta":{"_acf_changed":false,"inline_featured_image":false,"footnotes":""},"categories":[25],"tags":[28],"class_list":["post-762","post","type-post","status-publish","format-standard","hentry","category-presse","tag-h24-finance"],"acf":[],"yoast_head":"<!-- This site is optimized with the Yoast SEO Premium plugin v26.2 (Yoast SEO v27.4) - https:\/\/yoast.com\/product\/yoast-seo-premium-wordpress\/ -->\n<title>H24 Finance : Joli d\u00e9marrage pour ce fonds : d\u00e9j\u00e0 +22,2% un an apr\u00e8s son lancement\u2026 - Clartan Associ\u00e9s<\/title>\n<meta name=\"robots\" content=\"index, follow, max-snippet:-1, max-image-preview:large, max-video-preview:-1\" \/>\n<link rel=\"canonical\" href=\"https:\/\/clartan.com\/fr\/actualites\/presse\/h24-finance-joli-demarrage-pour-ce-fonds-deja-222-un-apres-son-lancement\/\" \/>\n<meta property=\"og:locale\" content=\"fr_FR\" \/>\n<meta property=\"og:type\" content=\"article\" \/>\n<meta property=\"og:title\" content=\"H24 Finance : Joli d\u00e9marrage pour ce fonds : d\u00e9j\u00e0 +22,2% un an apr\u00e8s son lancement\u2026\" \/>\n<meta property=\"og:url\" content=\"https:\/\/clartan.com\/fr\/actualites\/presse\/h24-finance-joli-demarrage-pour-ce-fonds-deja-222-un-apres-son-lancement\/\" \/>\n<meta property=\"og:site_name\" content=\"Clartan Associ\u00e9s FR\" \/>\n<meta property=\"article:published_time\" content=\"2021-11-03T11:45:00+00:00\" \/>\n<meta property=\"article:modified_time\" content=\"2022-10-11T06:44:56+00:00\" \/>\n<meta property=\"og:image\" content=\"https:\/\/clartan.com\/fr\/wp-content\/uploads\/2022\/09\/2021_11_03_vignette_actu_h24_un_temoin_dans_la_salle_cet.png\" \/>\n<meta name=\"author\" content=\"do\" \/>\n<meta name=\"twitter:card\" content=\"summary_large_image\" \/>\n<script type=\"application\/ld+json\" class=\"yoast-schema-graph\">{\"@context\":\"https:\\\/\\\/schema.org\",\"@graph\":[{\"@type\":\"Article\",\"@id\":\"https:\\\/\\\/clartan.com\\\/fr\\\/actualites\\\/presse\\\/h24-finance-joli-demarrage-pour-ce-fonds-deja-222-un-apres-son-lancement\\\/#article\",\"isPartOf\":{\"@id\":\"https:\\\/\\\/clartan.com\\\/fr\\\/actualites\\\/presse\\\/h24-finance-joli-demarrage-pour-ce-fonds-deja-222-un-apres-son-lancement\\\/\"},\"author\":{\"name\":\"do\",\"@id\":\"https:\\\/\\\/clartan.com\\\/fr\\\/#\\\/schema\\\/person\\\/edd2584e8f878387a3307a1a5a91f652\"},\"headline\":\"H24 Finance : Joli d\u00e9marrage pour ce fonds : d\u00e9j\u00e0 +22,2% un an apr\u00e8s son lancement\u2026\",\"datePublished\":\"2021-11-03T11:45:00+00:00\",\"dateModified\":\"2022-10-11T06:44:56+00:00\",\"mainEntityOfPage\":{\"@id\":\"https:\\\/\\\/clartan.com\\\/fr\\\/actualites\\\/presse\\\/h24-finance-joli-demarrage-pour-ce-fonds-deja-222-un-apres-son-lancement\\\/\"},\"wordCount\":89,\"commentCount\":0,\"publisher\":{\"@id\":\"https:\\\/\\\/clartan.com\\\/fr\\\/#organization\"},\"image\":{\"@id\":\"https:\\\/\\\/clartan.com\\\/fr\\\/actualites\\\/presse\\\/h24-finance-joli-demarrage-pour-ce-fonds-deja-222-un-apres-son-lancement\\\/#primaryimage\"},\"thumbnailUrl\":\"https:\\\/\\\/clartan.com\\\/fr\\\/wp-content\\\/uploads\\\/2022\\\/09\\\/2021_11_03_vignette_actu_h24_un_temoin_dans_la_salle_cet.png\",\"keywords\":[\"H24 Finance\"],\"articleSection\":[\"Presse\"],\"inLanguage\":\"fr-FR\",\"potentialAction\":[{\"@type\":\"CommentAction\",\"name\":\"Comment\",\"target\":[\"https:\\\/\\\/clartan.com\\\/fr\\\/actualites\\\/presse\\\/h24-finance-joli-demarrage-pour-ce-fonds-deja-222-un-apres-son-lancement\\\/#respond\"]}]},{\"@type\":\"WebPage\",\"@id\":\"https:\\\/\\\/clartan.com\\\/fr\\\/actualites\\\/presse\\\/h24-finance-joli-demarrage-pour-ce-fonds-deja-222-un-apres-son-lancement\\\/\",\"url\":\"https:\\\/\\\/clartan.com\\\/fr\\\/actualites\\\/presse\\\/h24-finance-joli-demarrage-pour-ce-fonds-deja-222-un-apres-son-lancement\\\/\",\"name\":\"H24 Finance : Joli d\u00e9marrage pour ce fonds : d\u00e9j\u00e0 +22,2% un an apr\u00e8s son lancement\u2026 - Clartan Associ\u00e9s\",\"isPartOf\":{\"@id\":\"https:\\\/\\\/clartan.com\\\/fr\\\/#website\"},\"primaryImageOfPage\":{\"@id\":\"https:\\\/\\\/clartan.com\\\/fr\\\/actualites\\\/presse\\\/h24-finance-joli-demarrage-pour-ce-fonds-deja-222-un-apres-son-lancement\\\/#primaryimage\"},\"image\":{\"@id\":\"https:\\\/\\\/clartan.com\\\/fr\\\/actualites\\\/presse\\\/h24-finance-joli-demarrage-pour-ce-fonds-deja-222-un-apres-son-lancement\\\/#primaryimage\"},\"thumbnailUrl\":\"https:\\\/\\\/clartan.com\\\/fr\\\/wp-content\\\/uploads\\\/2022\\\/09\\\/2021_11_03_vignette_actu_h24_un_temoin_dans_la_salle_cet.png\",\"datePublished\":\"2021-11-03T11:45:00+00:00\",\"dateModified\":\"2022-10-11T06:44:56+00:00\",\"breadcrumb\":{\"@id\":\"https:\\\/\\\/clartan.com\\\/fr\\\/actualites\\\/presse\\\/h24-finance-joli-demarrage-pour-ce-fonds-deja-222-un-apres-son-lancement\\\/#breadcrumb\"},\"inLanguage\":\"fr-FR\",\"potentialAction\":[{\"@type\":\"ReadAction\",\"target\":[\"https:\\\/\\\/clartan.com\\\/fr\\\/actualites\\\/presse\\\/h24-finance-joli-demarrage-pour-ce-fonds-deja-222-un-apres-son-lancement\\\/\"]}]},{\"@type\":\"ImageObject\",\"inLanguage\":\"fr-FR\",\"@id\":\"https:\\\/\\\/clartan.com\\\/fr\\\/actualites\\\/presse\\\/h24-finance-joli-demarrage-pour-ce-fonds-deja-222-un-apres-son-lancement\\\/#primaryimage\",\"url\":\"https:\\\/\\\/clartan.com\\\/fr\\\/wp-content\\\/uploads\\\/2022\\\/09\\\/2021_11_03_vignette_actu_h24_un_temoin_dans_la_salle_cet.png\",\"contentUrl\":\"https:\\\/\\\/clartan.com\\\/fr\\\/wp-content\\\/uploads\\\/2022\\\/09\\\/2021_11_03_vignette_actu_h24_un_temoin_dans_la_salle_cet.png\",\"width\":1016,\"height\":652},{\"@type\":\"BreadcrumbList\",\"@id\":\"https:\\\/\\\/clartan.com\\\/fr\\\/actualites\\\/presse\\\/h24-finance-joli-demarrage-pour-ce-fonds-deja-222-un-apres-son-lancement\\\/#breadcrumb\",\"itemListElement\":[{\"@type\":\"ListItem\",\"position\":1,\"name\":\"Accueil\",\"item\":\"https:\\\/\\\/clartan.com\\\/fr\\\/\"},{\"@type\":\"ListItem\",\"position\":2,\"name\":\"H24 Finance : Joli d\u00e9marrage pour ce fonds : d\u00e9j\u00e0 +22,2% un an apr\u00e8s son lancement\u2026\"}]},{\"@type\":\"WebSite\",\"@id\":\"https:\\\/\\\/clartan.com\\\/fr\\\/#website\",\"url\":\"https:\\\/\\\/clartan.com\\\/fr\\\/\",\"name\":\"Clartan Associ\u00e9s FR\",\"description\":\"Maison de Gestion ind\u00e9pendante\",\"publisher\":{\"@id\":\"https:\\\/\\\/clartan.com\\\/fr\\\/#organization\"},\"alternateName\":\"Clartan\",\"potentialAction\":[{\"@type\":\"SearchAction\",\"target\":{\"@type\":\"EntryPoint\",\"urlTemplate\":\"https:\\\/\\\/clartan.com\\\/fr\\\/?s={search_term_string}\"},\"query-input\":{\"@type\":\"PropertyValueSpecification\",\"valueRequired\":true,\"valueName\":\"search_term_string\"}}],\"inLanguage\":\"fr-FR\"},{\"@type\":\"Organization\",\"@id\":\"https:\\\/\\\/clartan.com\\\/fr\\\/#organization\",\"name\":\"Clartan Associ\u00e9s\",\"alternateName\":\"Clartan\",\"url\":\"https:\\\/\\\/clartan.com\\\/fr\\\/\",\"logo\":{\"@type\":\"ImageObject\",\"inLanguage\":\"fr-FR\",\"@id\":\"https:\\\/\\\/clartan.com\\\/fr\\\/#\\\/schema\\\/logo\\\/image\\\/\",\"url\":\"https:\\\/\\\/clartan.com\\\/fr\\\/wp-content\\\/uploads\\\/2025\\\/12\\\/Favicon-2.png\",\"contentUrl\":\"https:\\\/\\\/clartan.com\\\/fr\\\/wp-content\\\/uploads\\\/2025\\\/12\\\/Favicon-2.png\",\"width\":1024,\"height\":1024,\"caption\":\"Clartan Associ\u00e9s\"},\"image\":{\"@id\":\"https:\\\/\\\/clartan.com\\\/fr\\\/#\\\/schema\\\/logo\\\/image\\\/\"},\"sameAs\":[\"https:\\\/\\\/www.linkedin.com\\\/company\\\/clartan-associes\\\/\",\"https:\\\/\\\/www.youtube.com\\\/@clartanassocies3040\"],\"description\":\"Maison de gestion ind\u00e9pendante depuis 1986,\\u2028Clartan Associ\u00e9s met en \u0153uvre une gestion solide et \u00e9prouv\u00e9e, fond\u00e9e sur la coll\u00e9gialit\u00e9.\",\"email\":\"contact@clartan.com\",\"telephone\":\"+33 1 53 77 60 80\",\"legalName\":\"Clartan Associ\u00e9s\",\"foundingDate\":\"1986-12-01\",\"vatID\":\"FR18339485161\",\"taxID\":\"33948516100097\",\"leiCode\":\"969500AFMNSMC5R97K50\"},{\"@type\":\"Person\",\"@id\":\"https:\\\/\\\/clartan.com\\\/fr\\\/#\\\/schema\\\/person\\\/edd2584e8f878387a3307a1a5a91f652\",\"name\":\"do\",\"image\":{\"@type\":\"ImageObject\",\"inLanguage\":\"fr-FR\",\"@id\":\"https:\\\/\\\/secure.gravatar.com\\\/avatar\\\/9599b8ea11a34dbe3d1388029e2f1c6758f746b17ade3ccdb6cb201b8ea25da7?s=96&d=mm&r=g\",\"url\":\"https:\\\/\\\/secure.gravatar.com\\\/avatar\\\/9599b8ea11a34dbe3d1388029e2f1c6758f746b17ade3ccdb6cb201b8ea25da7?s=96&d=mm&r=g\",\"contentUrl\":\"https:\\\/\\\/secure.gravatar.com\\\/avatar\\\/9599b8ea11a34dbe3d1388029e2f1c6758f746b17ade3ccdb6cb201b8ea25da7?s=96&d=mm&r=g\",\"caption\":\"do\"}}]}<\/script>\n<!-- \/ Yoast SEO Premium plugin. -->","yoast_head_json":{"title":"H24 Finance : Joli d\u00e9marrage pour ce fonds : d\u00e9j\u00e0 +22,2% un an apr\u00e8s son lancement\u2026 - Clartan Associ\u00e9s","robots":{"index":"index","follow":"follow","max-snippet":"max-snippet:-1","max-image-preview":"max-image-preview:large","max-video-preview":"max-video-preview:-1"},"canonical":"https:\/\/clartan.com\/fr\/actualites\/presse\/h24-finance-joli-demarrage-pour-ce-fonds-deja-222-un-apres-son-lancement\/","og_locale":"fr_FR","og_type":"article","og_title":"H24 Finance : Joli d\u00e9marrage pour ce fonds : d\u00e9j\u00e0 +22,2% un an apr\u00e8s son lancement\u2026","og_url":"https:\/\/clartan.com\/fr\/actualites\/presse\/h24-finance-joli-demarrage-pour-ce-fonds-deja-222-un-apres-son-lancement\/","og_site_name":"Clartan Associ\u00e9s FR","article_published_time":"2021-11-03T11:45:00+00:00","article_modified_time":"2022-10-11T06:44:56+00:00","og_image":[{"url":"https:\/\/clartan.com\/fr\/wp-content\/uploads\/2022\/09\/2021_11_03_vignette_actu_h24_un_temoin_dans_la_salle_cet.png","type":"","width":"","height":""}],"author":"do","twitter_card":"summary_large_image","schema":{"@context":"https:\/\/schema.org","@graph":[{"@type":"Article","@id":"https:\/\/clartan.com\/fr\/actualites\/presse\/h24-finance-joli-demarrage-pour-ce-fonds-deja-222-un-apres-son-lancement\/#article","isPartOf":{"@id":"https:\/\/clartan.com\/fr\/actualites\/presse\/h24-finance-joli-demarrage-pour-ce-fonds-deja-222-un-apres-son-lancement\/"},"author":{"name":"do","@id":"https:\/\/clartan.com\/fr\/#\/schema\/person\/edd2584e8f878387a3307a1a5a91f652"},"headline":"H24 Finance : Joli d\u00e9marrage pour ce fonds : d\u00e9j\u00e0 +22,2% un an apr\u00e8s son lancement\u2026","datePublished":"2021-11-03T11:45:00+00:00","dateModified":"2022-10-11T06:44:56+00:00","mainEntityOfPage":{"@id":"https:\/\/clartan.com\/fr\/actualites\/presse\/h24-finance-joli-demarrage-pour-ce-fonds-deja-222-un-apres-son-lancement\/"},"wordCount":89,"commentCount":0,"publisher":{"@id":"https:\/\/clartan.com\/fr\/#organization"},"image":{"@id":"https:\/\/clartan.com\/fr\/actualites\/presse\/h24-finance-joli-demarrage-pour-ce-fonds-deja-222-un-apres-son-lancement\/#primaryimage"},"thumbnailUrl":"https:\/\/clartan.com\/fr\/wp-content\/uploads\/2022\/09\/2021_11_03_vignette_actu_h24_un_temoin_dans_la_salle_cet.png","keywords":["H24 Finance"],"articleSection":["Presse"],"inLanguage":"fr-FR","potentialAction":[{"@type":"CommentAction","name":"Comment","target":["https:\/\/clartan.com\/fr\/actualites\/presse\/h24-finance-joli-demarrage-pour-ce-fonds-deja-222-un-apres-son-lancement\/#respond"]}]},{"@type":"WebPage","@id":"https:\/\/clartan.com\/fr\/actualites\/presse\/h24-finance-joli-demarrage-pour-ce-fonds-deja-222-un-apres-son-lancement\/","url":"https:\/\/clartan.com\/fr\/actualites\/presse\/h24-finance-joli-demarrage-pour-ce-fonds-deja-222-un-apres-son-lancement\/","name":"H24 Finance : Joli d\u00e9marrage pour ce fonds : d\u00e9j\u00e0 +22,2% un an apr\u00e8s son lancement\u2026 - Clartan Associ\u00e9s","isPartOf":{"@id":"https:\/\/clartan.com\/fr\/#website"},"primaryImageOfPage":{"@id":"https:\/\/clartan.com\/fr\/actualites\/presse\/h24-finance-joli-demarrage-pour-ce-fonds-deja-222-un-apres-son-lancement\/#primaryimage"},"image":{"@id":"https:\/\/clartan.com\/fr\/actualites\/presse\/h24-finance-joli-demarrage-pour-ce-fonds-deja-222-un-apres-son-lancement\/#primaryimage"},"thumbnailUrl":"https:\/\/clartan.com\/fr\/wp-content\/uploads\/2022\/09\/2021_11_03_vignette_actu_h24_un_temoin_dans_la_salle_cet.png","datePublished":"2021-11-03T11:45:00+00:00","dateModified":"2022-10-11T06:44:56+00:00","breadcrumb":{"@id":"https:\/\/clartan.com\/fr\/actualites\/presse\/h24-finance-joli-demarrage-pour-ce-fonds-deja-222-un-apres-son-lancement\/#breadcrumb"},"inLanguage":"fr-FR","potentialAction":[{"@type":"ReadAction","target":["https:\/\/clartan.com\/fr\/actualites\/presse\/h24-finance-joli-demarrage-pour-ce-fonds-deja-222-un-apres-son-lancement\/"]}]},{"@type":"ImageObject","inLanguage":"fr-FR","@id":"https:\/\/clartan.com\/fr\/actualites\/presse\/h24-finance-joli-demarrage-pour-ce-fonds-deja-222-un-apres-son-lancement\/#primaryimage","url":"https:\/\/clartan.com\/fr\/wp-content\/uploads\/2022\/09\/2021_11_03_vignette_actu_h24_un_temoin_dans_la_salle_cet.png","contentUrl":"https:\/\/clartan.com\/fr\/wp-content\/uploads\/2022\/09\/2021_11_03_vignette_actu_h24_un_temoin_dans_la_salle_cet.png","width":1016,"height":652},{"@type":"BreadcrumbList","@id":"https:\/\/clartan.com\/fr\/actualites\/presse\/h24-finance-joli-demarrage-pour-ce-fonds-deja-222-un-apres-son-lancement\/#breadcrumb","itemListElement":[{"@type":"ListItem","position":1,"name":"Accueil","item":"https:\/\/clartan.com\/fr\/"},{"@type":"ListItem","position":2,"name":"H24 Finance : Joli d\u00e9marrage pour ce fonds : d\u00e9j\u00e0 +22,2% un an apr\u00e8s son lancement\u2026"}]},{"@type":"WebSite","@id":"https:\/\/clartan.com\/fr\/#website","url":"https:\/\/clartan.com\/fr\/","name":"Clartan Associ\u00e9s FR","description":"Maison de Gestion ind\u00e9pendante","publisher":{"@id":"https:\/\/clartan.com\/fr\/#organization"},"alternateName":"Clartan","potentialAction":[{"@type":"SearchAction","target":{"@type":"EntryPoint","urlTemplate":"https:\/\/clartan.com\/fr\/?s={search_term_string}"},"query-input":{"@type":"PropertyValueSpecification","valueRequired":true,"valueName":"search_term_string"}}],"inLanguage":"fr-FR"},{"@type":"Organization","@id":"https:\/\/clartan.com\/fr\/#organization","name":"Clartan Associ\u00e9s","alternateName":"Clartan","url":"https:\/\/clartan.com\/fr\/","logo":{"@type":"ImageObject","inLanguage":"fr-FR","@id":"https:\/\/clartan.com\/fr\/#\/schema\/logo\/image\/","url":"https:\/\/clartan.com\/fr\/wp-content\/uploads\/2025\/12\/Favicon-2.png","contentUrl":"https:\/\/clartan.com\/fr\/wp-content\/uploads\/2025\/12\/Favicon-2.png","width":1024,"height":1024,"caption":"Clartan Associ\u00e9s"},"image":{"@id":"https:\/\/clartan.com\/fr\/#\/schema\/logo\/image\/"},"sameAs":["https:\/\/www.linkedin.com\/company\/clartan-associes\/","https:\/\/www.youtube.com\/@clartanassocies3040"],"description":"Maison de gestion ind\u00e9pendante depuis 1986,\u2028Clartan Associ\u00e9s met en \u0153uvre une gestion solide et \u00e9prouv\u00e9e, fond\u00e9e sur la coll\u00e9gialit\u00e9.","email":"contact@clartan.com","telephone":"+33 1 53 77 60 80","legalName":"Clartan Associ\u00e9s","foundingDate":"1986-12-01","vatID":"FR18339485161","taxID":"33948516100097","leiCode":"969500AFMNSMC5R97K50"},{"@type":"Person","@id":"https:\/\/clartan.com\/fr\/#\/schema\/person\/edd2584e8f878387a3307a1a5a91f652","name":"do","image":{"@type":"ImageObject","inLanguage":"fr-FR","@id":"https:\/\/secure.gravatar.com\/avatar\/9599b8ea11a34dbe3d1388029e2f1c6758f746b17ade3ccdb6cb201b8ea25da7?s=96&d=mm&r=g","url":"https:\/\/secure.gravatar.com\/avatar\/9599b8ea11a34dbe3d1388029e2f1c6758f746b17ade3ccdb6cb201b8ea25da7?s=96&d=mm&r=g","contentUrl":"https:\/\/secure.gravatar.com\/avatar\/9599b8ea11a34dbe3d1388029e2f1c6758f746b17ade3ccdb6cb201b8ea25da7?s=96&d=mm&r=g","caption":"do"}}]}},"_links":{"self":[{"href":"https:\/\/clartan.com\/fr\/wp-json\/wp\/v2\/posts\/762","targetHints":{"allow":["GET"]}}],"collection":[{"href":"https:\/\/clartan.com\/fr\/wp-json\/wp\/v2\/posts"}],"about":[{"href":"https:\/\/clartan.com\/fr\/wp-json\/wp\/v2\/types\/post"}],"author":[{"embeddable":true,"href":"https:\/\/clartan.com\/fr\/wp-json\/wp\/v2\/users\/1"}],"replies":[{"embeddable":true,"href":"https:\/\/clartan.com\/fr\/wp-json\/wp\/v2\/comments?post=762"}],"version-history":[{"count":0,"href":"https:\/\/clartan.com\/fr\/wp-json\/wp\/v2\/posts\/762\/revisions"}],"wp:attachment":[{"href":"https:\/\/clartan.com\/fr\/wp-json\/wp\/v2\/media?parent=762"}],"wp:term":[{"taxonomy":"category","embeddable":true,"href":"https:\/\/clartan.com\/fr\/wp-json\/wp\/v2\/categories?post=762"},{"taxonomy":"post_tag","embeddable":true,"href":"https:\/\/clartan.com\/fr\/wp-json\/wp\/v2\/tags?post=762"}],"curies":[{"name":"wp","href":"https:\/\/api.w.org\/{rel}","templated":true}]}}