{"id":8008,"date":"2024-06-14T19:02:33","date_gmt":"2024-06-14T17:02:33","guid":{"rendered":"https:\/\/www.clartan.com\/fr\/?p=8008"},"modified":"2024-06-17T10:26:37","modified_gmt":"2024-06-17T08:26:37","slug":"clartan-associes-etait-present-au-midsommar-du-patrimoine-cncgp-acte-2","status":"publish","type":"post","link":"https:\/\/clartan.com\/fr\/actualites\/clartan-associes-etait-present-au-midsommar-du-patrimoine-cncgp-acte-2\/","title":{"rendered":"Clartan Associ\u00e9s \u00e9tait pr\u00e9sent au MidSommar du Patrimoine CNCGP &#8211; Acte 2"},"content":{"rendered":"\n<p class=\"has-large-font-size\">Clartan Associ\u00e9s a eu l&rsquo;honneur d&rsquo;\u00eatre partenaire de ce bel \u00e9v\u00e8nement organis\u00e9 avec brio par les \u00e9quipes de la CNCGP &#8211; Chambre Nationale des Conseils en Gestion de Patrimoine, le 13 juin 2024.<\/p>\n\n\n\n<p>Une deuxi\u00e8me \u00e9dition tr\u00e8s r\u00e9ussie, riche en rencontres, \u00e9changes et d\u00e9couvertes. <\/p>\n\n\n\n<p>Deux lieux d&rsquo;exception : la Salle Gaveau o\u00f9 nous avons avons pu assister notamment \u00e0 une table ronde avec l&rsquo;intervention du Ministre de l&rsquo;\u00c9conomie, des Finances et de l&rsquo;Industrie &#8211; Monsieur Bruno Le Maire.<\/p>\n\n\n\n<p>Et l&rsquo;Op\u00e9ra National de Paris &#8211; Palais Garnier, pour une soir\u00e9e d&rsquo;\u00e9changes conviviaux rythm\u00e9e par diverses prestations artistiques (musiciens, cantatrice, danseurs, &#8230;)<br><br>Merci \u00e0 tous les adh\u00e9rents et partenaires, qui \u00e9taient pr\u00e9sents en nombre, pour ces instants partag\u00e9s.<br><br><a href=\"https:\/\/www.linkedin.com\/in\/ACoAAAMka1YBovBEyelI6HG5CfGlYVu3et6p4xo\"><\/a><a href=\"https:\/\/www.linkedin.com\/in\/michel-legros-41a7a415\/\">Michel Legros<\/a> &#8211; <a href=\"https:\/\/www.linkedin.com\/in\/ACoAACFQ4j8Bk_o72QmxLSiTPuhO2Z76tSDdLtQ\"><\/a><a href=\"https:\/\/www.linkedin.com\/in\/matthieu-esplacaton-993235137\/\">Matthieu Esplacaton<\/a> &#8211; <a href=\"https:\/\/www.linkedin.com\/in\/ACoAAB0TkLcBBPe_uckQ9dOf_NHfuxEakoMY42E\"><\/a><a href=\"https:\/\/www.linkedin.com\/in\/delphine-sellier-133454117\/\">Delphine Sellier<\/a><\/p>\n\n\n\n<p>L\u2019\u00e9quipe de Clartan Associ\u00e9s reste \u00e0 votre disposition pour tout compl\u00e9ment d\u2019information.<\/p>\n\n\n\n<figure class=\"wp-block-gallery has-nested-images columns-default is-cropped wp-block-gallery-1 is-layout-flex wp-block-gallery-is-layout-flex\">\n<figure class=\"wp-block-image size-large\"><img loading=\"lazy\" decoding=\"async\" width=\"576\" height=\"1024\" data-id=\"8010\" src=\"https:\/\/clartan.com\/fr\/wp-content\/uploads\/2023\/06\/DSC_0077-576x1024.jpg\" alt=\"\" class=\"wp-image-8010\" srcset=\"https:\/\/clartan.com\/fr\/wp-content\/uploads\/2023\/06\/DSC_0077-576x1024.jpg 576w, https:\/\/clartan.com\/fr\/wp-content\/uploads\/2023\/06\/DSC_0077-169x300.jpg 169w, https:\/\/clartan.com\/fr\/wp-content\/uploads\/2023\/06\/DSC_0077-768x1365.jpg 768w, https:\/\/clartan.com\/fr\/wp-content\/uploads\/2023\/06\/DSC_0077-864x1536.jpg 864w, https:\/\/clartan.com\/fr\/wp-content\/uploads\/2023\/06\/DSC_0077-1152x2048.jpg 1152w, https:\/\/clartan.com\/fr\/wp-content\/uploads\/2023\/06\/DSC_0077-scaled.jpg 1440w\" sizes=\"(max-width: 576px) 100vw, 576px\" \/><\/figure>\n\n\n\n<figure class=\"wp-block-image size-large\"><img decoding=\"async\" data-id=\"8011\" src=\"https:\/\/clartan.com\/fr\/wp-content\/uploads\/2023\/06\/DSC_0085-576x1024.jpg\" alt=\"\" class=\"wp-image-8011\" \/><\/figure>\n\n\n\n<figure class=\"wp-block-image size-large\"><img loading=\"lazy\" decoding=\"async\" width=\"576\" height=\"1024\" data-id=\"8016\" src=\"https:\/\/clartan.com\/fr\/wp-content\/uploads\/2024\/06\/DSC_0082-576x1024.jpg\" alt=\"\" class=\"wp-image-8016\" srcset=\"https:\/\/clartan.com\/fr\/wp-content\/uploads\/2024\/06\/DSC_0082-576x1024.jpg 576w, https:\/\/clartan.com\/fr\/wp-content\/uploads\/2024\/06\/DSC_0082-169x300.jpg 169w, https:\/\/clartan.com\/fr\/wp-content\/uploads\/2024\/06\/DSC_0082-768x1365.jpg 768w, https:\/\/clartan.com\/fr\/wp-content\/uploads\/2024\/06\/DSC_0082-864x1536.jpg 864w, https:\/\/clartan.com\/fr\/wp-content\/uploads\/2024\/06\/DSC_0082-1152x2048.jpg 1152w, https:\/\/clartan.com\/fr\/wp-content\/uploads\/2024\/06\/DSC_0082-scaled.jpg 1440w\" sizes=\"(max-width: 576px) 100vw, 576px\" \/><\/figure>\n\n\n\n<figure class=\"wp-block-image size-large\"><img loading=\"lazy\" decoding=\"async\" width=\"1036\" height=\"583\" data-id=\"8012\" src=\"https:\/\/clartan.com\/fr\/wp-content\/uploads\/2023\/06\/DSC_0080-1036x583.jpg\" alt=\"\" class=\"wp-image-8012\" srcset=\"https:\/\/clartan.com\/fr\/wp-content\/uploads\/2023\/06\/DSC_0080-1036x583.jpg 1036w, https:\/\/clartan.com\/fr\/wp-content\/uploads\/2023\/06\/DSC_0080-300x169.jpg 300w, https:\/\/clartan.com\/fr\/wp-content\/uploads\/2023\/06\/DSC_0080-768x432.jpg 768w, https:\/\/clartan.com\/fr\/wp-content\/uploads\/2023\/06\/DSC_0080-1536x864.jpg 1536w, https:\/\/clartan.com\/fr\/wp-content\/uploads\/2023\/06\/DSC_0080-2048x1152.jpg 2048w\" sizes=\"(max-width: 1036px) 100vw, 1036px\" \/><\/figure>\n<\/figure>\n","protected":false},"excerpt":{"rendered":"<p>Clartan Associ\u00e9s a eu l&rsquo;honneur d&rsquo;\u00eatre partenaire de ce bel \u00e9v\u00e8nement organis\u00e9 avec brio par les \u00e9quipes de la CNCGP &#8211; Chambre Nationale des Conseils en Gestion de Patrimoine, le 13 juin 2024.<\/p>\n<p>Une deuxi\u00e8me \u00e9dition tr\u00e8s r\u00e9ussie, riche en rencontres, \u00e9changes et d\u00e9couvertes.<\/p>\n","protected":false},"author":11,"featured_media":8017,"comment_status":"closed","ping_status":"closed","sticky":false,"template":"","format":"standard","meta":{"_acf_changed":false,"inline_featured_image":false,"footnotes":""},"categories":[5,6],"tags":[],"class_list":["post-8008","post","type-post","status-publish","format-standard","has-post-thumbnail","hentry","category-actualites","category-evenements"],"acf":[],"yoast_head":"<!-- This site is optimized with the Yoast SEO Premium plugin v26.2 (Yoast SEO v27.4) - https:\/\/yoast.com\/product\/yoast-seo-premium-wordpress\/ -->\n<title>Clartan Associ\u00e9s \u00e9tait pr\u00e9sent au MidSommar du Patrimoine CNCGP - Acte 2 - Clartan Associ\u00e9s<\/title>\n<meta name=\"robots\" content=\"index, follow, max-snippet:-1, max-image-preview:large, max-video-preview:-1\" \/>\n<link rel=\"canonical\" href=\"https:\/\/clartan.com\/fr\/actualites\/clartan-associes-etait-present-au-midsommar-du-patrimoine-cncgp-acte-2\/\" \/>\n<meta property=\"og:locale\" content=\"fr_FR\" \/>\n<meta property=\"og:type\" content=\"article\" \/>\n<meta property=\"og:title\" content=\"Clartan Associ\u00e9s \u00e9tait pr\u00e9sent au MidSommar du Patrimoine CNCGP - Acte 2\" \/>\n<meta property=\"og:url\" content=\"https:\/\/clartan.com\/fr\/actualites\/clartan-associes-etait-present-au-midsommar-du-patrimoine-cncgp-acte-2\/\" \/>\n<meta property=\"og:site_name\" content=\"Clartan Associ\u00e9s FR\" \/>\n<meta property=\"article:published_time\" content=\"2024-06-14T17:02:33+00:00\" \/>\n<meta property=\"article:modified_time\" content=\"2024-06-17T08:26:37+00:00\" \/>\n<meta property=\"og:image\" content=\"https:\/\/clartan.com\/fr\/wp-content\/uploads\/2024\/06\/Vignette-Midsommar-CNCGP-2024.png\" \/>\n\t<meta property=\"og:image:width\" content=\"1126\" \/>\n\t<meta property=\"og:image:height\" content=\"652\" \/>\n\t<meta property=\"og:image:type\" content=\"image\/png\" \/>\n<meta name=\"author\" content=\"Delphine Sellier\" \/>\n<meta name=\"twitter:card\" content=\"summary_large_image\" \/>\n<script type=\"application\/ld+json\" class=\"yoast-schema-graph\">{\"@context\":\"https:\\\/\\\/schema.org\",\"@graph\":[{\"@type\":\"Article\",\"@id\":\"https:\\\/\\\/clartan.com\\\/fr\\\/actualites\\\/clartan-associes-etait-present-au-midsommar-du-patrimoine-cncgp-acte-2\\\/#article\",\"isPartOf\":{\"@id\":\"https:\\\/\\\/clartan.com\\\/fr\\\/actualites\\\/clartan-associes-etait-present-au-midsommar-du-patrimoine-cncgp-acte-2\\\/\"},\"author\":{\"name\":\"Delphine Sellier\",\"@id\":\"https:\\\/\\\/clartan.com\\\/fr\\\/#\\\/schema\\\/person\\\/9a62374662943eff1a12d1e57247ec51\"},\"headline\":\"Clartan Associ\u00e9s \u00e9tait pr\u00e9sent au MidSommar du Patrimoine CNCGP &#8211; Acte 2\",\"datePublished\":\"2024-06-14T17:02:33+00:00\",\"dateModified\":\"2024-06-17T08:26:37+00:00\",\"mainEntityOfPage\":{\"@id\":\"https:\\\/\\\/clartan.com\\\/fr\\\/actualites\\\/clartan-associes-etait-present-au-midsommar-du-patrimoine-cncgp-acte-2\\\/\"},\"wordCount\":166,\"publisher\":{\"@id\":\"https:\\\/\\\/clartan.com\\\/fr\\\/#organization\"},\"image\":{\"@id\":\"https:\\\/\\\/clartan.com\\\/fr\\\/actualites\\\/clartan-associes-etait-present-au-midsommar-du-patrimoine-cncgp-acte-2\\\/#primaryimage\"},\"thumbnailUrl\":\"https:\\\/\\\/clartan.com\\\/fr\\\/wp-content\\\/uploads\\\/2024\\\/06\\\/Vignette-Midsommar-CNCGP-2024.png\",\"articleSection\":[\"Actualit\u00e9s\",\"\u00c9v\u00e9nements\"],\"inLanguage\":\"fr-FR\"},{\"@type\":\"WebPage\",\"@id\":\"https:\\\/\\\/clartan.com\\\/fr\\\/actualites\\\/clartan-associes-etait-present-au-midsommar-du-patrimoine-cncgp-acte-2\\\/\",\"url\":\"https:\\\/\\\/clartan.com\\\/fr\\\/actualites\\\/clartan-associes-etait-present-au-midsommar-du-patrimoine-cncgp-acte-2\\\/\",\"name\":\"Clartan Associ\u00e9s \u00e9tait pr\u00e9sent au MidSommar du Patrimoine CNCGP - Acte 2 - Clartan Associ\u00e9s\",\"isPartOf\":{\"@id\":\"https:\\\/\\\/clartan.com\\\/fr\\\/#website\"},\"primaryImageOfPage\":{\"@id\":\"https:\\\/\\\/clartan.com\\\/fr\\\/actualites\\\/clartan-associes-etait-present-au-midsommar-du-patrimoine-cncgp-acte-2\\\/#primaryimage\"},\"image\":{\"@id\":\"https:\\\/\\\/clartan.com\\\/fr\\\/actualites\\\/clartan-associes-etait-present-au-midsommar-du-patrimoine-cncgp-acte-2\\\/#primaryimage\"},\"thumbnailUrl\":\"https:\\\/\\\/clartan.com\\\/fr\\\/wp-content\\\/uploads\\\/2024\\\/06\\\/Vignette-Midsommar-CNCGP-2024.png\",\"datePublished\":\"2024-06-14T17:02:33+00:00\",\"dateModified\":\"2024-06-17T08:26:37+00:00\",\"breadcrumb\":{\"@id\":\"https:\\\/\\\/clartan.com\\\/fr\\\/actualites\\\/clartan-associes-etait-present-au-midsommar-du-patrimoine-cncgp-acte-2\\\/#breadcrumb\"},\"inLanguage\":\"fr-FR\",\"potentialAction\":[{\"@type\":\"ReadAction\",\"target\":[\"https:\\\/\\\/clartan.com\\\/fr\\\/actualites\\\/clartan-associes-etait-present-au-midsommar-du-patrimoine-cncgp-acte-2\\\/\"]}]},{\"@type\":\"ImageObject\",\"inLanguage\":\"fr-FR\",\"@id\":\"https:\\\/\\\/clartan.com\\\/fr\\\/actualites\\\/clartan-associes-etait-present-au-midsommar-du-patrimoine-cncgp-acte-2\\\/#primaryimage\",\"url\":\"https:\\\/\\\/clartan.com\\\/fr\\\/wp-content\\\/uploads\\\/2024\\\/06\\\/Vignette-Midsommar-CNCGP-2024.png\",\"contentUrl\":\"https:\\\/\\\/clartan.com\\\/fr\\\/wp-content\\\/uploads\\\/2024\\\/06\\\/Vignette-Midsommar-CNCGP-2024.png\",\"width\":1126,\"height\":652},{\"@type\":\"BreadcrumbList\",\"@id\":\"https:\\\/\\\/clartan.com\\\/fr\\\/actualites\\\/clartan-associes-etait-present-au-midsommar-du-patrimoine-cncgp-acte-2\\\/#breadcrumb\",\"itemListElement\":[{\"@type\":\"ListItem\",\"position\":1,\"name\":\"Accueil\",\"item\":\"https:\\\/\\\/clartan.com\\\/fr\\\/\"},{\"@type\":\"ListItem\",\"position\":2,\"name\":\"Clartan Associ\u00e9s \u00e9tait pr\u00e9sent au MidSommar du Patrimoine CNCGP &#8211; Acte 2\"}]},{\"@type\":\"WebSite\",\"@id\":\"https:\\\/\\\/clartan.com\\\/fr\\\/#website\",\"url\":\"https:\\\/\\\/clartan.com\\\/fr\\\/\",\"name\":\"Clartan Associ\u00e9s FR\",\"description\":\"Maison de Gestion ind\u00e9pendante\",\"publisher\":{\"@id\":\"https:\\\/\\\/clartan.com\\\/fr\\\/#organization\"},\"alternateName\":\"Clartan\",\"potentialAction\":[{\"@type\":\"SearchAction\",\"target\":{\"@type\":\"EntryPoint\",\"urlTemplate\":\"https:\\\/\\\/clartan.com\\\/fr\\\/?s={search_term_string}\"},\"query-input\":{\"@type\":\"PropertyValueSpecification\",\"valueRequired\":true,\"valueName\":\"search_term_string\"}}],\"inLanguage\":\"fr-FR\"},{\"@type\":\"Organization\",\"@id\":\"https:\\\/\\\/clartan.com\\\/fr\\\/#organization\",\"name\":\"Clartan Associ\u00e9s\",\"alternateName\":\"Clartan\",\"url\":\"https:\\\/\\\/clartan.com\\\/fr\\\/\",\"logo\":{\"@type\":\"ImageObject\",\"inLanguage\":\"fr-FR\",\"@id\":\"https:\\\/\\\/clartan.com\\\/fr\\\/#\\\/schema\\\/logo\\\/image\\\/\",\"url\":\"https:\\\/\\\/clartan.com\\\/fr\\\/wp-content\\\/uploads\\\/2025\\\/12\\\/Favicon-2.png\",\"contentUrl\":\"https:\\\/\\\/clartan.com\\\/fr\\\/wp-content\\\/uploads\\\/2025\\\/12\\\/Favicon-2.png\",\"width\":1024,\"height\":1024,\"caption\":\"Clartan Associ\u00e9s\"},\"image\":{\"@id\":\"https:\\\/\\\/clartan.com\\\/fr\\\/#\\\/schema\\\/logo\\\/image\\\/\"},\"sameAs\":[\"https:\\\/\\\/www.linkedin.com\\\/company\\\/clartan-associes\\\/\",\"https:\\\/\\\/www.youtube.com\\\/@clartanassocies3040\"],\"description\":\"Maison de gestion ind\u00e9pendante depuis 1986,\\u2028Clartan Associ\u00e9s met en \u0153uvre une gestion solide et \u00e9prouv\u00e9e, fond\u00e9e sur la coll\u00e9gialit\u00e9.\",\"email\":\"contact@clartan.com\",\"telephone\":\"+33 1 53 77 60 80\",\"legalName\":\"Clartan Associ\u00e9s\",\"foundingDate\":\"1986-12-01\",\"vatID\":\"FR18339485161\",\"taxID\":\"33948516100097\",\"leiCode\":\"969500AFMNSMC5R97K50\"},{\"@type\":\"Person\",\"@id\":\"https:\\\/\\\/clartan.com\\\/fr\\\/#\\\/schema\\\/person\\\/9a62374662943eff1a12d1e57247ec51\",\"name\":\"Delphine Sellier\",\"image\":{\"@type\":\"ImageObject\",\"inLanguage\":\"fr-FR\",\"@id\":\"https:\\\/\\\/secure.gravatar.com\\\/avatar\\\/9a5b91dbfa7cacd3b581d3d0b3136dc5bee58f53349e720bbc58d0a702584b7a?s=96&d=mm&r=g\",\"url\":\"https:\\\/\\\/secure.gravatar.com\\\/avatar\\\/9a5b91dbfa7cacd3b581d3d0b3136dc5bee58f53349e720bbc58d0a702584b7a?s=96&d=mm&r=g\",\"contentUrl\":\"https:\\\/\\\/secure.gravatar.com\\\/avatar\\\/9a5b91dbfa7cacd3b581d3d0b3136dc5bee58f53349e720bbc58d0a702584b7a?s=96&d=mm&r=g\",\"caption\":\"Delphine Sellier\"}}]}<\/script>\n<!-- \/ Yoast SEO Premium plugin. -->","yoast_head_json":{"title":"Clartan Associ\u00e9s \u00e9tait pr\u00e9sent au MidSommar du Patrimoine CNCGP - Acte 2 - Clartan Associ\u00e9s","robots":{"index":"index","follow":"follow","max-snippet":"max-snippet:-1","max-image-preview":"max-image-preview:large","max-video-preview":"max-video-preview:-1"},"canonical":"https:\/\/clartan.com\/fr\/actualites\/clartan-associes-etait-present-au-midsommar-du-patrimoine-cncgp-acte-2\/","og_locale":"fr_FR","og_type":"article","og_title":"Clartan Associ\u00e9s \u00e9tait pr\u00e9sent au MidSommar du Patrimoine CNCGP - Acte 2","og_url":"https:\/\/clartan.com\/fr\/actualites\/clartan-associes-etait-present-au-midsommar-du-patrimoine-cncgp-acte-2\/","og_site_name":"Clartan Associ\u00e9s FR","article_published_time":"2024-06-14T17:02:33+00:00","article_modified_time":"2024-06-17T08:26:37+00:00","og_image":[{"width":1126,"height":652,"url":"https:\/\/clartan.com\/fr\/wp-content\/uploads\/2024\/06\/Vignette-Midsommar-CNCGP-2024.png","type":"image\/png"}],"author":"Delphine Sellier","twitter_card":"summary_large_image","schema":{"@context":"https:\/\/schema.org","@graph":[{"@type":"Article","@id":"https:\/\/clartan.com\/fr\/actualites\/clartan-associes-etait-present-au-midsommar-du-patrimoine-cncgp-acte-2\/#article","isPartOf":{"@id":"https:\/\/clartan.com\/fr\/actualites\/clartan-associes-etait-present-au-midsommar-du-patrimoine-cncgp-acte-2\/"},"author":{"name":"Delphine Sellier","@id":"https:\/\/clartan.com\/fr\/#\/schema\/person\/9a62374662943eff1a12d1e57247ec51"},"headline":"Clartan Associ\u00e9s \u00e9tait pr\u00e9sent au MidSommar du Patrimoine CNCGP &#8211; Acte 2","datePublished":"2024-06-14T17:02:33+00:00","dateModified":"2024-06-17T08:26:37+00:00","mainEntityOfPage":{"@id":"https:\/\/clartan.com\/fr\/actualites\/clartan-associes-etait-present-au-midsommar-du-patrimoine-cncgp-acte-2\/"},"wordCount":166,"publisher":{"@id":"https:\/\/clartan.com\/fr\/#organization"},"image":{"@id":"https:\/\/clartan.com\/fr\/actualites\/clartan-associes-etait-present-au-midsommar-du-patrimoine-cncgp-acte-2\/#primaryimage"},"thumbnailUrl":"https:\/\/clartan.com\/fr\/wp-content\/uploads\/2024\/06\/Vignette-Midsommar-CNCGP-2024.png","articleSection":["Actualit\u00e9s","\u00c9v\u00e9nements"],"inLanguage":"fr-FR"},{"@type":"WebPage","@id":"https:\/\/clartan.com\/fr\/actualites\/clartan-associes-etait-present-au-midsommar-du-patrimoine-cncgp-acte-2\/","url":"https:\/\/clartan.com\/fr\/actualites\/clartan-associes-etait-present-au-midsommar-du-patrimoine-cncgp-acte-2\/","name":"Clartan Associ\u00e9s \u00e9tait pr\u00e9sent au MidSommar du Patrimoine CNCGP - Acte 2 - Clartan Associ\u00e9s","isPartOf":{"@id":"https:\/\/clartan.com\/fr\/#website"},"primaryImageOfPage":{"@id":"https:\/\/clartan.com\/fr\/actualites\/clartan-associes-etait-present-au-midsommar-du-patrimoine-cncgp-acte-2\/#primaryimage"},"image":{"@id":"https:\/\/clartan.com\/fr\/actualites\/clartan-associes-etait-present-au-midsommar-du-patrimoine-cncgp-acte-2\/#primaryimage"},"thumbnailUrl":"https:\/\/clartan.com\/fr\/wp-content\/uploads\/2024\/06\/Vignette-Midsommar-CNCGP-2024.png","datePublished":"2024-06-14T17:02:33+00:00","dateModified":"2024-06-17T08:26:37+00:00","breadcrumb":{"@id":"https:\/\/clartan.com\/fr\/actualites\/clartan-associes-etait-present-au-midsommar-du-patrimoine-cncgp-acte-2\/#breadcrumb"},"inLanguage":"fr-FR","potentialAction":[{"@type":"ReadAction","target":["https:\/\/clartan.com\/fr\/actualites\/clartan-associes-etait-present-au-midsommar-du-patrimoine-cncgp-acte-2\/"]}]},{"@type":"ImageObject","inLanguage":"fr-FR","@id":"https:\/\/clartan.com\/fr\/actualites\/clartan-associes-etait-present-au-midsommar-du-patrimoine-cncgp-acte-2\/#primaryimage","url":"https:\/\/clartan.com\/fr\/wp-content\/uploads\/2024\/06\/Vignette-Midsommar-CNCGP-2024.png","contentUrl":"https:\/\/clartan.com\/fr\/wp-content\/uploads\/2024\/06\/Vignette-Midsommar-CNCGP-2024.png","width":1126,"height":652},{"@type":"BreadcrumbList","@id":"https:\/\/clartan.com\/fr\/actualites\/clartan-associes-etait-present-au-midsommar-du-patrimoine-cncgp-acte-2\/#breadcrumb","itemListElement":[{"@type":"ListItem","position":1,"name":"Accueil","item":"https:\/\/clartan.com\/fr\/"},{"@type":"ListItem","position":2,"name":"Clartan Associ\u00e9s \u00e9tait pr\u00e9sent au MidSommar du Patrimoine CNCGP &#8211; Acte 2"}]},{"@type":"WebSite","@id":"https:\/\/clartan.com\/fr\/#website","url":"https:\/\/clartan.com\/fr\/","name":"Clartan Associ\u00e9s FR","description":"Maison de Gestion ind\u00e9pendante","publisher":{"@id":"https:\/\/clartan.com\/fr\/#organization"},"alternateName":"Clartan","potentialAction":[{"@type":"SearchAction","target":{"@type":"EntryPoint","urlTemplate":"https:\/\/clartan.com\/fr\/?s={search_term_string}"},"query-input":{"@type":"PropertyValueSpecification","valueRequired":true,"valueName":"search_term_string"}}],"inLanguage":"fr-FR"},{"@type":"Organization","@id":"https:\/\/clartan.com\/fr\/#organization","name":"Clartan Associ\u00e9s","alternateName":"Clartan","url":"https:\/\/clartan.com\/fr\/","logo":{"@type":"ImageObject","inLanguage":"fr-FR","@id":"https:\/\/clartan.com\/fr\/#\/schema\/logo\/image\/","url":"https:\/\/clartan.com\/fr\/wp-content\/uploads\/2025\/12\/Favicon-2.png","contentUrl":"https:\/\/clartan.com\/fr\/wp-content\/uploads\/2025\/12\/Favicon-2.png","width":1024,"height":1024,"caption":"Clartan Associ\u00e9s"},"image":{"@id":"https:\/\/clartan.com\/fr\/#\/schema\/logo\/image\/"},"sameAs":["https:\/\/www.linkedin.com\/company\/clartan-associes\/","https:\/\/www.youtube.com\/@clartanassocies3040"],"description":"Maison de gestion ind\u00e9pendante depuis 1986,\u2028Clartan Associ\u00e9s met en \u0153uvre une gestion solide et \u00e9prouv\u00e9e, fond\u00e9e sur la coll\u00e9gialit\u00e9.","email":"contact@clartan.com","telephone":"+33 1 53 77 60 80","legalName":"Clartan Associ\u00e9s","foundingDate":"1986-12-01","vatID":"FR18339485161","taxID":"33948516100097","leiCode":"969500AFMNSMC5R97K50"},{"@type":"Person","@id":"https:\/\/clartan.com\/fr\/#\/schema\/person\/9a62374662943eff1a12d1e57247ec51","name":"Delphine Sellier","image":{"@type":"ImageObject","inLanguage":"fr-FR","@id":"https:\/\/secure.gravatar.com\/avatar\/9a5b91dbfa7cacd3b581d3d0b3136dc5bee58f53349e720bbc58d0a702584b7a?s=96&d=mm&r=g","url":"https:\/\/secure.gravatar.com\/avatar\/9a5b91dbfa7cacd3b581d3d0b3136dc5bee58f53349e720bbc58d0a702584b7a?s=96&d=mm&r=g","contentUrl":"https:\/\/secure.gravatar.com\/avatar\/9a5b91dbfa7cacd3b581d3d0b3136dc5bee58f53349e720bbc58d0a702584b7a?s=96&d=mm&r=g","caption":"Delphine Sellier"}}]}},"_links":{"self":[{"href":"https:\/\/clartan.com\/fr\/wp-json\/wp\/v2\/posts\/8008","targetHints":{"allow":["GET"]}}],"collection":[{"href":"https:\/\/clartan.com\/fr\/wp-json\/wp\/v2\/posts"}],"about":[{"href":"https:\/\/clartan.com\/fr\/wp-json\/wp\/v2\/types\/post"}],"author":[{"embeddable":true,"href":"https:\/\/clartan.com\/fr\/wp-json\/wp\/v2\/users\/11"}],"replies":[{"embeddable":true,"href":"https:\/\/clartan.com\/fr\/wp-json\/wp\/v2\/comments?post=8008"}],"version-history":[{"count":4,"href":"https:\/\/clartan.com\/fr\/wp-json\/wp\/v2\/posts\/8008\/revisions"}],"predecessor-version":[{"id":8024,"href":"https:\/\/clartan.com\/fr\/wp-json\/wp\/v2\/posts\/8008\/revisions\/8024"}],"wp:featuredmedia":[{"embeddable":true,"href":"https:\/\/clartan.com\/fr\/wp-json\/wp\/v2\/media\/8017"}],"wp:attachment":[{"href":"https:\/\/clartan.com\/fr\/wp-json\/wp\/v2\/media?parent=8008"}],"wp:term":[{"taxonomy":"category","embeddable":true,"href":"https:\/\/clartan.com\/fr\/wp-json\/wp\/v2\/categories?post=8008"},{"taxonomy":"post_tag","embeddable":true,"href":"https:\/\/clartan.com\/fr\/wp-json\/wp\/v2\/tags?post=8008"}],"curies":[{"name":"wp","href":"https:\/\/api.w.org\/{rel}","templated":true}]}}