{"id":8282,"date":"2024-10-04T14:43:33","date_gmt":"2024-10-04T12:43:33","guid":{"rendered":"https:\/\/www.clartan.com\/fr\/?p=8282"},"modified":"2024-10-16T17:05:23","modified_gmt":"2024-10-16T15:05:23","slug":"clartan-associes-etait-present-a-la-convention-patrimonia-2024","status":"publish","type":"post","link":"https:\/\/clartan.com\/fr\/actualites\/clartan-associes-etait-present-a-la-convention-patrimonia-2024\/","title":{"rendered":"Clartan Associ\u00e9s \u00e9tait pr\u00e9sent \u00e0 la Convention Patrimonia 2024"},"content":{"rendered":"\n<p class=\"has-large-font-size\">Nous \u00e9tions ravis d\u2019\u00e9changer avec nos partenaires professionnels les 25 et 26 septembre derniers au Centre de Congr\u00e8s de Lyon.<\/p>\n\n\n\n<p>Retour en images sur une 31\u00e8me \u00e9dition r\u00e9ussie !<br><br>Au programme : de nombreuses rencontres, des \u00e9changes constructifs et un d\u00e9bat d\u2019experts sur la diversification au sein de la classe actions avec <a href=\"https:\/\/www.linkedin.com\/in\/nicolas-descoqs-a712b62\/\">Nicolas Descoqs<\/a>, co-g\u00e9rant de <a href=\"https:\/\/www.linkedin.com\/feed\/hashtag\/?keywords=clartanvaleurs&amp;highlightedUpdateUrns=urn%3Ali%3Aactivity%3A7247931305336737793\">Clartan Valeurs<\/a> aux c\u00f4t\u00e9s de Cogefi et Syquant Capital.<br><br>Nous remercions chaleureusement toutes les personnes venues \u00e0 notre stand pour \u00e9changer avec nous. <\/p>\n\n\n\n<p>Toute l&rsquo;\u00e9quipe de <a href=\"https:\/\/www.linkedin.com\/company\/clartan-associes\/\">Clartan Associ\u00e9s<\/a> reste \u00e0 votre disposition pour approfondir ces discussions sur le positionnement de nos fonds. <\/p>\n\n\n\n<p>Pour prendre contact avec l&rsquo;\u00e9quipe Relations Partenaires CGP : <a href=\"mailto:me@clartan.com\">me@clartan.com<\/a><\/p>\n\n\n\n<p>\u00c0 tr\u00e8s bient\u00f4t sur la route ou dans nos bureaux !<br><br>Merci \u00e0 tous ceux qui ont contribu\u00e9 au succ\u00e8s de cette \u00e9dition : Olivier Delooz, Matthieu Esplacaton, Michel Legros, Nicolas Descoqs, Nikolay Marinov, Delphine Sellier et Gwendal Royer. Sans oublier Sophie Mayard pour tous les jolis visuels du stand.<\/p>\n\n\n\n<p><\/p>\n\n\n\n<div class=\"wp-block-buttons is-layout-flex wp-block-buttons-is-layout-flex\">\n<div class=\"wp-block-button\"><a class=\"wp-block-button__link wp-element-button\" href=\"https:\/\/clartan.com\/fr\/fonds-action\/\">En savoir plus sur nos fonds<\/a><\/div>\n<\/div>\n\n\n\n<p><\/p>\n\n\n\n<p><\/p>\n\n\n\n<div class=\"wp-block-group has-global-padding is-layout-constrained wp-block-group-is-layout-constrained\">\n<div class=\"wp-block-columns is-layout-flex wp-container-core-columns-is-layout-28f84493 wp-block-columns-is-layout-flex\">\n<div class=\"wp-block-column is-layout-flow wp-block-column-is-layout-flow\" style=\"flex-basis:100%\">\n<div class=\"wp-block-group has-global-padding is-layout-constrained wp-block-group-is-layout-constrained\">\n<figure class=\"wp-block-gallery has-nested-images columns-2 is-cropped wp-block-gallery-1 is-layout-flex wp-block-gallery-is-layout-flex\">\n<figure class=\"wp-block-image size-large\"><img loading=\"lazy\" decoding=\"async\" width=\"1036\" height=\"582\" data-id=\"8285\" src=\"https:\/\/clartan.com\/fr\/wp-content\/uploads\/2024\/10\/Linkedin-Equipe-Patrimonia-2024-1036x582.png\" alt=\"\" class=\"wp-image-8285\" srcset=\"https:\/\/clartan.com\/fr\/wp-content\/uploads\/2024\/10\/Linkedin-Equipe-Patrimonia-2024-1036x582.png 1036w, https:\/\/clartan.com\/fr\/wp-content\/uploads\/2024\/10\/Linkedin-Equipe-Patrimonia-2024-300x169.png 300w, https:\/\/clartan.com\/fr\/wp-content\/uploads\/2024\/10\/Linkedin-Equipe-Patrimonia-2024-768x431.png 768w, https:\/\/clartan.com\/fr\/wp-content\/uploads\/2024\/10\/Linkedin-Equipe-Patrimonia-2024.png 1200w\" sizes=\"(max-width: 1036px) 100vw, 1036px\" \/><figcaption class=\"wp-element-caption\">De g. \u00e0 d. : M.Esplacaton &#8211; O.Delooz &#8211; M.Legros <br>D.Sellier &#8211; N.Marinov &#8211; N.Descoqs &#8211; G.Royer<\/figcaption><\/figure>\n\n\n\n<figure class=\"wp-block-image size-large\"><img loading=\"lazy\" decoding=\"async\" width=\"2560\" height=\"1626\" data-id=\"8288\" src=\"https:\/\/clartan.com\/fr\/wp-content\/uploads\/2024\/10\/4f8ee72a-b1d3-4efc-b4c1-0c4c3f7a66f7-scaled.jpg\" alt=\"\" class=\"wp-image-8288\" srcset=\"https:\/\/clartan.com\/fr\/wp-content\/uploads\/2024\/10\/4f8ee72a-b1d3-4efc-b4c1-0c4c3f7a66f7-scaled.jpg 2560w, https:\/\/clartan.com\/fr\/wp-content\/uploads\/2024\/10\/4f8ee72a-b1d3-4efc-b4c1-0c4c3f7a66f7-300x191.jpg 300w\" sizes=\"(max-width: 2560px) 100vw, 2560px\" \/><figcaption class=\"wp-element-caption\">Michel Legros<\/figcaption><\/figure>\n\n\n\n<figure class=\"wp-block-image size-large\"><img loading=\"lazy\" decoding=\"async\" width=\"2560\" height=\"1834\" data-id=\"8287\" src=\"https:\/\/clartan.com\/fr\/wp-content\/uploads\/2024\/10\/e01b1dc3-e77e-49f3-ae04-4ce38562f3b9-scaled.jpg\" alt=\"\" class=\"wp-image-8287\" srcset=\"https:\/\/clartan.com\/fr\/wp-content\/uploads\/2024\/10\/e01b1dc3-e77e-49f3-ae04-4ce38562f3b9-scaled.jpg 2560w, https:\/\/clartan.com\/fr\/wp-content\/uploads\/2024\/10\/e01b1dc3-e77e-49f3-ae04-4ce38562f3b9-300x215.jpg 300w\" sizes=\"(max-width: 2560px) 100vw, 2560px\" \/><figcaption class=\"wp-element-caption\">Nicolas Descoqs et Nikolay Marinov<\/figcaption><\/figure>\n\n\n\n<figure class=\"wp-block-image size-large\"><img loading=\"lazy\" decoding=\"async\" width=\"1036\" height=\"583\" data-id=\"8289\" src=\"https:\/\/clartan.com\/fr\/wp-content\/uploads\/2024\/10\/c97c8a46-1901-4f52-85f1-1031bc6f7242-1036x583.jpg\" alt=\"\" class=\"wp-image-8289\" srcset=\"https:\/\/clartan.com\/fr\/wp-content\/uploads\/2024\/10\/c97c8a46-1901-4f52-85f1-1031bc6f7242-1036x583.jpg 1036w, https:\/\/clartan.com\/fr\/wp-content\/uploads\/2024\/10\/c97c8a46-1901-4f52-85f1-1031bc6f7242-300x169.jpg 300w, https:\/\/clartan.com\/fr\/wp-content\/uploads\/2024\/10\/c97c8a46-1901-4f52-85f1-1031bc6f7242-768x432.jpg 768w\" sizes=\"(max-width: 1036px) 100vw, 1036px\" \/><figcaption class=\"wp-element-caption\">D\u00e9bat d&rsquo;experts avec N.Descoqs<\/figcaption><\/figure>\n<\/figure>\n<\/div>\n<\/div>\n<\/div>\n<\/div>\n\n\n\n<p><\/p>\n\n\n\n<hr class=\"wp-block-separator has-alpha-channel-opacity is-style-wide\" \/>\n\n\n\n<p><em>Cette communication est \u00e0 caract\u00e8re publicitaire. L\u2019investissement dans des organismes de placement collectifs en valeurs mobili\u00e8res (OPCVM) comporte des risques. Il convient, avant toute souscription, de consulter le DIC ainsi que le prospectus disponibles sur <a href=\"https:\/\/clartan.com\">clartan.com<\/a>.&nbsp;<\/em><\/p>\n\n\n\n<p><em><strong>Les performances pass\u00e9es ne pr\u00e9jugent pas des performances futures.<\/strong><\/em><\/p>\n","protected":false},"excerpt":{"rendered":"<p>Nous \u00e9tions ravis d\u2019\u00e9changer avec nos partenaires professionnels les 25 et 26 septembre derniers au Centre de Congr\u00e8s de Lyon.<\/p>\n<p>Retour en images sur une 31\u00e8me \u00e9dition r\u00e9ussie !<\/p>\n","protected":false},"author":11,"featured_media":8293,"comment_status":"closed","ping_status":"closed","sticky":false,"template":"","format":"standard","meta":{"_acf_changed":false,"inline_featured_image":false,"footnotes":""},"categories":[5,6,11],"tags":[],"class_list":["post-8282","post","type-post","status-publish","format-standard","has-post-thumbnail","hentry","category-actualites","category-evenements","category-salon"],"acf":[],"yoast_head":"<!-- This site is optimized with the Yoast SEO Premium plugin v26.2 (Yoast SEO v27.4) - https:\/\/yoast.com\/product\/yoast-seo-premium-wordpress\/ -->\n<title>Clartan Associ\u00e9s \u00e9tait pr\u00e9sent \u00e0 la Convention Patrimonia 2024 - Clartan Associ\u00e9s<\/title>\n<meta name=\"robots\" content=\"index, follow, max-snippet:-1, max-image-preview:large, max-video-preview:-1\" \/>\n<link rel=\"canonical\" href=\"https:\/\/clartan.com\/fr\/actualites\/clartan-associes-etait-present-a-la-convention-patrimonia-2024\/\" \/>\n<meta property=\"og:locale\" content=\"fr_FR\" \/>\n<meta property=\"og:type\" content=\"article\" \/>\n<meta property=\"og:title\" content=\"Clartan Associ\u00e9s \u00e9tait pr\u00e9sent \u00e0 la Convention Patrimonia 2024\" \/>\n<meta property=\"og:url\" content=\"https:\/\/clartan.com\/fr\/actualites\/clartan-associes-etait-present-a-la-convention-patrimonia-2024\/\" \/>\n<meta property=\"og:site_name\" content=\"Clartan Associ\u00e9s FR\" \/>\n<meta property=\"article:published_time\" content=\"2024-10-04T12:43:33+00:00\" \/>\n<meta property=\"article:modified_time\" content=\"2024-10-16T15:05:23+00:00\" \/>\n<meta property=\"og:image\" content=\"https:\/\/clartan.com\/fr\/wp-content\/uploads\/2024\/10\/Vignette-Actu-Site-Patrimonia-2024.png\" \/>\n\t<meta property=\"og:image:width\" content=\"1280\" \/>\n\t<meta property=\"og:image:height\" content=\"720\" \/>\n\t<meta property=\"og:image:type\" content=\"image\/png\" \/>\n<meta name=\"author\" content=\"Delphine Sellier\" \/>\n<meta name=\"twitter:card\" content=\"summary_large_image\" \/>\n<script type=\"application\/ld+json\" class=\"yoast-schema-graph\">{\"@context\":\"https:\\\/\\\/schema.org\",\"@graph\":[{\"@type\":\"Article\",\"@id\":\"https:\\\/\\\/clartan.com\\\/fr\\\/actualites\\\/clartan-associes-etait-present-a-la-convention-patrimonia-2024\\\/#article\",\"isPartOf\":{\"@id\":\"https:\\\/\\\/clartan.com\\\/fr\\\/actualites\\\/clartan-associes-etait-present-a-la-convention-patrimonia-2024\\\/\"},\"author\":{\"name\":\"Delphine Sellier\",\"@id\":\"https:\\\/\\\/clartan.com\\\/fr\\\/#\\\/schema\\\/person\\\/9a62374662943eff1a12d1e57247ec51\"},\"headline\":\"Clartan Associ\u00e9s \u00e9tait pr\u00e9sent \u00e0 la Convention Patrimonia 2024\",\"datePublished\":\"2024-10-04T12:43:33+00:00\",\"dateModified\":\"2024-10-16T15:05:23+00:00\",\"mainEntityOfPage\":{\"@id\":\"https:\\\/\\\/clartan.com\\\/fr\\\/actualites\\\/clartan-associes-etait-present-a-la-convention-patrimonia-2024\\\/\"},\"wordCount\":265,\"publisher\":{\"@id\":\"https:\\\/\\\/clartan.com\\\/fr\\\/#organization\"},\"image\":{\"@id\":\"https:\\\/\\\/clartan.com\\\/fr\\\/actualites\\\/clartan-associes-etait-present-a-la-convention-patrimonia-2024\\\/#primaryimage\"},\"thumbnailUrl\":\"https:\\\/\\\/clartan.com\\\/fr\\\/wp-content\\\/uploads\\\/2024\\\/10\\\/Vignette-Actu-Site-Patrimonia-2024.png\",\"articleSection\":[\"Actualit\u00e9s\",\"\u00c9v\u00e9nements\",\"Salon\"],\"inLanguage\":\"fr-FR\"},{\"@type\":\"WebPage\",\"@id\":\"https:\\\/\\\/clartan.com\\\/fr\\\/actualites\\\/clartan-associes-etait-present-a-la-convention-patrimonia-2024\\\/\",\"url\":\"https:\\\/\\\/clartan.com\\\/fr\\\/actualites\\\/clartan-associes-etait-present-a-la-convention-patrimonia-2024\\\/\",\"name\":\"Clartan Associ\u00e9s \u00e9tait pr\u00e9sent \u00e0 la Convention Patrimonia 2024 - Clartan Associ\u00e9s\",\"isPartOf\":{\"@id\":\"https:\\\/\\\/clartan.com\\\/fr\\\/#website\"},\"primaryImageOfPage\":{\"@id\":\"https:\\\/\\\/clartan.com\\\/fr\\\/actualites\\\/clartan-associes-etait-present-a-la-convention-patrimonia-2024\\\/#primaryimage\"},\"image\":{\"@id\":\"https:\\\/\\\/clartan.com\\\/fr\\\/actualites\\\/clartan-associes-etait-present-a-la-convention-patrimonia-2024\\\/#primaryimage\"},\"thumbnailUrl\":\"https:\\\/\\\/clartan.com\\\/fr\\\/wp-content\\\/uploads\\\/2024\\\/10\\\/Vignette-Actu-Site-Patrimonia-2024.png\",\"datePublished\":\"2024-10-04T12:43:33+00:00\",\"dateModified\":\"2024-10-16T15:05:23+00:00\",\"breadcrumb\":{\"@id\":\"https:\\\/\\\/clartan.com\\\/fr\\\/actualites\\\/clartan-associes-etait-present-a-la-convention-patrimonia-2024\\\/#breadcrumb\"},\"inLanguage\":\"fr-FR\",\"potentialAction\":[{\"@type\":\"ReadAction\",\"target\":[\"https:\\\/\\\/clartan.com\\\/fr\\\/actualites\\\/clartan-associes-etait-present-a-la-convention-patrimonia-2024\\\/\"]}]},{\"@type\":\"ImageObject\",\"inLanguage\":\"fr-FR\",\"@id\":\"https:\\\/\\\/clartan.com\\\/fr\\\/actualites\\\/clartan-associes-etait-present-a-la-convention-patrimonia-2024\\\/#primaryimage\",\"url\":\"https:\\\/\\\/clartan.com\\\/fr\\\/wp-content\\\/uploads\\\/2024\\\/10\\\/Vignette-Actu-Site-Patrimonia-2024.png\",\"contentUrl\":\"https:\\\/\\\/clartan.com\\\/fr\\\/wp-content\\\/uploads\\\/2024\\\/10\\\/Vignette-Actu-Site-Patrimonia-2024.png\",\"width\":1280,\"height\":720},{\"@type\":\"BreadcrumbList\",\"@id\":\"https:\\\/\\\/clartan.com\\\/fr\\\/actualites\\\/clartan-associes-etait-present-a-la-convention-patrimonia-2024\\\/#breadcrumb\",\"itemListElement\":[{\"@type\":\"ListItem\",\"position\":1,\"name\":\"Accueil\",\"item\":\"https:\\\/\\\/clartan.com\\\/fr\\\/\"},{\"@type\":\"ListItem\",\"position\":2,\"name\":\"Clartan Associ\u00e9s \u00e9tait pr\u00e9sent \u00e0 la Convention Patrimonia 2024\"}]},{\"@type\":\"WebSite\",\"@id\":\"https:\\\/\\\/clartan.com\\\/fr\\\/#website\",\"url\":\"https:\\\/\\\/clartan.com\\\/fr\\\/\",\"name\":\"Clartan Associ\u00e9s FR\",\"description\":\"Maison de Gestion ind\u00e9pendante\",\"publisher\":{\"@id\":\"https:\\\/\\\/clartan.com\\\/fr\\\/#organization\"},\"alternateName\":\"Clartan\",\"potentialAction\":[{\"@type\":\"SearchAction\",\"target\":{\"@type\":\"EntryPoint\",\"urlTemplate\":\"https:\\\/\\\/clartan.com\\\/fr\\\/?s={search_term_string}\"},\"query-input\":{\"@type\":\"PropertyValueSpecification\",\"valueRequired\":true,\"valueName\":\"search_term_string\"}}],\"inLanguage\":\"fr-FR\"},{\"@type\":\"Organization\",\"@id\":\"https:\\\/\\\/clartan.com\\\/fr\\\/#organization\",\"name\":\"Clartan Associ\u00e9s\",\"alternateName\":\"Clartan\",\"url\":\"https:\\\/\\\/clartan.com\\\/fr\\\/\",\"logo\":{\"@type\":\"ImageObject\",\"inLanguage\":\"fr-FR\",\"@id\":\"https:\\\/\\\/clartan.com\\\/fr\\\/#\\\/schema\\\/logo\\\/image\\\/\",\"url\":\"https:\\\/\\\/clartan.com\\\/fr\\\/wp-content\\\/uploads\\\/2025\\\/12\\\/Favicon-2.png\",\"contentUrl\":\"https:\\\/\\\/clartan.com\\\/fr\\\/wp-content\\\/uploads\\\/2025\\\/12\\\/Favicon-2.png\",\"width\":1024,\"height\":1024,\"caption\":\"Clartan Associ\u00e9s\"},\"image\":{\"@id\":\"https:\\\/\\\/clartan.com\\\/fr\\\/#\\\/schema\\\/logo\\\/image\\\/\"},\"sameAs\":[\"https:\\\/\\\/www.linkedin.com\\\/company\\\/clartan-associes\\\/\",\"https:\\\/\\\/www.youtube.com\\\/@clartanassocies3040\"],\"description\":\"Maison de gestion ind\u00e9pendante depuis 1986,\\u2028Clartan Associ\u00e9s met en \u0153uvre une gestion solide et \u00e9prouv\u00e9e, fond\u00e9e sur la coll\u00e9gialit\u00e9.\",\"email\":\"contact@clartan.com\",\"telephone\":\"+33 1 53 77 60 80\",\"legalName\":\"Clartan Associ\u00e9s\",\"foundingDate\":\"1986-12-01\",\"vatID\":\"FR18339485161\",\"taxID\":\"33948516100097\",\"leiCode\":\"969500AFMNSMC5R97K50\"},{\"@type\":\"Person\",\"@id\":\"https:\\\/\\\/clartan.com\\\/fr\\\/#\\\/schema\\\/person\\\/9a62374662943eff1a12d1e57247ec51\",\"name\":\"Delphine Sellier\",\"image\":{\"@type\":\"ImageObject\",\"inLanguage\":\"fr-FR\",\"@id\":\"https:\\\/\\\/secure.gravatar.com\\\/avatar\\\/9a5b91dbfa7cacd3b581d3d0b3136dc5bee58f53349e720bbc58d0a702584b7a?s=96&d=mm&r=g\",\"url\":\"https:\\\/\\\/secure.gravatar.com\\\/avatar\\\/9a5b91dbfa7cacd3b581d3d0b3136dc5bee58f53349e720bbc58d0a702584b7a?s=96&d=mm&r=g\",\"contentUrl\":\"https:\\\/\\\/secure.gravatar.com\\\/avatar\\\/9a5b91dbfa7cacd3b581d3d0b3136dc5bee58f53349e720bbc58d0a702584b7a?s=96&d=mm&r=g\",\"caption\":\"Delphine Sellier\"}}]}<\/script>\n<!-- \/ Yoast SEO Premium plugin. -->","yoast_head_json":{"title":"Clartan Associ\u00e9s \u00e9tait pr\u00e9sent \u00e0 la Convention Patrimonia 2024 - Clartan Associ\u00e9s","robots":{"index":"index","follow":"follow","max-snippet":"max-snippet:-1","max-image-preview":"max-image-preview:large","max-video-preview":"max-video-preview:-1"},"canonical":"https:\/\/clartan.com\/fr\/actualites\/clartan-associes-etait-present-a-la-convention-patrimonia-2024\/","og_locale":"fr_FR","og_type":"article","og_title":"Clartan Associ\u00e9s \u00e9tait pr\u00e9sent \u00e0 la Convention Patrimonia 2024","og_url":"https:\/\/clartan.com\/fr\/actualites\/clartan-associes-etait-present-a-la-convention-patrimonia-2024\/","og_site_name":"Clartan Associ\u00e9s FR","article_published_time":"2024-10-04T12:43:33+00:00","article_modified_time":"2024-10-16T15:05:23+00:00","og_image":[{"width":1280,"height":720,"url":"https:\/\/clartan.com\/fr\/wp-content\/uploads\/2024\/10\/Vignette-Actu-Site-Patrimonia-2024.png","type":"image\/png"}],"author":"Delphine Sellier","twitter_card":"summary_large_image","schema":{"@context":"https:\/\/schema.org","@graph":[{"@type":"Article","@id":"https:\/\/clartan.com\/fr\/actualites\/clartan-associes-etait-present-a-la-convention-patrimonia-2024\/#article","isPartOf":{"@id":"https:\/\/clartan.com\/fr\/actualites\/clartan-associes-etait-present-a-la-convention-patrimonia-2024\/"},"author":{"name":"Delphine Sellier","@id":"https:\/\/clartan.com\/fr\/#\/schema\/person\/9a62374662943eff1a12d1e57247ec51"},"headline":"Clartan Associ\u00e9s \u00e9tait pr\u00e9sent \u00e0 la Convention Patrimonia 2024","datePublished":"2024-10-04T12:43:33+00:00","dateModified":"2024-10-16T15:05:23+00:00","mainEntityOfPage":{"@id":"https:\/\/clartan.com\/fr\/actualites\/clartan-associes-etait-present-a-la-convention-patrimonia-2024\/"},"wordCount":265,"publisher":{"@id":"https:\/\/clartan.com\/fr\/#organization"},"image":{"@id":"https:\/\/clartan.com\/fr\/actualites\/clartan-associes-etait-present-a-la-convention-patrimonia-2024\/#primaryimage"},"thumbnailUrl":"https:\/\/clartan.com\/fr\/wp-content\/uploads\/2024\/10\/Vignette-Actu-Site-Patrimonia-2024.png","articleSection":["Actualit\u00e9s","\u00c9v\u00e9nements","Salon"],"inLanguage":"fr-FR"},{"@type":"WebPage","@id":"https:\/\/clartan.com\/fr\/actualites\/clartan-associes-etait-present-a-la-convention-patrimonia-2024\/","url":"https:\/\/clartan.com\/fr\/actualites\/clartan-associes-etait-present-a-la-convention-patrimonia-2024\/","name":"Clartan Associ\u00e9s \u00e9tait pr\u00e9sent \u00e0 la Convention Patrimonia 2024 - Clartan Associ\u00e9s","isPartOf":{"@id":"https:\/\/clartan.com\/fr\/#website"},"primaryImageOfPage":{"@id":"https:\/\/clartan.com\/fr\/actualites\/clartan-associes-etait-present-a-la-convention-patrimonia-2024\/#primaryimage"},"image":{"@id":"https:\/\/clartan.com\/fr\/actualites\/clartan-associes-etait-present-a-la-convention-patrimonia-2024\/#primaryimage"},"thumbnailUrl":"https:\/\/clartan.com\/fr\/wp-content\/uploads\/2024\/10\/Vignette-Actu-Site-Patrimonia-2024.png","datePublished":"2024-10-04T12:43:33+00:00","dateModified":"2024-10-16T15:05:23+00:00","breadcrumb":{"@id":"https:\/\/clartan.com\/fr\/actualites\/clartan-associes-etait-present-a-la-convention-patrimonia-2024\/#breadcrumb"},"inLanguage":"fr-FR","potentialAction":[{"@type":"ReadAction","target":["https:\/\/clartan.com\/fr\/actualites\/clartan-associes-etait-present-a-la-convention-patrimonia-2024\/"]}]},{"@type":"ImageObject","inLanguage":"fr-FR","@id":"https:\/\/clartan.com\/fr\/actualites\/clartan-associes-etait-present-a-la-convention-patrimonia-2024\/#primaryimage","url":"https:\/\/clartan.com\/fr\/wp-content\/uploads\/2024\/10\/Vignette-Actu-Site-Patrimonia-2024.png","contentUrl":"https:\/\/clartan.com\/fr\/wp-content\/uploads\/2024\/10\/Vignette-Actu-Site-Patrimonia-2024.png","width":1280,"height":720},{"@type":"BreadcrumbList","@id":"https:\/\/clartan.com\/fr\/actualites\/clartan-associes-etait-present-a-la-convention-patrimonia-2024\/#breadcrumb","itemListElement":[{"@type":"ListItem","position":1,"name":"Accueil","item":"https:\/\/clartan.com\/fr\/"},{"@type":"ListItem","position":2,"name":"Clartan Associ\u00e9s \u00e9tait pr\u00e9sent \u00e0 la Convention Patrimonia 2024"}]},{"@type":"WebSite","@id":"https:\/\/clartan.com\/fr\/#website","url":"https:\/\/clartan.com\/fr\/","name":"Clartan Associ\u00e9s FR","description":"Maison de Gestion ind\u00e9pendante","publisher":{"@id":"https:\/\/clartan.com\/fr\/#organization"},"alternateName":"Clartan","potentialAction":[{"@type":"SearchAction","target":{"@type":"EntryPoint","urlTemplate":"https:\/\/clartan.com\/fr\/?s={search_term_string}"},"query-input":{"@type":"PropertyValueSpecification","valueRequired":true,"valueName":"search_term_string"}}],"inLanguage":"fr-FR"},{"@type":"Organization","@id":"https:\/\/clartan.com\/fr\/#organization","name":"Clartan Associ\u00e9s","alternateName":"Clartan","url":"https:\/\/clartan.com\/fr\/","logo":{"@type":"ImageObject","inLanguage":"fr-FR","@id":"https:\/\/clartan.com\/fr\/#\/schema\/logo\/image\/","url":"https:\/\/clartan.com\/fr\/wp-content\/uploads\/2025\/12\/Favicon-2.png","contentUrl":"https:\/\/clartan.com\/fr\/wp-content\/uploads\/2025\/12\/Favicon-2.png","width":1024,"height":1024,"caption":"Clartan Associ\u00e9s"},"image":{"@id":"https:\/\/clartan.com\/fr\/#\/schema\/logo\/image\/"},"sameAs":["https:\/\/www.linkedin.com\/company\/clartan-associes\/","https:\/\/www.youtube.com\/@clartanassocies3040"],"description":"Maison de gestion ind\u00e9pendante depuis 1986,\u2028Clartan Associ\u00e9s met en \u0153uvre une gestion solide et \u00e9prouv\u00e9e, fond\u00e9e sur la coll\u00e9gialit\u00e9.","email":"contact@clartan.com","telephone":"+33 1 53 77 60 80","legalName":"Clartan Associ\u00e9s","foundingDate":"1986-12-01","vatID":"FR18339485161","taxID":"33948516100097","leiCode":"969500AFMNSMC5R97K50"},{"@type":"Person","@id":"https:\/\/clartan.com\/fr\/#\/schema\/person\/9a62374662943eff1a12d1e57247ec51","name":"Delphine Sellier","image":{"@type":"ImageObject","inLanguage":"fr-FR","@id":"https:\/\/secure.gravatar.com\/avatar\/9a5b91dbfa7cacd3b581d3d0b3136dc5bee58f53349e720bbc58d0a702584b7a?s=96&d=mm&r=g","url":"https:\/\/secure.gravatar.com\/avatar\/9a5b91dbfa7cacd3b581d3d0b3136dc5bee58f53349e720bbc58d0a702584b7a?s=96&d=mm&r=g","contentUrl":"https:\/\/secure.gravatar.com\/avatar\/9a5b91dbfa7cacd3b581d3d0b3136dc5bee58f53349e720bbc58d0a702584b7a?s=96&d=mm&r=g","caption":"Delphine Sellier"}}]}},"_links":{"self":[{"href":"https:\/\/clartan.com\/fr\/wp-json\/wp\/v2\/posts\/8282","targetHints":{"allow":["GET"]}}],"collection":[{"href":"https:\/\/clartan.com\/fr\/wp-json\/wp\/v2\/posts"}],"about":[{"href":"https:\/\/clartan.com\/fr\/wp-json\/wp\/v2\/types\/post"}],"author":[{"embeddable":true,"href":"https:\/\/clartan.com\/fr\/wp-json\/wp\/v2\/users\/11"}],"replies":[{"embeddable":true,"href":"https:\/\/clartan.com\/fr\/wp-json\/wp\/v2\/comments?post=8282"}],"version-history":[{"count":7,"href":"https:\/\/clartan.com\/fr\/wp-json\/wp\/v2\/posts\/8282\/revisions"}],"predecessor-version":[{"id":8295,"href":"https:\/\/clartan.com\/fr\/wp-json\/wp\/v2\/posts\/8282\/revisions\/8295"}],"wp:featuredmedia":[{"embeddable":true,"href":"https:\/\/clartan.com\/fr\/wp-json\/wp\/v2\/media\/8293"}],"wp:attachment":[{"href":"https:\/\/clartan.com\/fr\/wp-json\/wp\/v2\/media?parent=8282"}],"wp:term":[{"taxonomy":"category","embeddable":true,"href":"https:\/\/clartan.com\/fr\/wp-json\/wp\/v2\/categories?post=8282"},{"taxonomy":"post_tag","embeddable":true,"href":"https:\/\/clartan.com\/fr\/wp-json\/wp\/v2\/tags?post=8282"}],"curies":[{"name":"wp","href":"https:\/\/api.w.org\/{rel}","templated":true}]}}