{"id":852,"date":"2021-04-02T15:42:00","date_gmt":"2021-04-02T13:42:00","guid":{"rendered":"http:\/\/staging-clartan.plp.fr\/fr\/?p=852"},"modified":"2022-10-11T10:06:19","modified_gmt":"2022-10-11T08:06:19","slug":"nouveau-referencement-pour-clartan-ethos-esg-europe-small-mid-cap","status":"publish","type":"post","link":"https:\/\/clartan.com\/fr\/actualites\/nouveau-referencement-pour-clartan-ethos-esg-europe-small-mid-cap\/","title":{"rendered":"Nouveau r\u00e9f\u00e9rencement pour Clartan Ethos ESG Europe Small &amp; Mid Cap"},"content":{"rendered":"\n<p>Generali r\u00e9f\u00e9rence notre fonds ESG.<\/p>\n\n\n\n<p>Notre nouveau fonds <strong>Clartan Ethos ESG Europe Small &amp; Mid Cap<\/strong> est d\u00e9sormais disponible dans le contrat Himalia de <strong>Generali<\/strong>.<\/p>\n\n\n\n<p>Vous pouvez \u00e9galement le retrouver chez <strong>Cardif<\/strong> et <strong>Nortia<\/strong> pour les clients professionnels.<\/p>\n\n\n\n<p>N\u2019h\u00e9sitez pas \u00e0 nous contacter pour plus d\u2019informations.<\/p>\n","protected":false},"excerpt":{"rendered":"<p>Generali r\u00e9f\u00e9rence notre fonds ESG. Notre nouveau fonds Clartan Ethos ESG Europe Small &amp; Mid Cap est d\u00e9sormais disponible dans le contrat Himalia de Generali. Vous pouvez \u00e9galement le retrouver chez Cardif et Nortia pour les clients professionnels. N\u2019h\u00e9sitez pas \u00e0 nous contacter pour plus d\u2019informations.<\/p>\n","protected":false},"author":1,"featured_media":0,"comment_status":"closed","ping_status":"closed","sticky":false,"template":"","format":"standard","meta":{"_acf_changed":false,"inline_featured_image":false,"footnotes":""},"categories":[5],"tags":[],"class_list":["post-852","post","type-post","status-publish","format-standard","hentry","category-actualites"],"acf":[],"yoast_head":"<!-- This site is optimized with the Yoast SEO Premium plugin v26.2 (Yoast SEO v27.4) - https:\/\/yoast.com\/product\/yoast-seo-premium-wordpress\/ -->\n<title>Nouveau r\u00e9f\u00e9rencement pour Clartan Ethos ESG Europe Small &amp; Mid Cap - Clartan Associ\u00e9s<\/title>\n<meta name=\"robots\" content=\"index, follow, max-snippet:-1, max-image-preview:large, max-video-preview:-1\" \/>\n<link rel=\"canonical\" href=\"https:\/\/clartan.com\/fr\/actualites\/nouveau-referencement-pour-clartan-ethos-esg-europe-small-mid-cap\/\" \/>\n<meta property=\"og:locale\" content=\"fr_FR\" \/>\n<meta property=\"og:type\" content=\"article\" \/>\n<meta property=\"og:title\" content=\"Nouveau r\u00e9f\u00e9rencement pour Clartan Ethos ESG Europe Small &amp; Mid Cap\" \/>\n<meta property=\"og:url\" content=\"https:\/\/clartan.com\/fr\/actualites\/nouveau-referencement-pour-clartan-ethos-esg-europe-small-mid-cap\/\" \/>\n<meta property=\"og:site_name\" content=\"Clartan Associ\u00e9s FR\" \/>\n<meta property=\"article:published_time\" content=\"2021-04-02T13:42:00+00:00\" \/>\n<meta property=\"article:modified_time\" content=\"2022-10-11T08:06:19+00:00\" \/>\n<meta property=\"og:image\" content=\"https:\/\/clartan.com\/fr\/wp-content\/uploads\/2026\/02\/clartan-associes.jpg\" \/>\n\t<meta property=\"og:image:width\" content=\"1200\" \/>\n\t<meta property=\"og:image:height\" content=\"675\" \/>\n\t<meta property=\"og:image:type\" content=\"image\/jpeg\" \/>\n<meta name=\"author\" content=\"do\" \/>\n<meta name=\"twitter:card\" content=\"summary_large_image\" \/>\n<script type=\"application\/ld+json\" class=\"yoast-schema-graph\">{\"@context\":\"https:\\\/\\\/schema.org\",\"@graph\":[{\"@type\":\"Article\",\"@id\":\"https:\\\/\\\/clartan.com\\\/fr\\\/actualites\\\/nouveau-referencement-pour-clartan-ethos-esg-europe-small-mid-cap\\\/#article\",\"isPartOf\":{\"@id\":\"https:\\\/\\\/clartan.com\\\/fr\\\/actualites\\\/nouveau-referencement-pour-clartan-ethos-esg-europe-small-mid-cap\\\/\"},\"author\":{\"name\":\"do\",\"@id\":\"https:\\\/\\\/clartan.com\\\/fr\\\/#\\\/schema\\\/person\\\/edd2584e8f878387a3307a1a5a91f652\"},\"headline\":\"Nouveau r\u00e9f\u00e9rencement pour Clartan Ethos ESG Europe Small &amp; Mid Cap\",\"datePublished\":\"2021-04-02T13:42:00+00:00\",\"dateModified\":\"2022-10-11T08:06:19+00:00\",\"mainEntityOfPage\":{\"@id\":\"https:\\\/\\\/clartan.com\\\/fr\\\/actualites\\\/nouveau-referencement-pour-clartan-ethos-esg-europe-small-mid-cap\\\/\"},\"wordCount\":64,\"publisher\":{\"@id\":\"https:\\\/\\\/clartan.com\\\/fr\\\/#organization\"},\"articleSection\":[\"Actualit\u00e9s\"],\"inLanguage\":\"fr-FR\"},{\"@type\":\"WebPage\",\"@id\":\"https:\\\/\\\/clartan.com\\\/fr\\\/actualites\\\/nouveau-referencement-pour-clartan-ethos-esg-europe-small-mid-cap\\\/\",\"url\":\"https:\\\/\\\/clartan.com\\\/fr\\\/actualites\\\/nouveau-referencement-pour-clartan-ethos-esg-europe-small-mid-cap\\\/\",\"name\":\"Nouveau r\u00e9f\u00e9rencement pour Clartan Ethos ESG Europe Small &amp; Mid Cap - Clartan Associ\u00e9s\",\"isPartOf\":{\"@id\":\"https:\\\/\\\/clartan.com\\\/fr\\\/#website\"},\"datePublished\":\"2021-04-02T13:42:00+00:00\",\"dateModified\":\"2022-10-11T08:06:19+00:00\",\"breadcrumb\":{\"@id\":\"https:\\\/\\\/clartan.com\\\/fr\\\/actualites\\\/nouveau-referencement-pour-clartan-ethos-esg-europe-small-mid-cap\\\/#breadcrumb\"},\"inLanguage\":\"fr-FR\",\"potentialAction\":[{\"@type\":\"ReadAction\",\"target\":[\"https:\\\/\\\/clartan.com\\\/fr\\\/actualites\\\/nouveau-referencement-pour-clartan-ethos-esg-europe-small-mid-cap\\\/\"]}]},{\"@type\":\"BreadcrumbList\",\"@id\":\"https:\\\/\\\/clartan.com\\\/fr\\\/actualites\\\/nouveau-referencement-pour-clartan-ethos-esg-europe-small-mid-cap\\\/#breadcrumb\",\"itemListElement\":[{\"@type\":\"ListItem\",\"position\":1,\"name\":\"Accueil\",\"item\":\"https:\\\/\\\/clartan.com\\\/fr\\\/\"},{\"@type\":\"ListItem\",\"position\":2,\"name\":\"Nouveau r\u00e9f\u00e9rencement pour Clartan Ethos ESG Europe Small &amp; Mid Cap\"}]},{\"@type\":\"WebSite\",\"@id\":\"https:\\\/\\\/clartan.com\\\/fr\\\/#website\",\"url\":\"https:\\\/\\\/clartan.com\\\/fr\\\/\",\"name\":\"Clartan Associ\u00e9s FR\",\"description\":\"Maison de Gestion ind\u00e9pendante\",\"publisher\":{\"@id\":\"https:\\\/\\\/clartan.com\\\/fr\\\/#organization\"},\"alternateName\":\"Clartan\",\"potentialAction\":[{\"@type\":\"SearchAction\",\"target\":{\"@type\":\"EntryPoint\",\"urlTemplate\":\"https:\\\/\\\/clartan.com\\\/fr\\\/?s={search_term_string}\"},\"query-input\":{\"@type\":\"PropertyValueSpecification\",\"valueRequired\":true,\"valueName\":\"search_term_string\"}}],\"inLanguage\":\"fr-FR\"},{\"@type\":\"Organization\",\"@id\":\"https:\\\/\\\/clartan.com\\\/fr\\\/#organization\",\"name\":\"Clartan Associ\u00e9s\",\"alternateName\":\"Clartan\",\"url\":\"https:\\\/\\\/clartan.com\\\/fr\\\/\",\"logo\":{\"@type\":\"ImageObject\",\"inLanguage\":\"fr-FR\",\"@id\":\"https:\\\/\\\/clartan.com\\\/fr\\\/#\\\/schema\\\/logo\\\/image\\\/\",\"url\":\"https:\\\/\\\/clartan.com\\\/fr\\\/wp-content\\\/uploads\\\/2025\\\/12\\\/Favicon-2.png\",\"contentUrl\":\"https:\\\/\\\/clartan.com\\\/fr\\\/wp-content\\\/uploads\\\/2025\\\/12\\\/Favicon-2.png\",\"width\":1024,\"height\":1024,\"caption\":\"Clartan Associ\u00e9s\"},\"image\":{\"@id\":\"https:\\\/\\\/clartan.com\\\/fr\\\/#\\\/schema\\\/logo\\\/image\\\/\"},\"sameAs\":[\"https:\\\/\\\/www.linkedin.com\\\/company\\\/clartan-associes\\\/\",\"https:\\\/\\\/www.youtube.com\\\/@clartanassocies3040\"],\"description\":\"Maison de gestion ind\u00e9pendante depuis 1986,\\u2028Clartan Associ\u00e9s met en \u0153uvre une gestion solide et \u00e9prouv\u00e9e, fond\u00e9e sur la coll\u00e9gialit\u00e9.\",\"email\":\"contact@clartan.com\",\"telephone\":\"+33 1 53 77 60 80\",\"legalName\":\"Clartan Associ\u00e9s\",\"foundingDate\":\"1986-12-01\",\"vatID\":\"FR18339485161\",\"taxID\":\"33948516100097\",\"leiCode\":\"969500AFMNSMC5R97K50\"},{\"@type\":\"Person\",\"@id\":\"https:\\\/\\\/clartan.com\\\/fr\\\/#\\\/schema\\\/person\\\/edd2584e8f878387a3307a1a5a91f652\",\"name\":\"do\",\"image\":{\"@type\":\"ImageObject\",\"inLanguage\":\"fr-FR\",\"@id\":\"https:\\\/\\\/secure.gravatar.com\\\/avatar\\\/9599b8ea11a34dbe3d1388029e2f1c6758f746b17ade3ccdb6cb201b8ea25da7?s=96&d=mm&r=g\",\"url\":\"https:\\\/\\\/secure.gravatar.com\\\/avatar\\\/9599b8ea11a34dbe3d1388029e2f1c6758f746b17ade3ccdb6cb201b8ea25da7?s=96&d=mm&r=g\",\"contentUrl\":\"https:\\\/\\\/secure.gravatar.com\\\/avatar\\\/9599b8ea11a34dbe3d1388029e2f1c6758f746b17ade3ccdb6cb201b8ea25da7?s=96&d=mm&r=g\",\"caption\":\"do\"}}]}<\/script>\n<!-- \/ Yoast SEO Premium plugin. -->","yoast_head_json":{"title":"Nouveau r\u00e9f\u00e9rencement pour Clartan Ethos ESG Europe Small &amp; Mid Cap - Clartan Associ\u00e9s","robots":{"index":"index","follow":"follow","max-snippet":"max-snippet:-1","max-image-preview":"max-image-preview:large","max-video-preview":"max-video-preview:-1"},"canonical":"https:\/\/clartan.com\/fr\/actualites\/nouveau-referencement-pour-clartan-ethos-esg-europe-small-mid-cap\/","og_locale":"fr_FR","og_type":"article","og_title":"Nouveau r\u00e9f\u00e9rencement pour Clartan Ethos ESG Europe Small &amp; Mid Cap","og_url":"https:\/\/clartan.com\/fr\/actualites\/nouveau-referencement-pour-clartan-ethos-esg-europe-small-mid-cap\/","og_site_name":"Clartan Associ\u00e9s FR","article_published_time":"2021-04-02T13:42:00+00:00","article_modified_time":"2022-10-11T08:06:19+00:00","og_image":[{"width":1200,"height":675,"url":"https:\/\/clartan.com\/fr\/wp-content\/uploads\/2026\/02\/clartan-associes.jpg","type":"image\/jpeg"}],"author":"do","twitter_card":"summary_large_image","schema":{"@context":"https:\/\/schema.org","@graph":[{"@type":"Article","@id":"https:\/\/clartan.com\/fr\/actualites\/nouveau-referencement-pour-clartan-ethos-esg-europe-small-mid-cap\/#article","isPartOf":{"@id":"https:\/\/clartan.com\/fr\/actualites\/nouveau-referencement-pour-clartan-ethos-esg-europe-small-mid-cap\/"},"author":{"name":"do","@id":"https:\/\/clartan.com\/fr\/#\/schema\/person\/edd2584e8f878387a3307a1a5a91f652"},"headline":"Nouveau r\u00e9f\u00e9rencement pour Clartan Ethos ESG Europe Small &amp; Mid Cap","datePublished":"2021-04-02T13:42:00+00:00","dateModified":"2022-10-11T08:06:19+00:00","mainEntityOfPage":{"@id":"https:\/\/clartan.com\/fr\/actualites\/nouveau-referencement-pour-clartan-ethos-esg-europe-small-mid-cap\/"},"wordCount":64,"publisher":{"@id":"https:\/\/clartan.com\/fr\/#organization"},"articleSection":["Actualit\u00e9s"],"inLanguage":"fr-FR"},{"@type":"WebPage","@id":"https:\/\/clartan.com\/fr\/actualites\/nouveau-referencement-pour-clartan-ethos-esg-europe-small-mid-cap\/","url":"https:\/\/clartan.com\/fr\/actualites\/nouveau-referencement-pour-clartan-ethos-esg-europe-small-mid-cap\/","name":"Nouveau r\u00e9f\u00e9rencement pour Clartan Ethos ESG Europe Small &amp; Mid Cap - Clartan Associ\u00e9s","isPartOf":{"@id":"https:\/\/clartan.com\/fr\/#website"},"datePublished":"2021-04-02T13:42:00+00:00","dateModified":"2022-10-11T08:06:19+00:00","breadcrumb":{"@id":"https:\/\/clartan.com\/fr\/actualites\/nouveau-referencement-pour-clartan-ethos-esg-europe-small-mid-cap\/#breadcrumb"},"inLanguage":"fr-FR","potentialAction":[{"@type":"ReadAction","target":["https:\/\/clartan.com\/fr\/actualites\/nouveau-referencement-pour-clartan-ethos-esg-europe-small-mid-cap\/"]}]},{"@type":"BreadcrumbList","@id":"https:\/\/clartan.com\/fr\/actualites\/nouveau-referencement-pour-clartan-ethos-esg-europe-small-mid-cap\/#breadcrumb","itemListElement":[{"@type":"ListItem","position":1,"name":"Accueil","item":"https:\/\/clartan.com\/fr\/"},{"@type":"ListItem","position":2,"name":"Nouveau r\u00e9f\u00e9rencement pour Clartan Ethos ESG Europe Small &amp; Mid Cap"}]},{"@type":"WebSite","@id":"https:\/\/clartan.com\/fr\/#website","url":"https:\/\/clartan.com\/fr\/","name":"Clartan Associ\u00e9s FR","description":"Maison de Gestion ind\u00e9pendante","publisher":{"@id":"https:\/\/clartan.com\/fr\/#organization"},"alternateName":"Clartan","potentialAction":[{"@type":"SearchAction","target":{"@type":"EntryPoint","urlTemplate":"https:\/\/clartan.com\/fr\/?s={search_term_string}"},"query-input":{"@type":"PropertyValueSpecification","valueRequired":true,"valueName":"search_term_string"}}],"inLanguage":"fr-FR"},{"@type":"Organization","@id":"https:\/\/clartan.com\/fr\/#organization","name":"Clartan Associ\u00e9s","alternateName":"Clartan","url":"https:\/\/clartan.com\/fr\/","logo":{"@type":"ImageObject","inLanguage":"fr-FR","@id":"https:\/\/clartan.com\/fr\/#\/schema\/logo\/image\/","url":"https:\/\/clartan.com\/fr\/wp-content\/uploads\/2025\/12\/Favicon-2.png","contentUrl":"https:\/\/clartan.com\/fr\/wp-content\/uploads\/2025\/12\/Favicon-2.png","width":1024,"height":1024,"caption":"Clartan Associ\u00e9s"},"image":{"@id":"https:\/\/clartan.com\/fr\/#\/schema\/logo\/image\/"},"sameAs":["https:\/\/www.linkedin.com\/company\/clartan-associes\/","https:\/\/www.youtube.com\/@clartanassocies3040"],"description":"Maison de gestion ind\u00e9pendante depuis 1986,\u2028Clartan Associ\u00e9s met en \u0153uvre une gestion solide et \u00e9prouv\u00e9e, fond\u00e9e sur la coll\u00e9gialit\u00e9.","email":"contact@clartan.com","telephone":"+33 1 53 77 60 80","legalName":"Clartan Associ\u00e9s","foundingDate":"1986-12-01","vatID":"FR18339485161","taxID":"33948516100097","leiCode":"969500AFMNSMC5R97K50"},{"@type":"Person","@id":"https:\/\/clartan.com\/fr\/#\/schema\/person\/edd2584e8f878387a3307a1a5a91f652","name":"do","image":{"@type":"ImageObject","inLanguage":"fr-FR","@id":"https:\/\/secure.gravatar.com\/avatar\/9599b8ea11a34dbe3d1388029e2f1c6758f746b17ade3ccdb6cb201b8ea25da7?s=96&d=mm&r=g","url":"https:\/\/secure.gravatar.com\/avatar\/9599b8ea11a34dbe3d1388029e2f1c6758f746b17ade3ccdb6cb201b8ea25da7?s=96&d=mm&r=g","contentUrl":"https:\/\/secure.gravatar.com\/avatar\/9599b8ea11a34dbe3d1388029e2f1c6758f746b17ade3ccdb6cb201b8ea25da7?s=96&d=mm&r=g","caption":"do"}}]}},"_links":{"self":[{"href":"https:\/\/clartan.com\/fr\/wp-json\/wp\/v2\/posts\/852","targetHints":{"allow":["GET"]}}],"collection":[{"href":"https:\/\/clartan.com\/fr\/wp-json\/wp\/v2\/posts"}],"about":[{"href":"https:\/\/clartan.com\/fr\/wp-json\/wp\/v2\/types\/post"}],"author":[{"embeddable":true,"href":"https:\/\/clartan.com\/fr\/wp-json\/wp\/v2\/users\/1"}],"replies":[{"embeddable":true,"href":"https:\/\/clartan.com\/fr\/wp-json\/wp\/v2\/comments?post=852"}],"version-history":[{"count":0,"href":"https:\/\/clartan.com\/fr\/wp-json\/wp\/v2\/posts\/852\/revisions"}],"wp:attachment":[{"href":"https:\/\/clartan.com\/fr\/wp-json\/wp\/v2\/media?parent=852"}],"wp:term":[{"taxonomy":"category","embeddable":true,"href":"https:\/\/clartan.com\/fr\/wp-json\/wp\/v2\/categories?post=852"},{"taxonomy":"post_tag","embeddable":true,"href":"https:\/\/clartan.com\/fr\/wp-json\/wp\/v2\/tags?post=852"}],"curies":[{"name":"wp","href":"https:\/\/api.w.org\/{rel}","templated":true}]}}