{"id":864,"date":"2021-03-08T15:48:00","date_gmt":"2021-03-08T14:48:00","guid":{"rendered":"http:\/\/staging-clartan.plp.fr\/fr\/?p=864"},"modified":"2022-10-11T10:04:26","modified_gmt":"2022-10-11T08:04:26","slug":"webinar-19-mars-2021-investir-dans-la-croissance-responsable","status":"publish","type":"post","link":"https:\/\/clartan.com\/fr\/actualites\/webinar-19-mars-2021-investir-dans-la-croissance-responsable\/","title":{"rendered":"WEBINAR \u2013 19 mars 2021 \u2013 Investir dans la croissance responsable"},"content":{"rendered":"\n<p>Clartan Associ\u00e9s et Ethos ont le plaisir de vous convier \u00e0 leur webinar.<\/p>\n\n\n\n<h2 class=\"wp-block-heading\">Vendredi 19 mars 2021 &#8211; 11h00<\/h2>\n\n\n\n<p><strong>Investir dans la croissance responsable<\/strong><\/p>\n\n\n\n<p>Inscrivez-vous pour y assister en <strong>direct <\/strong>ou pour recevoir le <strong>replay<\/strong><\/p>\n\n\n\n<p><a href=\"https:\/\/register.gotowebinar.com\/register\/436283328462785547\">INSCRIPTION<\/a> <\/p>\n\n\n\n<figure class=\"wp-block-embed is-type-video is-provider-youtube wp-block-embed-youtube wp-embed-aspect-16-9 wp-has-aspect-ratio\"><div class=\"wp-block-embed__wrapper\">\nhttps:\/\/youtu.be\/Bqv4ndOv0Z0\n<\/div><\/figure>\n\n\n\n<p><em>R\u00e9serv\u00e9 aux professionnels.<\/em><\/p>\n\n\n\n<p>\u00c0 fin d\u00e9cembre 2020, notre fonds Clartan Ethos ESG Europe Small &amp; Mid Cap, encore jeune, s&rsquo;est positionn\u00e9 dans le 1er centile du classement durabilit\u00e9 de Morningstar.<\/p>\n\n\n\n<p>Ce fonds, fruit de la collaboration avec Ethos, combine une approche extra-financi\u00e8re rigoureuse et une discipline financi\u00e8re fond\u00e9e sur la qualit\u00e9 et la rentabilit\u00e9 des entreprises.<\/p>\n\n\n\n<p>Dans ce webinar, nous aborderons des \u00e9tudes de cas de soci\u00e9t\u00e9s que nous avons s\u00e9lectionn\u00e9es et qui r\u00e9pondent aux enjeux de demain.<\/p>\n\n\n\n<p>Parmi elles, certaines apportent des solutions innovantes et disruptives et s&rsquo;ouvrent \u00e0 des march\u00e9s \u00e0 forte croissance : la mobilit\u00e9 douce et propre ou le textile \u00e9co-responsable par exemple.<\/p>\n\n\n\n<p>Restant \u00e0 votre disposition,<\/p>\n\n\n\n<p>Delphine SELLIER<br><a href=\"mailto:events@clartan.com?subject=Conf%C3%A9rence%20Annuelle%20Digitale%20-%2009%2002%202021\" target=\"_blank\" rel=\"noreferrer noopener\">events@clartan.com<\/a><\/p>\n","protected":false},"excerpt":{"rendered":"<p>Clartan Associ\u00e9s et Ethos ont le plaisir de vous convier \u00e0 leur webinar. Vendredi 19 mars 2021 &#8211; 11h00 Investir dans la croissance responsable Inscrivez-vous pour y assister en direct ou pour recevoir le replay INSCRIPTION R\u00e9serv\u00e9 aux professionnels. \u00c0 fin d\u00e9cembre 2020, notre fonds Clartan Ethos ESG Europe Small &amp; Mid Cap, encore jeune, [&hellip;]<\/p>\n","protected":false},"author":1,"featured_media":0,"comment_status":"closed","ping_status":"closed","sticky":false,"template":"","format":"standard","meta":{"_acf_changed":false,"inline_featured_image":false,"footnotes":""},"categories":[5],"tags":[],"class_list":["post-864","post","type-post","status-publish","format-standard","hentry","category-actualites"],"acf":[],"yoast_head":"<!-- This site is optimized with the Yoast SEO Premium plugin v26.2 (Yoast SEO v27.4) - https:\/\/yoast.com\/product\/yoast-seo-premium-wordpress\/ -->\n<title>WEBINAR \u2013 19 mars 2021 \u2013 Investir dans la croissance responsable - Clartan Associ\u00e9s<\/title>\n<meta name=\"robots\" content=\"index, follow, max-snippet:-1, max-image-preview:large, max-video-preview:-1\" \/>\n<link rel=\"canonical\" href=\"https:\/\/clartan.com\/fr\/actualites\/webinar-19-mars-2021-investir-dans-la-croissance-responsable\/\" \/>\n<meta property=\"og:locale\" content=\"fr_FR\" \/>\n<meta property=\"og:type\" content=\"article\" \/>\n<meta property=\"og:title\" content=\"WEBINAR \u2013 19 mars 2021 \u2013 Investir dans la croissance responsable\" \/>\n<meta property=\"og:url\" content=\"https:\/\/clartan.com\/fr\/actualites\/webinar-19-mars-2021-investir-dans-la-croissance-responsable\/\" \/>\n<meta property=\"og:site_name\" content=\"Clartan Associ\u00e9s FR\" \/>\n<meta property=\"article:published_time\" content=\"2021-03-08T14:48:00+00:00\" \/>\n<meta property=\"article:modified_time\" content=\"2022-10-11T08:04:26+00:00\" \/>\n<meta property=\"og:image\" content=\"https:\/\/clartan.com\/fr\/wp-content\/uploads\/2026\/02\/clartan-associes.jpg\" \/>\n\t<meta property=\"og:image:width\" content=\"1200\" \/>\n\t<meta property=\"og:image:height\" content=\"675\" \/>\n\t<meta property=\"og:image:type\" content=\"image\/jpeg\" \/>\n<meta name=\"author\" content=\"do\" \/>\n<meta name=\"twitter:card\" content=\"summary_large_image\" \/>\n<script type=\"application\/ld+json\" class=\"yoast-schema-graph\">{\"@context\":\"https:\\\/\\\/schema.org\",\"@graph\":[{\"@type\":\"Article\",\"@id\":\"https:\\\/\\\/clartan.com\\\/fr\\\/actualites\\\/webinar-19-mars-2021-investir-dans-la-croissance-responsable\\\/#article\",\"isPartOf\":{\"@id\":\"https:\\\/\\\/clartan.com\\\/fr\\\/actualites\\\/webinar-19-mars-2021-investir-dans-la-croissance-responsable\\\/\"},\"author\":{\"name\":\"do\",\"@id\":\"https:\\\/\\\/clartan.com\\\/fr\\\/#\\\/schema\\\/person\\\/edd2584e8f878387a3307a1a5a91f652\"},\"headline\":\"WEBINAR \u2013 19 mars 2021 \u2013 Investir dans la croissance responsable\",\"datePublished\":\"2021-03-08T14:48:00+00:00\",\"dateModified\":\"2022-10-11T08:04:26+00:00\",\"mainEntityOfPage\":{\"@id\":\"https:\\\/\\\/clartan.com\\\/fr\\\/actualites\\\/webinar-19-mars-2021-investir-dans-la-croissance-responsable\\\/\"},\"wordCount\":170,\"publisher\":{\"@id\":\"https:\\\/\\\/clartan.com\\\/fr\\\/#organization\"},\"articleSection\":[\"Actualit\u00e9s\"],\"inLanguage\":\"fr-FR\"},{\"@type\":\"WebPage\",\"@id\":\"https:\\\/\\\/clartan.com\\\/fr\\\/actualites\\\/webinar-19-mars-2021-investir-dans-la-croissance-responsable\\\/\",\"url\":\"https:\\\/\\\/clartan.com\\\/fr\\\/actualites\\\/webinar-19-mars-2021-investir-dans-la-croissance-responsable\\\/\",\"name\":\"WEBINAR \u2013 19 mars 2021 \u2013 Investir dans la croissance responsable - Clartan Associ\u00e9s\",\"isPartOf\":{\"@id\":\"https:\\\/\\\/clartan.com\\\/fr\\\/#website\"},\"datePublished\":\"2021-03-08T14:48:00+00:00\",\"dateModified\":\"2022-10-11T08:04:26+00:00\",\"breadcrumb\":{\"@id\":\"https:\\\/\\\/clartan.com\\\/fr\\\/actualites\\\/webinar-19-mars-2021-investir-dans-la-croissance-responsable\\\/#breadcrumb\"},\"inLanguage\":\"fr-FR\",\"potentialAction\":[{\"@type\":\"ReadAction\",\"target\":[\"https:\\\/\\\/clartan.com\\\/fr\\\/actualites\\\/webinar-19-mars-2021-investir-dans-la-croissance-responsable\\\/\"]}]},{\"@type\":\"BreadcrumbList\",\"@id\":\"https:\\\/\\\/clartan.com\\\/fr\\\/actualites\\\/webinar-19-mars-2021-investir-dans-la-croissance-responsable\\\/#breadcrumb\",\"itemListElement\":[{\"@type\":\"ListItem\",\"position\":1,\"name\":\"Accueil\",\"item\":\"https:\\\/\\\/clartan.com\\\/fr\\\/\"},{\"@type\":\"ListItem\",\"position\":2,\"name\":\"WEBINAR \u2013 19 mars 2021 \u2013 Investir dans la croissance responsable\"}]},{\"@type\":\"WebSite\",\"@id\":\"https:\\\/\\\/clartan.com\\\/fr\\\/#website\",\"url\":\"https:\\\/\\\/clartan.com\\\/fr\\\/\",\"name\":\"Clartan Associ\u00e9s FR\",\"description\":\"Maison de Gestion ind\u00e9pendante\",\"publisher\":{\"@id\":\"https:\\\/\\\/clartan.com\\\/fr\\\/#organization\"},\"alternateName\":\"Clartan\",\"potentialAction\":[{\"@type\":\"SearchAction\",\"target\":{\"@type\":\"EntryPoint\",\"urlTemplate\":\"https:\\\/\\\/clartan.com\\\/fr\\\/?s={search_term_string}\"},\"query-input\":{\"@type\":\"PropertyValueSpecification\",\"valueRequired\":true,\"valueName\":\"search_term_string\"}}],\"inLanguage\":\"fr-FR\"},{\"@type\":\"Organization\",\"@id\":\"https:\\\/\\\/clartan.com\\\/fr\\\/#organization\",\"name\":\"Clartan Associ\u00e9s\",\"alternateName\":\"Clartan\",\"url\":\"https:\\\/\\\/clartan.com\\\/fr\\\/\",\"logo\":{\"@type\":\"ImageObject\",\"inLanguage\":\"fr-FR\",\"@id\":\"https:\\\/\\\/clartan.com\\\/fr\\\/#\\\/schema\\\/logo\\\/image\\\/\",\"url\":\"https:\\\/\\\/clartan.com\\\/fr\\\/wp-content\\\/uploads\\\/2025\\\/12\\\/Favicon-2.png\",\"contentUrl\":\"https:\\\/\\\/clartan.com\\\/fr\\\/wp-content\\\/uploads\\\/2025\\\/12\\\/Favicon-2.png\",\"width\":1024,\"height\":1024,\"caption\":\"Clartan Associ\u00e9s\"},\"image\":{\"@id\":\"https:\\\/\\\/clartan.com\\\/fr\\\/#\\\/schema\\\/logo\\\/image\\\/\"},\"sameAs\":[\"https:\\\/\\\/www.linkedin.com\\\/company\\\/clartan-associes\\\/\",\"https:\\\/\\\/www.youtube.com\\\/@clartanassocies3040\"],\"description\":\"Maison de gestion ind\u00e9pendante depuis 1986,\\u2028Clartan Associ\u00e9s met en \u0153uvre une gestion solide et \u00e9prouv\u00e9e, fond\u00e9e sur la coll\u00e9gialit\u00e9.\",\"email\":\"contact@clartan.com\",\"telephone\":\"+33 1 53 77 60 80\",\"legalName\":\"Clartan Associ\u00e9s\",\"foundingDate\":\"1986-12-01\",\"vatID\":\"FR18339485161\",\"taxID\":\"33948516100097\",\"leiCode\":\"969500AFMNSMC5R97K50\"},{\"@type\":\"Person\",\"@id\":\"https:\\\/\\\/clartan.com\\\/fr\\\/#\\\/schema\\\/person\\\/edd2584e8f878387a3307a1a5a91f652\",\"name\":\"do\",\"image\":{\"@type\":\"ImageObject\",\"inLanguage\":\"fr-FR\",\"@id\":\"https:\\\/\\\/secure.gravatar.com\\\/avatar\\\/9599b8ea11a34dbe3d1388029e2f1c6758f746b17ade3ccdb6cb201b8ea25da7?s=96&d=mm&r=g\",\"url\":\"https:\\\/\\\/secure.gravatar.com\\\/avatar\\\/9599b8ea11a34dbe3d1388029e2f1c6758f746b17ade3ccdb6cb201b8ea25da7?s=96&d=mm&r=g\",\"contentUrl\":\"https:\\\/\\\/secure.gravatar.com\\\/avatar\\\/9599b8ea11a34dbe3d1388029e2f1c6758f746b17ade3ccdb6cb201b8ea25da7?s=96&d=mm&r=g\",\"caption\":\"do\"}}]}<\/script>\n<!-- \/ Yoast SEO Premium plugin. -->","yoast_head_json":{"title":"WEBINAR \u2013 19 mars 2021 \u2013 Investir dans la croissance responsable - Clartan Associ\u00e9s","robots":{"index":"index","follow":"follow","max-snippet":"max-snippet:-1","max-image-preview":"max-image-preview:large","max-video-preview":"max-video-preview:-1"},"canonical":"https:\/\/clartan.com\/fr\/actualites\/webinar-19-mars-2021-investir-dans-la-croissance-responsable\/","og_locale":"fr_FR","og_type":"article","og_title":"WEBINAR \u2013 19 mars 2021 \u2013 Investir dans la croissance responsable","og_url":"https:\/\/clartan.com\/fr\/actualites\/webinar-19-mars-2021-investir-dans-la-croissance-responsable\/","og_site_name":"Clartan Associ\u00e9s FR","article_published_time":"2021-03-08T14:48:00+00:00","article_modified_time":"2022-10-11T08:04:26+00:00","og_image":[{"width":1200,"height":675,"url":"https:\/\/clartan.com\/fr\/wp-content\/uploads\/2026\/02\/clartan-associes.jpg","type":"image\/jpeg"}],"author":"do","twitter_card":"summary_large_image","schema":{"@context":"https:\/\/schema.org","@graph":[{"@type":"Article","@id":"https:\/\/clartan.com\/fr\/actualites\/webinar-19-mars-2021-investir-dans-la-croissance-responsable\/#article","isPartOf":{"@id":"https:\/\/clartan.com\/fr\/actualites\/webinar-19-mars-2021-investir-dans-la-croissance-responsable\/"},"author":{"name":"do","@id":"https:\/\/clartan.com\/fr\/#\/schema\/person\/edd2584e8f878387a3307a1a5a91f652"},"headline":"WEBINAR \u2013 19 mars 2021 \u2013 Investir dans la croissance responsable","datePublished":"2021-03-08T14:48:00+00:00","dateModified":"2022-10-11T08:04:26+00:00","mainEntityOfPage":{"@id":"https:\/\/clartan.com\/fr\/actualites\/webinar-19-mars-2021-investir-dans-la-croissance-responsable\/"},"wordCount":170,"publisher":{"@id":"https:\/\/clartan.com\/fr\/#organization"},"articleSection":["Actualit\u00e9s"],"inLanguage":"fr-FR"},{"@type":"WebPage","@id":"https:\/\/clartan.com\/fr\/actualites\/webinar-19-mars-2021-investir-dans-la-croissance-responsable\/","url":"https:\/\/clartan.com\/fr\/actualites\/webinar-19-mars-2021-investir-dans-la-croissance-responsable\/","name":"WEBINAR \u2013 19 mars 2021 \u2013 Investir dans la croissance responsable - Clartan Associ\u00e9s","isPartOf":{"@id":"https:\/\/clartan.com\/fr\/#website"},"datePublished":"2021-03-08T14:48:00+00:00","dateModified":"2022-10-11T08:04:26+00:00","breadcrumb":{"@id":"https:\/\/clartan.com\/fr\/actualites\/webinar-19-mars-2021-investir-dans-la-croissance-responsable\/#breadcrumb"},"inLanguage":"fr-FR","potentialAction":[{"@type":"ReadAction","target":["https:\/\/clartan.com\/fr\/actualites\/webinar-19-mars-2021-investir-dans-la-croissance-responsable\/"]}]},{"@type":"BreadcrumbList","@id":"https:\/\/clartan.com\/fr\/actualites\/webinar-19-mars-2021-investir-dans-la-croissance-responsable\/#breadcrumb","itemListElement":[{"@type":"ListItem","position":1,"name":"Accueil","item":"https:\/\/clartan.com\/fr\/"},{"@type":"ListItem","position":2,"name":"WEBINAR \u2013 19 mars 2021 \u2013 Investir dans la croissance responsable"}]},{"@type":"WebSite","@id":"https:\/\/clartan.com\/fr\/#website","url":"https:\/\/clartan.com\/fr\/","name":"Clartan Associ\u00e9s FR","description":"Maison de Gestion ind\u00e9pendante","publisher":{"@id":"https:\/\/clartan.com\/fr\/#organization"},"alternateName":"Clartan","potentialAction":[{"@type":"SearchAction","target":{"@type":"EntryPoint","urlTemplate":"https:\/\/clartan.com\/fr\/?s={search_term_string}"},"query-input":{"@type":"PropertyValueSpecification","valueRequired":true,"valueName":"search_term_string"}}],"inLanguage":"fr-FR"},{"@type":"Organization","@id":"https:\/\/clartan.com\/fr\/#organization","name":"Clartan Associ\u00e9s","alternateName":"Clartan","url":"https:\/\/clartan.com\/fr\/","logo":{"@type":"ImageObject","inLanguage":"fr-FR","@id":"https:\/\/clartan.com\/fr\/#\/schema\/logo\/image\/","url":"https:\/\/clartan.com\/fr\/wp-content\/uploads\/2025\/12\/Favicon-2.png","contentUrl":"https:\/\/clartan.com\/fr\/wp-content\/uploads\/2025\/12\/Favicon-2.png","width":1024,"height":1024,"caption":"Clartan Associ\u00e9s"},"image":{"@id":"https:\/\/clartan.com\/fr\/#\/schema\/logo\/image\/"},"sameAs":["https:\/\/www.linkedin.com\/company\/clartan-associes\/","https:\/\/www.youtube.com\/@clartanassocies3040"],"description":"Maison de gestion ind\u00e9pendante depuis 1986,\u2028Clartan Associ\u00e9s met en \u0153uvre une gestion solide et \u00e9prouv\u00e9e, fond\u00e9e sur la coll\u00e9gialit\u00e9.","email":"contact@clartan.com","telephone":"+33 1 53 77 60 80","legalName":"Clartan Associ\u00e9s","foundingDate":"1986-12-01","vatID":"FR18339485161","taxID":"33948516100097","leiCode":"969500AFMNSMC5R97K50"},{"@type":"Person","@id":"https:\/\/clartan.com\/fr\/#\/schema\/person\/edd2584e8f878387a3307a1a5a91f652","name":"do","image":{"@type":"ImageObject","inLanguage":"fr-FR","@id":"https:\/\/secure.gravatar.com\/avatar\/9599b8ea11a34dbe3d1388029e2f1c6758f746b17ade3ccdb6cb201b8ea25da7?s=96&d=mm&r=g","url":"https:\/\/secure.gravatar.com\/avatar\/9599b8ea11a34dbe3d1388029e2f1c6758f746b17ade3ccdb6cb201b8ea25da7?s=96&d=mm&r=g","contentUrl":"https:\/\/secure.gravatar.com\/avatar\/9599b8ea11a34dbe3d1388029e2f1c6758f746b17ade3ccdb6cb201b8ea25da7?s=96&d=mm&r=g","caption":"do"}}]}},"_links":{"self":[{"href":"https:\/\/clartan.com\/fr\/wp-json\/wp\/v2\/posts\/864","targetHints":{"allow":["GET"]}}],"collection":[{"href":"https:\/\/clartan.com\/fr\/wp-json\/wp\/v2\/posts"}],"about":[{"href":"https:\/\/clartan.com\/fr\/wp-json\/wp\/v2\/types\/post"}],"author":[{"embeddable":true,"href":"https:\/\/clartan.com\/fr\/wp-json\/wp\/v2\/users\/1"}],"replies":[{"embeddable":true,"href":"https:\/\/clartan.com\/fr\/wp-json\/wp\/v2\/comments?post=864"}],"version-history":[{"count":0,"href":"https:\/\/clartan.com\/fr\/wp-json\/wp\/v2\/posts\/864\/revisions"}],"wp:attachment":[{"href":"https:\/\/clartan.com\/fr\/wp-json\/wp\/v2\/media?parent=864"}],"wp:term":[{"taxonomy":"category","embeddable":true,"href":"https:\/\/clartan.com\/fr\/wp-json\/wp\/v2\/categories?post=864"},{"taxonomy":"post_tag","embeddable":true,"href":"https:\/\/clartan.com\/fr\/wp-json\/wp\/v2\/tags?post=864"}],"curies":[{"name":"wp","href":"https:\/\/api.w.org\/{rel}","templated":true}]}}