{"id":894,"date":"2020-10-15T16:03:00","date_gmt":"2020-10-15T14:03:00","guid":{"rendered":"http:\/\/staging-clartan.plp.fr\/fr\/?p=894"},"modified":"2022-10-11T10:03:14","modified_gmt":"2022-10-11T08:03:14","slug":"invitation-webinar-clartan-ethos-esg-06-nov-2020","status":"publish","type":"post","link":"https:\/\/clartan.com\/fr\/actualites\/invitation-webinar-clartan-ethos-esg-06-nov-2020\/","title":{"rendered":"Invitation Webinar Clartan-Ethos ESG &#8211; 06 nov. 2020"},"content":{"rendered":"\n<p>Le nouveau fonds Clartan-Ethos ESG Small &amp; Mid Cap investit dans des soci\u00e9t\u00e9s europ\u00e9ennes durables de capitalisations inf\u00e9rieures \u00e0 20 milliards d&rsquo;euros.<\/p>\n\n\n\n<p>Participez \u00e0 ce webinar le <strong>6 Novembre \u00e0 11h00<\/strong> pour en savoir plus sur la m\u00e9thode combin\u00e9e de Clartan Associ\u00e9s et d&rsquo;Ethos pour cr\u00e9er un portefeuille durable \u00ab\u00a0Quality &amp; Value\u00a0\u00bb.<\/p>\n\n\n\n<p>Inscrivez-vous en cliquant sur <a href=\"https:\/\/register.gotowebinar.com\/register\/4169092316401050124?mc_cid=58d23ccb5d&amp;mc_eid=%5bUNIQID%5d\">inscription<\/a><\/p>\n\n\n\n<figure class=\"wp-block-image\"><img decoding=\"async\" src=\"https:\/\/clartan.com\/sites\/default\/files\/image001_2.png\" alt=\"\" \/><\/figure>\n","protected":false},"excerpt":{"rendered":"<p>Le nouveau fonds Clartan-Ethos ESG Small &amp; Mid Cap investit dans des soci\u00e9t\u00e9s europ\u00e9ennes durables de capitalisations inf\u00e9rieures \u00e0 20 milliards d&rsquo;euros. Participez \u00e0 ce webinar le 6 Novembre \u00e0 11h00 pour en savoir plus sur la m\u00e9thode combin\u00e9e de Clartan Associ\u00e9s et d&rsquo;Ethos pour cr\u00e9er un portefeuille durable \u00ab\u00a0Quality &amp; Value\u00a0\u00bb. Inscrivez-vous en cliquant [&hellip;]<\/p>\n","protected":false},"author":1,"featured_media":0,"comment_status":"closed","ping_status":"closed","sticky":false,"template":"","format":"standard","meta":{"_acf_changed":false,"inline_featured_image":false,"footnotes":""},"categories":[5],"tags":[],"class_list":["post-894","post","type-post","status-publish","format-standard","hentry","category-actualites"],"acf":[],"yoast_head":"<!-- This site is optimized with the Yoast SEO Premium plugin v26.2 (Yoast SEO v27.4) - https:\/\/yoast.com\/product\/yoast-seo-premium-wordpress\/ -->\n<title>Invitation Webinar Clartan-Ethos ESG - 06 nov. 2020 - Clartan Associ\u00e9s<\/title>\n<meta name=\"robots\" content=\"index, follow, max-snippet:-1, max-image-preview:large, max-video-preview:-1\" \/>\n<link rel=\"canonical\" href=\"https:\/\/clartan.com\/fr\/actualites\/invitation-webinar-clartan-ethos-esg-06-nov-2020\/\" \/>\n<meta property=\"og:locale\" content=\"fr_FR\" \/>\n<meta property=\"og:type\" content=\"article\" \/>\n<meta property=\"og:title\" content=\"Invitation Webinar Clartan-Ethos ESG - 06 nov. 2020\" \/>\n<meta property=\"og:url\" content=\"https:\/\/clartan.com\/fr\/actualites\/invitation-webinar-clartan-ethos-esg-06-nov-2020\/\" \/>\n<meta property=\"og:site_name\" content=\"Clartan Associ\u00e9s FR\" \/>\n<meta property=\"article:published_time\" content=\"2020-10-15T14:03:00+00:00\" \/>\n<meta property=\"article:modified_time\" content=\"2022-10-11T08:03:14+00:00\" \/>\n<meta property=\"og:image\" content=\"https:\/\/clartan.com\/sites\/default\/files\/image001_2.png\" \/>\n<meta name=\"author\" content=\"do\" \/>\n<meta name=\"twitter:card\" content=\"summary_large_image\" \/>\n<script type=\"application\/ld+json\" class=\"yoast-schema-graph\">{\"@context\":\"https:\\\/\\\/schema.org\",\"@graph\":[{\"@type\":\"Article\",\"@id\":\"https:\\\/\\\/clartan.com\\\/fr\\\/actualites\\\/invitation-webinar-clartan-ethos-esg-06-nov-2020\\\/#article\",\"isPartOf\":{\"@id\":\"https:\\\/\\\/clartan.com\\\/fr\\\/actualites\\\/invitation-webinar-clartan-ethos-esg-06-nov-2020\\\/\"},\"author\":{\"name\":\"do\",\"@id\":\"https:\\\/\\\/clartan.com\\\/fr\\\/#\\\/schema\\\/person\\\/edd2584e8f878387a3307a1a5a91f652\"},\"headline\":\"Invitation Webinar Clartan-Ethos ESG &#8211; 06 nov. 2020\",\"datePublished\":\"2020-10-15T14:03:00+00:00\",\"dateModified\":\"2022-10-11T08:03:14+00:00\",\"mainEntityOfPage\":{\"@id\":\"https:\\\/\\\/clartan.com\\\/fr\\\/actualites\\\/invitation-webinar-clartan-ethos-esg-06-nov-2020\\\/\"},\"wordCount\":68,\"publisher\":{\"@id\":\"https:\\\/\\\/clartan.com\\\/fr\\\/#organization\"},\"image\":{\"@id\":\"https:\\\/\\\/clartan.com\\\/fr\\\/actualites\\\/invitation-webinar-clartan-ethos-esg-06-nov-2020\\\/#primaryimage\"},\"thumbnailUrl\":\"https:\\\/\\\/clartan.com\\\/sites\\\/default\\\/files\\\/image001_2.png\",\"articleSection\":[\"Actualit\u00e9s\"],\"inLanguage\":\"fr-FR\"},{\"@type\":\"WebPage\",\"@id\":\"https:\\\/\\\/clartan.com\\\/fr\\\/actualites\\\/invitation-webinar-clartan-ethos-esg-06-nov-2020\\\/\",\"url\":\"https:\\\/\\\/clartan.com\\\/fr\\\/actualites\\\/invitation-webinar-clartan-ethos-esg-06-nov-2020\\\/\",\"name\":\"Invitation Webinar Clartan-Ethos ESG - 06 nov. 2020 - Clartan Associ\u00e9s\",\"isPartOf\":{\"@id\":\"https:\\\/\\\/clartan.com\\\/fr\\\/#website\"},\"primaryImageOfPage\":{\"@id\":\"https:\\\/\\\/clartan.com\\\/fr\\\/actualites\\\/invitation-webinar-clartan-ethos-esg-06-nov-2020\\\/#primaryimage\"},\"image\":{\"@id\":\"https:\\\/\\\/clartan.com\\\/fr\\\/actualites\\\/invitation-webinar-clartan-ethos-esg-06-nov-2020\\\/#primaryimage\"},\"thumbnailUrl\":\"https:\\\/\\\/clartan.com\\\/sites\\\/default\\\/files\\\/image001_2.png\",\"datePublished\":\"2020-10-15T14:03:00+00:00\",\"dateModified\":\"2022-10-11T08:03:14+00:00\",\"breadcrumb\":{\"@id\":\"https:\\\/\\\/clartan.com\\\/fr\\\/actualites\\\/invitation-webinar-clartan-ethos-esg-06-nov-2020\\\/#breadcrumb\"},\"inLanguage\":\"fr-FR\",\"potentialAction\":[{\"@type\":\"ReadAction\",\"target\":[\"https:\\\/\\\/clartan.com\\\/fr\\\/actualites\\\/invitation-webinar-clartan-ethos-esg-06-nov-2020\\\/\"]}]},{\"@type\":\"ImageObject\",\"inLanguage\":\"fr-FR\",\"@id\":\"https:\\\/\\\/clartan.com\\\/fr\\\/actualites\\\/invitation-webinar-clartan-ethos-esg-06-nov-2020\\\/#primaryimage\",\"url\":\"https:\\\/\\\/clartan.com\\\/sites\\\/default\\\/files\\\/image001_2.png\",\"contentUrl\":\"https:\\\/\\\/clartan.com\\\/sites\\\/default\\\/files\\\/image001_2.png\"},{\"@type\":\"BreadcrumbList\",\"@id\":\"https:\\\/\\\/clartan.com\\\/fr\\\/actualites\\\/invitation-webinar-clartan-ethos-esg-06-nov-2020\\\/#breadcrumb\",\"itemListElement\":[{\"@type\":\"ListItem\",\"position\":1,\"name\":\"Accueil\",\"item\":\"https:\\\/\\\/clartan.com\\\/fr\\\/\"},{\"@type\":\"ListItem\",\"position\":2,\"name\":\"Invitation Webinar Clartan-Ethos ESG &#8211; 06 nov. 2020\"}]},{\"@type\":\"WebSite\",\"@id\":\"https:\\\/\\\/clartan.com\\\/fr\\\/#website\",\"url\":\"https:\\\/\\\/clartan.com\\\/fr\\\/\",\"name\":\"Clartan Associ\u00e9s FR\",\"description\":\"Maison de Gestion ind\u00e9pendante\",\"publisher\":{\"@id\":\"https:\\\/\\\/clartan.com\\\/fr\\\/#organization\"},\"alternateName\":\"Clartan\",\"potentialAction\":[{\"@type\":\"SearchAction\",\"target\":{\"@type\":\"EntryPoint\",\"urlTemplate\":\"https:\\\/\\\/clartan.com\\\/fr\\\/?s={search_term_string}\"},\"query-input\":{\"@type\":\"PropertyValueSpecification\",\"valueRequired\":true,\"valueName\":\"search_term_string\"}}],\"inLanguage\":\"fr-FR\"},{\"@type\":\"Organization\",\"@id\":\"https:\\\/\\\/clartan.com\\\/fr\\\/#organization\",\"name\":\"Clartan Associ\u00e9s\",\"alternateName\":\"Clartan\",\"url\":\"https:\\\/\\\/clartan.com\\\/fr\\\/\",\"logo\":{\"@type\":\"ImageObject\",\"inLanguage\":\"fr-FR\",\"@id\":\"https:\\\/\\\/clartan.com\\\/fr\\\/#\\\/schema\\\/logo\\\/image\\\/\",\"url\":\"https:\\\/\\\/clartan.com\\\/fr\\\/wp-content\\\/uploads\\\/2025\\\/12\\\/Favicon-2.png\",\"contentUrl\":\"https:\\\/\\\/clartan.com\\\/fr\\\/wp-content\\\/uploads\\\/2025\\\/12\\\/Favicon-2.png\",\"width\":1024,\"height\":1024,\"caption\":\"Clartan Associ\u00e9s\"},\"image\":{\"@id\":\"https:\\\/\\\/clartan.com\\\/fr\\\/#\\\/schema\\\/logo\\\/image\\\/\"},\"sameAs\":[\"https:\\\/\\\/www.linkedin.com\\\/company\\\/clartan-associes\\\/\",\"https:\\\/\\\/www.youtube.com\\\/@clartanassocies3040\"],\"description\":\"Maison de gestion ind\u00e9pendante depuis 1986,\\u2028Clartan Associ\u00e9s met en \u0153uvre une gestion solide et \u00e9prouv\u00e9e, fond\u00e9e sur la coll\u00e9gialit\u00e9.\",\"email\":\"contact@clartan.com\",\"telephone\":\"+33 1 53 77 60 80\",\"legalName\":\"Clartan Associ\u00e9s\",\"foundingDate\":\"1986-12-01\",\"vatID\":\"FR18339485161\",\"taxID\":\"33948516100097\",\"leiCode\":\"969500AFMNSMC5R97K50\"},{\"@type\":\"Person\",\"@id\":\"https:\\\/\\\/clartan.com\\\/fr\\\/#\\\/schema\\\/person\\\/edd2584e8f878387a3307a1a5a91f652\",\"name\":\"do\",\"image\":{\"@type\":\"ImageObject\",\"inLanguage\":\"fr-FR\",\"@id\":\"https:\\\/\\\/secure.gravatar.com\\\/avatar\\\/9599b8ea11a34dbe3d1388029e2f1c6758f746b17ade3ccdb6cb201b8ea25da7?s=96&d=mm&r=g\",\"url\":\"https:\\\/\\\/secure.gravatar.com\\\/avatar\\\/9599b8ea11a34dbe3d1388029e2f1c6758f746b17ade3ccdb6cb201b8ea25da7?s=96&d=mm&r=g\",\"contentUrl\":\"https:\\\/\\\/secure.gravatar.com\\\/avatar\\\/9599b8ea11a34dbe3d1388029e2f1c6758f746b17ade3ccdb6cb201b8ea25da7?s=96&d=mm&r=g\",\"caption\":\"do\"}}]}<\/script>\n<!-- \/ Yoast SEO Premium plugin. -->","yoast_head_json":{"title":"Invitation Webinar Clartan-Ethos ESG - 06 nov. 2020 - Clartan Associ\u00e9s","robots":{"index":"index","follow":"follow","max-snippet":"max-snippet:-1","max-image-preview":"max-image-preview:large","max-video-preview":"max-video-preview:-1"},"canonical":"https:\/\/clartan.com\/fr\/actualites\/invitation-webinar-clartan-ethos-esg-06-nov-2020\/","og_locale":"fr_FR","og_type":"article","og_title":"Invitation Webinar Clartan-Ethos ESG - 06 nov. 2020","og_url":"https:\/\/clartan.com\/fr\/actualites\/invitation-webinar-clartan-ethos-esg-06-nov-2020\/","og_site_name":"Clartan Associ\u00e9s FR","article_published_time":"2020-10-15T14:03:00+00:00","article_modified_time":"2022-10-11T08:03:14+00:00","og_image":[{"url":"https:\/\/clartan.com\/sites\/default\/files\/image001_2.png","type":"","width":"","height":""}],"author":"do","twitter_card":"summary_large_image","schema":{"@context":"https:\/\/schema.org","@graph":[{"@type":"Article","@id":"https:\/\/clartan.com\/fr\/actualites\/invitation-webinar-clartan-ethos-esg-06-nov-2020\/#article","isPartOf":{"@id":"https:\/\/clartan.com\/fr\/actualites\/invitation-webinar-clartan-ethos-esg-06-nov-2020\/"},"author":{"name":"do","@id":"https:\/\/clartan.com\/fr\/#\/schema\/person\/edd2584e8f878387a3307a1a5a91f652"},"headline":"Invitation Webinar Clartan-Ethos ESG &#8211; 06 nov. 2020","datePublished":"2020-10-15T14:03:00+00:00","dateModified":"2022-10-11T08:03:14+00:00","mainEntityOfPage":{"@id":"https:\/\/clartan.com\/fr\/actualites\/invitation-webinar-clartan-ethos-esg-06-nov-2020\/"},"wordCount":68,"publisher":{"@id":"https:\/\/clartan.com\/fr\/#organization"},"image":{"@id":"https:\/\/clartan.com\/fr\/actualites\/invitation-webinar-clartan-ethos-esg-06-nov-2020\/#primaryimage"},"thumbnailUrl":"https:\/\/clartan.com\/sites\/default\/files\/image001_2.png","articleSection":["Actualit\u00e9s"],"inLanguage":"fr-FR"},{"@type":"WebPage","@id":"https:\/\/clartan.com\/fr\/actualites\/invitation-webinar-clartan-ethos-esg-06-nov-2020\/","url":"https:\/\/clartan.com\/fr\/actualites\/invitation-webinar-clartan-ethos-esg-06-nov-2020\/","name":"Invitation Webinar Clartan-Ethos ESG - 06 nov. 2020 - Clartan Associ\u00e9s","isPartOf":{"@id":"https:\/\/clartan.com\/fr\/#website"},"primaryImageOfPage":{"@id":"https:\/\/clartan.com\/fr\/actualites\/invitation-webinar-clartan-ethos-esg-06-nov-2020\/#primaryimage"},"image":{"@id":"https:\/\/clartan.com\/fr\/actualites\/invitation-webinar-clartan-ethos-esg-06-nov-2020\/#primaryimage"},"thumbnailUrl":"https:\/\/clartan.com\/sites\/default\/files\/image001_2.png","datePublished":"2020-10-15T14:03:00+00:00","dateModified":"2022-10-11T08:03:14+00:00","breadcrumb":{"@id":"https:\/\/clartan.com\/fr\/actualites\/invitation-webinar-clartan-ethos-esg-06-nov-2020\/#breadcrumb"},"inLanguage":"fr-FR","potentialAction":[{"@type":"ReadAction","target":["https:\/\/clartan.com\/fr\/actualites\/invitation-webinar-clartan-ethos-esg-06-nov-2020\/"]}]},{"@type":"ImageObject","inLanguage":"fr-FR","@id":"https:\/\/clartan.com\/fr\/actualites\/invitation-webinar-clartan-ethos-esg-06-nov-2020\/#primaryimage","url":"https:\/\/clartan.com\/sites\/default\/files\/image001_2.png","contentUrl":"https:\/\/clartan.com\/sites\/default\/files\/image001_2.png"},{"@type":"BreadcrumbList","@id":"https:\/\/clartan.com\/fr\/actualites\/invitation-webinar-clartan-ethos-esg-06-nov-2020\/#breadcrumb","itemListElement":[{"@type":"ListItem","position":1,"name":"Accueil","item":"https:\/\/clartan.com\/fr\/"},{"@type":"ListItem","position":2,"name":"Invitation Webinar Clartan-Ethos ESG &#8211; 06 nov. 2020"}]},{"@type":"WebSite","@id":"https:\/\/clartan.com\/fr\/#website","url":"https:\/\/clartan.com\/fr\/","name":"Clartan Associ\u00e9s FR","description":"Maison de Gestion ind\u00e9pendante","publisher":{"@id":"https:\/\/clartan.com\/fr\/#organization"},"alternateName":"Clartan","potentialAction":[{"@type":"SearchAction","target":{"@type":"EntryPoint","urlTemplate":"https:\/\/clartan.com\/fr\/?s={search_term_string}"},"query-input":{"@type":"PropertyValueSpecification","valueRequired":true,"valueName":"search_term_string"}}],"inLanguage":"fr-FR"},{"@type":"Organization","@id":"https:\/\/clartan.com\/fr\/#organization","name":"Clartan Associ\u00e9s","alternateName":"Clartan","url":"https:\/\/clartan.com\/fr\/","logo":{"@type":"ImageObject","inLanguage":"fr-FR","@id":"https:\/\/clartan.com\/fr\/#\/schema\/logo\/image\/","url":"https:\/\/clartan.com\/fr\/wp-content\/uploads\/2025\/12\/Favicon-2.png","contentUrl":"https:\/\/clartan.com\/fr\/wp-content\/uploads\/2025\/12\/Favicon-2.png","width":1024,"height":1024,"caption":"Clartan Associ\u00e9s"},"image":{"@id":"https:\/\/clartan.com\/fr\/#\/schema\/logo\/image\/"},"sameAs":["https:\/\/www.linkedin.com\/company\/clartan-associes\/","https:\/\/www.youtube.com\/@clartanassocies3040"],"description":"Maison de gestion ind\u00e9pendante depuis 1986,\u2028Clartan Associ\u00e9s met en \u0153uvre une gestion solide et \u00e9prouv\u00e9e, fond\u00e9e sur la coll\u00e9gialit\u00e9.","email":"contact@clartan.com","telephone":"+33 1 53 77 60 80","legalName":"Clartan Associ\u00e9s","foundingDate":"1986-12-01","vatID":"FR18339485161","taxID":"33948516100097","leiCode":"969500AFMNSMC5R97K50"},{"@type":"Person","@id":"https:\/\/clartan.com\/fr\/#\/schema\/person\/edd2584e8f878387a3307a1a5a91f652","name":"do","image":{"@type":"ImageObject","inLanguage":"fr-FR","@id":"https:\/\/secure.gravatar.com\/avatar\/9599b8ea11a34dbe3d1388029e2f1c6758f746b17ade3ccdb6cb201b8ea25da7?s=96&d=mm&r=g","url":"https:\/\/secure.gravatar.com\/avatar\/9599b8ea11a34dbe3d1388029e2f1c6758f746b17ade3ccdb6cb201b8ea25da7?s=96&d=mm&r=g","contentUrl":"https:\/\/secure.gravatar.com\/avatar\/9599b8ea11a34dbe3d1388029e2f1c6758f746b17ade3ccdb6cb201b8ea25da7?s=96&d=mm&r=g","caption":"do"}}]}},"_links":{"self":[{"href":"https:\/\/clartan.com\/fr\/wp-json\/wp\/v2\/posts\/894","targetHints":{"allow":["GET"]}}],"collection":[{"href":"https:\/\/clartan.com\/fr\/wp-json\/wp\/v2\/posts"}],"about":[{"href":"https:\/\/clartan.com\/fr\/wp-json\/wp\/v2\/types\/post"}],"author":[{"embeddable":true,"href":"https:\/\/clartan.com\/fr\/wp-json\/wp\/v2\/users\/1"}],"replies":[{"embeddable":true,"href":"https:\/\/clartan.com\/fr\/wp-json\/wp\/v2\/comments?post=894"}],"version-history":[{"count":0,"href":"https:\/\/clartan.com\/fr\/wp-json\/wp\/v2\/posts\/894\/revisions"}],"wp:attachment":[{"href":"https:\/\/clartan.com\/fr\/wp-json\/wp\/v2\/media?parent=894"}],"wp:term":[{"taxonomy":"category","embeddable":true,"href":"https:\/\/clartan.com\/fr\/wp-json\/wp\/v2\/categories?post=894"},{"taxonomy":"post_tag","embeddable":true,"href":"https:\/\/clartan.com\/fr\/wp-json\/wp\/v2\/tags?post=894"}],"curies":[{"name":"wp","href":"https:\/\/api.w.org\/{rel}","templated":true}]}}