{"id":9410,"date":"2025-04-30T14:39:28","date_gmt":"2025-04-30T12:39:28","guid":{"rendered":"https:\/\/www.clartan.com\/fr\/?p=9410"},"modified":"2025-06-18T15:44:25","modified_gmt":"2025-06-18T13:44:25","slug":"aurore-sadoun-est-nommee-directrice-du-developpement-commercial-clientele-professionnelle","status":"publish","type":"post","link":"https:\/\/clartan.com\/fr\/actualites\/aurore-sadoun-est-nommee-directrice-du-developpement-commercial-clientele-professionnelle\/","title":{"rendered":"Aurore Sadoun est nomm\u00e9e Directrice du d\u00e9veloppement commercial client\u00e8le professionnelle"},"content":{"rendered":"\n<p class=\"has-large-font-size\">Clartan Associ\u00e9s annonce ce jour l&rsquo;arriv\u00e9e d&rsquo;<a href=\"https:\/\/www.linkedin.com\/in\/aurore-sadoun-curtil-30a196a3\/\">Aurore Sadoun<\/a> en tant que Directrice du d\u00e9veloppement commercial de la client\u00e8le professionnelle pour l&rsquo;Europe francophone.<\/p>\n\n\n\n<figure class=\"wp-block-image size-large\"><img loading=\"lazy\" decoding=\"async\" width=\"1036\" height=\"581\" src=\"https:\/\/clartan.com\/fr\/wp-content\/uploads\/2025\/04\/Aurore-Sadoun-site-1036x581.png\" alt=\"\" class=\"wp-image-9413\" srcset=\"https:\/\/clartan.com\/fr\/wp-content\/uploads\/2025\/04\/Aurore-Sadoun-site-1036x581.png 1036w, https:\/\/clartan.com\/fr\/wp-content\/uploads\/2025\/04\/Aurore-Sadoun-site-300x168.png 300w, https:\/\/clartan.com\/fr\/wp-content\/uploads\/2025\/04\/Aurore-Sadoun-site-768x431.png 768w, https:\/\/clartan.com\/fr\/wp-content\/uploads\/2025\/04\/Aurore-Sadoun-site.png 1286w\" sizes=\"(max-width: 1036px) 100vw, 1036px\" \/><\/figure>\n\n\n\n<p><em><br><\/em>Aurore Sadoun mettra au service de Clartan Associ\u00e9s son exp\u00e9rience commerciale afin de contribuer au d\u00e9veloppement de la soci\u00e9t\u00e9.<\/p>\n\n\n\n<p>Apr\u00e8s un d\u00e9but de carri\u00e8re dans les \u00e9quipes de vente et de gestion de BNP Paribas AM, Aurore Sadoun rejoint le service clients de Rothschild &amp; Co AM en 2019 o\u00f9 elle se consacre \u00e0 la client\u00e8le institutionnelle.<\/p>\n\n\n\n<p>Elle a particip\u00e9 \u00e0 partir de 2022 au lancement de la soci\u00e9t\u00e9 de gestion LONVIA Capital en tant qu&rsquo;Associ\u00e9e et Responsable de la Distribution France.<\/p>\n\n\n\n<p>Aurore est dipl\u00f4m\u00e9e du programme Grande Ecole de l&rsquo;Edhec Business School et est titulaire du Master de Droit des Affaires de l&rsquo;Universit\u00e9 Paris XII.<\/p>\n\n\n\n<p><\/p>\n\n\n\n<div class=\"wp-block-file is-style-file-theme-style-2\"><a id=\"wp-block-file--media-cbfa5640-ab0a-4c44-a5a0-d4bf37bb0374\" href=\"https:\/\/clartan.com\/fr\/wp-content\/uploads\/2025\/04\/2025-04-30-Communique-de-presse-Clartan-Nomination-Aurore-Sadoun-2.pdf\">2025 04 30 Communique\u0301 de presse Clartan Nomination Aurore Sadoun<\/a><\/div>\n\n\n\n<p><\/p>\n","protected":false},"excerpt":{"rendered":"<p>Clartan Associ\u00e9s annonce ce jour l&rsquo;arriv\u00e9e d&rsquo;Aurore Sadoun en tant que Directrice du d\u00e9veloppement commercial de la client\u00e8le professionnelle pour l&rsquo;Europe francophone.<\/p>\n","protected":false},"author":15,"featured_media":9414,"comment_status":"closed","ping_status":"closed","sticky":false,"template":"","format":"standard","meta":{"_acf_changed":false,"inline_featured_image":false,"footnotes":""},"categories":[5],"tags":[],"class_list":["post-9410","post","type-post","status-publish","format-standard","has-post-thumbnail","hentry","category-actualites"],"acf":[],"yoast_head":"<!-- This site is optimized with the Yoast SEO Premium plugin v26.2 (Yoast SEO v27.4) - https:\/\/yoast.com\/product\/yoast-seo-premium-wordpress\/ -->\n<title>Aurore Sadoun est nomm\u00e9e Directrice du d\u00e9veloppement commercial client\u00e8le professionnelle - Clartan Associ\u00e9s<\/title>\n<meta name=\"robots\" content=\"index, follow, max-snippet:-1, max-image-preview:large, max-video-preview:-1\" \/>\n<link rel=\"canonical\" href=\"https:\/\/clartan.com\/fr\/actualites\/aurore-sadoun-est-nommee-directrice-du-developpement-commercial-clientele-professionnelle\/\" \/>\n<meta property=\"og:locale\" content=\"fr_FR\" \/>\n<meta property=\"og:type\" content=\"article\" \/>\n<meta property=\"og:title\" content=\"Aurore Sadoun est nomm\u00e9e Directrice du d\u00e9veloppement commercial client\u00e8le professionnelle\" \/>\n<meta property=\"og:url\" content=\"https:\/\/clartan.com\/fr\/actualites\/aurore-sadoun-est-nommee-directrice-du-developpement-commercial-clientele-professionnelle\/\" \/>\n<meta property=\"og:site_name\" content=\"Clartan Associ\u00e9s FR\" \/>\n<meta property=\"article:published_time\" content=\"2025-04-30T12:39:28+00:00\" \/>\n<meta property=\"article:modified_time\" content=\"2025-06-18T13:44:25+00:00\" \/>\n<meta property=\"og:image\" content=\"https:\/\/clartan.com\/fr\/wp-content\/uploads\/2025\/04\/Aurore-Sadoun-site-1.png\" \/>\n\t<meta property=\"og:image:width\" content=\"1286\" \/>\n\t<meta property=\"og:image:height\" content=\"721\" \/>\n\t<meta property=\"og:image:type\" content=\"image\/png\" \/>\n<meta name=\"author\" content=\"Sophie\" \/>\n<meta name=\"twitter:card\" content=\"summary_large_image\" \/>\n<script type=\"application\/ld+json\" class=\"yoast-schema-graph\">{\"@context\":\"https:\\\/\\\/schema.org\",\"@graph\":[{\"@type\":\"Article\",\"@id\":\"https:\\\/\\\/clartan.com\\\/fr\\\/actualites\\\/aurore-sadoun-est-nommee-directrice-du-developpement-commercial-clientele-professionnelle\\\/#article\",\"isPartOf\":{\"@id\":\"https:\\\/\\\/clartan.com\\\/fr\\\/actualites\\\/aurore-sadoun-est-nommee-directrice-du-developpement-commercial-clientele-professionnelle\\\/\"},\"author\":{\"name\":\"Sophie\",\"@id\":\"https:\\\/\\\/clartan.com\\\/fr\\\/#\\\/schema\\\/person\\\/5b0a848be03f8399376e8fbb59bf90cb\"},\"headline\":\"Aurore Sadoun est nomm\u00e9e Directrice du d\u00e9veloppement commercial client\u00e8le professionnelle\",\"datePublished\":\"2025-04-30T12:39:28+00:00\",\"dateModified\":\"2025-06-18T13:44:25+00:00\",\"mainEntityOfPage\":{\"@id\":\"https:\\\/\\\/clartan.com\\\/fr\\\/actualites\\\/aurore-sadoun-est-nommee-directrice-du-developpement-commercial-clientele-professionnelle\\\/\"},\"wordCount\":166,\"publisher\":{\"@id\":\"https:\\\/\\\/clartan.com\\\/fr\\\/#organization\"},\"image\":{\"@id\":\"https:\\\/\\\/clartan.com\\\/fr\\\/actualites\\\/aurore-sadoun-est-nommee-directrice-du-developpement-commercial-clientele-professionnelle\\\/#primaryimage\"},\"thumbnailUrl\":\"https:\\\/\\\/clartan.com\\\/fr\\\/wp-content\\\/uploads\\\/2025\\\/04\\\/Aurore-Sadoun-site-1.png\",\"articleSection\":[\"Actualit\u00e9s\"],\"inLanguage\":\"fr-FR\"},{\"@type\":\"WebPage\",\"@id\":\"https:\\\/\\\/clartan.com\\\/fr\\\/actualites\\\/aurore-sadoun-est-nommee-directrice-du-developpement-commercial-clientele-professionnelle\\\/\",\"url\":\"https:\\\/\\\/clartan.com\\\/fr\\\/actualites\\\/aurore-sadoun-est-nommee-directrice-du-developpement-commercial-clientele-professionnelle\\\/\",\"name\":\"Aurore Sadoun est nomm\u00e9e Directrice du d\u00e9veloppement commercial client\u00e8le professionnelle - Clartan Associ\u00e9s\",\"isPartOf\":{\"@id\":\"https:\\\/\\\/clartan.com\\\/fr\\\/#website\"},\"primaryImageOfPage\":{\"@id\":\"https:\\\/\\\/clartan.com\\\/fr\\\/actualites\\\/aurore-sadoun-est-nommee-directrice-du-developpement-commercial-clientele-professionnelle\\\/#primaryimage\"},\"image\":{\"@id\":\"https:\\\/\\\/clartan.com\\\/fr\\\/actualites\\\/aurore-sadoun-est-nommee-directrice-du-developpement-commercial-clientele-professionnelle\\\/#primaryimage\"},\"thumbnailUrl\":\"https:\\\/\\\/clartan.com\\\/fr\\\/wp-content\\\/uploads\\\/2025\\\/04\\\/Aurore-Sadoun-site-1.png\",\"datePublished\":\"2025-04-30T12:39:28+00:00\",\"dateModified\":\"2025-06-18T13:44:25+00:00\",\"breadcrumb\":{\"@id\":\"https:\\\/\\\/clartan.com\\\/fr\\\/actualites\\\/aurore-sadoun-est-nommee-directrice-du-developpement-commercial-clientele-professionnelle\\\/#breadcrumb\"},\"inLanguage\":\"fr-FR\",\"potentialAction\":[{\"@type\":\"ReadAction\",\"target\":[\"https:\\\/\\\/clartan.com\\\/fr\\\/actualites\\\/aurore-sadoun-est-nommee-directrice-du-developpement-commercial-clientele-professionnelle\\\/\"]}]},{\"@type\":\"ImageObject\",\"inLanguage\":\"fr-FR\",\"@id\":\"https:\\\/\\\/clartan.com\\\/fr\\\/actualites\\\/aurore-sadoun-est-nommee-directrice-du-developpement-commercial-clientele-professionnelle\\\/#primaryimage\",\"url\":\"https:\\\/\\\/clartan.com\\\/fr\\\/wp-content\\\/uploads\\\/2025\\\/04\\\/Aurore-Sadoun-site-1.png\",\"contentUrl\":\"https:\\\/\\\/clartan.com\\\/fr\\\/wp-content\\\/uploads\\\/2025\\\/04\\\/Aurore-Sadoun-site-1.png\",\"width\":1286,\"height\":721},{\"@type\":\"BreadcrumbList\",\"@id\":\"https:\\\/\\\/clartan.com\\\/fr\\\/actualites\\\/aurore-sadoun-est-nommee-directrice-du-developpement-commercial-clientele-professionnelle\\\/#breadcrumb\",\"itemListElement\":[{\"@type\":\"ListItem\",\"position\":1,\"name\":\"Accueil\",\"item\":\"https:\\\/\\\/clartan.com\\\/fr\\\/\"},{\"@type\":\"ListItem\",\"position\":2,\"name\":\"Aurore Sadoun est nomm\u00e9e Directrice du d\u00e9veloppement commercial client\u00e8le professionnelle\"}]},{\"@type\":\"WebSite\",\"@id\":\"https:\\\/\\\/clartan.com\\\/fr\\\/#website\",\"url\":\"https:\\\/\\\/clartan.com\\\/fr\\\/\",\"name\":\"Clartan Associ\u00e9s FR\",\"description\":\"Maison de Gestion ind\u00e9pendante\",\"publisher\":{\"@id\":\"https:\\\/\\\/clartan.com\\\/fr\\\/#organization\"},\"alternateName\":\"Clartan\",\"potentialAction\":[{\"@type\":\"SearchAction\",\"target\":{\"@type\":\"EntryPoint\",\"urlTemplate\":\"https:\\\/\\\/clartan.com\\\/fr\\\/?s={search_term_string}\"},\"query-input\":{\"@type\":\"PropertyValueSpecification\",\"valueRequired\":true,\"valueName\":\"search_term_string\"}}],\"inLanguage\":\"fr-FR\"},{\"@type\":\"Organization\",\"@id\":\"https:\\\/\\\/clartan.com\\\/fr\\\/#organization\",\"name\":\"Clartan Associ\u00e9s\",\"alternateName\":\"Clartan\",\"url\":\"https:\\\/\\\/clartan.com\\\/fr\\\/\",\"logo\":{\"@type\":\"ImageObject\",\"inLanguage\":\"fr-FR\",\"@id\":\"https:\\\/\\\/clartan.com\\\/fr\\\/#\\\/schema\\\/logo\\\/image\\\/\",\"url\":\"https:\\\/\\\/clartan.com\\\/fr\\\/wp-content\\\/uploads\\\/2025\\\/12\\\/Favicon-2.png\",\"contentUrl\":\"https:\\\/\\\/clartan.com\\\/fr\\\/wp-content\\\/uploads\\\/2025\\\/12\\\/Favicon-2.png\",\"width\":1024,\"height\":1024,\"caption\":\"Clartan Associ\u00e9s\"},\"image\":{\"@id\":\"https:\\\/\\\/clartan.com\\\/fr\\\/#\\\/schema\\\/logo\\\/image\\\/\"},\"sameAs\":[\"https:\\\/\\\/www.linkedin.com\\\/company\\\/clartan-associes\\\/\",\"https:\\\/\\\/www.youtube.com\\\/@clartanassocies3040\"],\"description\":\"Maison de gestion ind\u00e9pendante depuis 1986,\\u2028Clartan Associ\u00e9s met en \u0153uvre une gestion solide et \u00e9prouv\u00e9e, fond\u00e9e sur la coll\u00e9gialit\u00e9.\",\"email\":\"contact@clartan.com\",\"telephone\":\"+33 1 53 77 60 80\",\"legalName\":\"Clartan Associ\u00e9s\",\"foundingDate\":\"1986-12-01\",\"vatID\":\"FR18339485161\",\"taxID\":\"33948516100097\",\"leiCode\":\"969500AFMNSMC5R97K50\"},{\"@type\":\"Person\",\"@id\":\"https:\\\/\\\/clartan.com\\\/fr\\\/#\\\/schema\\\/person\\\/5b0a848be03f8399376e8fbb59bf90cb\",\"name\":\"Sophie\",\"image\":{\"@type\":\"ImageObject\",\"inLanguage\":\"fr-FR\",\"@id\":\"https:\\\/\\\/secure.gravatar.com\\\/avatar\\\/00f2e5924c86259cdbce9edce46f009708e6e0fa4faa309b09d86782f06f725b?s=96&d=mm&r=g\",\"url\":\"https:\\\/\\\/secure.gravatar.com\\\/avatar\\\/00f2e5924c86259cdbce9edce46f009708e6e0fa4faa309b09d86782f06f725b?s=96&d=mm&r=g\",\"contentUrl\":\"https:\\\/\\\/secure.gravatar.com\\\/avatar\\\/00f2e5924c86259cdbce9edce46f009708e6e0fa4faa309b09d86782f06f725b?s=96&d=mm&r=g\",\"caption\":\"Sophie\"}}]}<\/script>\n<!-- \/ Yoast SEO Premium plugin. -->","yoast_head_json":{"title":"Aurore Sadoun est nomm\u00e9e Directrice du d\u00e9veloppement commercial client\u00e8le professionnelle - Clartan Associ\u00e9s","robots":{"index":"index","follow":"follow","max-snippet":"max-snippet:-1","max-image-preview":"max-image-preview:large","max-video-preview":"max-video-preview:-1"},"canonical":"https:\/\/clartan.com\/fr\/actualites\/aurore-sadoun-est-nommee-directrice-du-developpement-commercial-clientele-professionnelle\/","og_locale":"fr_FR","og_type":"article","og_title":"Aurore Sadoun est nomm\u00e9e Directrice du d\u00e9veloppement commercial client\u00e8le professionnelle","og_url":"https:\/\/clartan.com\/fr\/actualites\/aurore-sadoun-est-nommee-directrice-du-developpement-commercial-clientele-professionnelle\/","og_site_name":"Clartan Associ\u00e9s FR","article_published_time":"2025-04-30T12:39:28+00:00","article_modified_time":"2025-06-18T13:44:25+00:00","og_image":[{"width":1286,"height":721,"url":"https:\/\/clartan.com\/fr\/wp-content\/uploads\/2025\/04\/Aurore-Sadoun-site-1.png","type":"image\/png"}],"author":"Sophie","twitter_card":"summary_large_image","schema":{"@context":"https:\/\/schema.org","@graph":[{"@type":"Article","@id":"https:\/\/clartan.com\/fr\/actualites\/aurore-sadoun-est-nommee-directrice-du-developpement-commercial-clientele-professionnelle\/#article","isPartOf":{"@id":"https:\/\/clartan.com\/fr\/actualites\/aurore-sadoun-est-nommee-directrice-du-developpement-commercial-clientele-professionnelle\/"},"author":{"name":"Sophie","@id":"https:\/\/clartan.com\/fr\/#\/schema\/person\/5b0a848be03f8399376e8fbb59bf90cb"},"headline":"Aurore Sadoun est nomm\u00e9e Directrice du d\u00e9veloppement commercial client\u00e8le professionnelle","datePublished":"2025-04-30T12:39:28+00:00","dateModified":"2025-06-18T13:44:25+00:00","mainEntityOfPage":{"@id":"https:\/\/clartan.com\/fr\/actualites\/aurore-sadoun-est-nommee-directrice-du-developpement-commercial-clientele-professionnelle\/"},"wordCount":166,"publisher":{"@id":"https:\/\/clartan.com\/fr\/#organization"},"image":{"@id":"https:\/\/clartan.com\/fr\/actualites\/aurore-sadoun-est-nommee-directrice-du-developpement-commercial-clientele-professionnelle\/#primaryimage"},"thumbnailUrl":"https:\/\/clartan.com\/fr\/wp-content\/uploads\/2025\/04\/Aurore-Sadoun-site-1.png","articleSection":["Actualit\u00e9s"],"inLanguage":"fr-FR"},{"@type":"WebPage","@id":"https:\/\/clartan.com\/fr\/actualites\/aurore-sadoun-est-nommee-directrice-du-developpement-commercial-clientele-professionnelle\/","url":"https:\/\/clartan.com\/fr\/actualites\/aurore-sadoun-est-nommee-directrice-du-developpement-commercial-clientele-professionnelle\/","name":"Aurore Sadoun est nomm\u00e9e Directrice du d\u00e9veloppement commercial client\u00e8le professionnelle - Clartan Associ\u00e9s","isPartOf":{"@id":"https:\/\/clartan.com\/fr\/#website"},"primaryImageOfPage":{"@id":"https:\/\/clartan.com\/fr\/actualites\/aurore-sadoun-est-nommee-directrice-du-developpement-commercial-clientele-professionnelle\/#primaryimage"},"image":{"@id":"https:\/\/clartan.com\/fr\/actualites\/aurore-sadoun-est-nommee-directrice-du-developpement-commercial-clientele-professionnelle\/#primaryimage"},"thumbnailUrl":"https:\/\/clartan.com\/fr\/wp-content\/uploads\/2025\/04\/Aurore-Sadoun-site-1.png","datePublished":"2025-04-30T12:39:28+00:00","dateModified":"2025-06-18T13:44:25+00:00","breadcrumb":{"@id":"https:\/\/clartan.com\/fr\/actualites\/aurore-sadoun-est-nommee-directrice-du-developpement-commercial-clientele-professionnelle\/#breadcrumb"},"inLanguage":"fr-FR","potentialAction":[{"@type":"ReadAction","target":["https:\/\/clartan.com\/fr\/actualites\/aurore-sadoun-est-nommee-directrice-du-developpement-commercial-clientele-professionnelle\/"]}]},{"@type":"ImageObject","inLanguage":"fr-FR","@id":"https:\/\/clartan.com\/fr\/actualites\/aurore-sadoun-est-nommee-directrice-du-developpement-commercial-clientele-professionnelle\/#primaryimage","url":"https:\/\/clartan.com\/fr\/wp-content\/uploads\/2025\/04\/Aurore-Sadoun-site-1.png","contentUrl":"https:\/\/clartan.com\/fr\/wp-content\/uploads\/2025\/04\/Aurore-Sadoun-site-1.png","width":1286,"height":721},{"@type":"BreadcrumbList","@id":"https:\/\/clartan.com\/fr\/actualites\/aurore-sadoun-est-nommee-directrice-du-developpement-commercial-clientele-professionnelle\/#breadcrumb","itemListElement":[{"@type":"ListItem","position":1,"name":"Accueil","item":"https:\/\/clartan.com\/fr\/"},{"@type":"ListItem","position":2,"name":"Aurore Sadoun est nomm\u00e9e Directrice du d\u00e9veloppement commercial client\u00e8le professionnelle"}]},{"@type":"WebSite","@id":"https:\/\/clartan.com\/fr\/#website","url":"https:\/\/clartan.com\/fr\/","name":"Clartan Associ\u00e9s FR","description":"Maison de Gestion ind\u00e9pendante","publisher":{"@id":"https:\/\/clartan.com\/fr\/#organization"},"alternateName":"Clartan","potentialAction":[{"@type":"SearchAction","target":{"@type":"EntryPoint","urlTemplate":"https:\/\/clartan.com\/fr\/?s={search_term_string}"},"query-input":{"@type":"PropertyValueSpecification","valueRequired":true,"valueName":"search_term_string"}}],"inLanguage":"fr-FR"},{"@type":"Organization","@id":"https:\/\/clartan.com\/fr\/#organization","name":"Clartan Associ\u00e9s","alternateName":"Clartan","url":"https:\/\/clartan.com\/fr\/","logo":{"@type":"ImageObject","inLanguage":"fr-FR","@id":"https:\/\/clartan.com\/fr\/#\/schema\/logo\/image\/","url":"https:\/\/clartan.com\/fr\/wp-content\/uploads\/2025\/12\/Favicon-2.png","contentUrl":"https:\/\/clartan.com\/fr\/wp-content\/uploads\/2025\/12\/Favicon-2.png","width":1024,"height":1024,"caption":"Clartan Associ\u00e9s"},"image":{"@id":"https:\/\/clartan.com\/fr\/#\/schema\/logo\/image\/"},"sameAs":["https:\/\/www.linkedin.com\/company\/clartan-associes\/","https:\/\/www.youtube.com\/@clartanassocies3040"],"description":"Maison de gestion ind\u00e9pendante depuis 1986,\u2028Clartan Associ\u00e9s met en \u0153uvre une gestion solide et \u00e9prouv\u00e9e, fond\u00e9e sur la coll\u00e9gialit\u00e9.","email":"contact@clartan.com","telephone":"+33 1 53 77 60 80","legalName":"Clartan Associ\u00e9s","foundingDate":"1986-12-01","vatID":"FR18339485161","taxID":"33948516100097","leiCode":"969500AFMNSMC5R97K50"},{"@type":"Person","@id":"https:\/\/clartan.com\/fr\/#\/schema\/person\/5b0a848be03f8399376e8fbb59bf90cb","name":"Sophie","image":{"@type":"ImageObject","inLanguage":"fr-FR","@id":"https:\/\/secure.gravatar.com\/avatar\/00f2e5924c86259cdbce9edce46f009708e6e0fa4faa309b09d86782f06f725b?s=96&d=mm&r=g","url":"https:\/\/secure.gravatar.com\/avatar\/00f2e5924c86259cdbce9edce46f009708e6e0fa4faa309b09d86782f06f725b?s=96&d=mm&r=g","contentUrl":"https:\/\/secure.gravatar.com\/avatar\/00f2e5924c86259cdbce9edce46f009708e6e0fa4faa309b09d86782f06f725b?s=96&d=mm&r=g","caption":"Sophie"}}]}},"_links":{"self":[{"href":"https:\/\/clartan.com\/fr\/wp-json\/wp\/v2\/posts\/9410","targetHints":{"allow":["GET"]}}],"collection":[{"href":"https:\/\/clartan.com\/fr\/wp-json\/wp\/v2\/posts"}],"about":[{"href":"https:\/\/clartan.com\/fr\/wp-json\/wp\/v2\/types\/post"}],"author":[{"embeddable":true,"href":"https:\/\/clartan.com\/fr\/wp-json\/wp\/v2\/users\/15"}],"replies":[{"embeddable":true,"href":"https:\/\/clartan.com\/fr\/wp-json\/wp\/v2\/comments?post=9410"}],"version-history":[{"count":7,"href":"https:\/\/clartan.com\/fr\/wp-json\/wp\/v2\/posts\/9410\/revisions"}],"predecessor-version":[{"id":9442,"href":"https:\/\/clartan.com\/fr\/wp-json\/wp\/v2\/posts\/9410\/revisions\/9442"}],"wp:featuredmedia":[{"embeddable":true,"href":"https:\/\/clartan.com\/fr\/wp-json\/wp\/v2\/media\/9414"}],"wp:attachment":[{"href":"https:\/\/clartan.com\/fr\/wp-json\/wp\/v2\/media?parent=9410"}],"wp:term":[{"taxonomy":"category","embeddable":true,"href":"https:\/\/clartan.com\/fr\/wp-json\/wp\/v2\/categories?post=9410"},{"taxonomy":"post_tag","embeddable":true,"href":"https:\/\/clartan.com\/fr\/wp-json\/wp\/v2\/tags?post=9410"}],"curies":[{"name":"wp","href":"https:\/\/api.w.org\/{rel}","templated":true}]}}